{"id":815,"date":"2025-02-16T20:33:26","date_gmt":"2025-02-16T20:33:26","guid":{"rendered":"https:\/\/bilgitarif.com\/yeni\/?p=815"},"modified":"2025-02-16T20:33:26","modified_gmt":"2025-02-16T20:33:26","slug":"2-aylik-evliyim-esim-asker-uzman-cavus","status":"publish","type":"post","link":"https:\/\/bilgitarif.com\/yeni\/2-aylik-evliyim-esim-asker-uzman-cavus\/","title":{"rendered":"2 ayl\u0131k evliyim e\u015fim asker uzman \u00e7avu\u015f"},"content":{"rendered":"\n\t\t<style type=\"text\/css\">\n\t\t\t#gallery-1 {\n\t\t\t\tmargin: auto;\n\t\t\t}\n\t\t\t#gallery-1 .gallery-item {\n\t\t\t\tfloat: left;\n\t\t\t\tmargin-top: 10px;\n\t\t\t\ttext-align: center;\n\t\t\t\twidth: 33%;\n\t\t\t}\n\t\t\t#gallery-1 img {\n\t\t\t\tborder: 2px solid #cfcfcf;\n\t\t\t}\n\t\t\t#gallery-1 .gallery-caption {\n\t\t\t\tmargin-left: 0;\n\t\t\t}\n\t\t\t\/* see gallery_shortcode() in wp-includes\/media.php *\/\n\t\t<\/style>\n\t\t<div id='gallery-1' class='gallery galleryid-815 gallery-columns-3 gallery-size-thumbnail'><dl class='gallery-item'>\n\t\t\t<dt class='gallery-icon landscape'>\n\t\t\t\t<a href='https:\/\/bilgitarif.com\/yeni\/2-aylik-evliyim-esim-asker-uzman-cavus\/2-aylik-evliyim-esim-asker-uzman-cavus\/'><img loading=\"lazy\" decoding=\"async\" width=\"150\" height=\"150\" src=\"https:\/\/bilgitarif.com\/yeni\/wp-content\/uploads\/2025\/02\/2-aylik-evliyim-esim-asker-uzman-cavus-150x150.jpeg\" class=\"attachment-thumbnail size-thumbnail\" alt=\"\" aria-describedby=\"gallery-1-816\" \/><\/a>\n\t\t\t<\/dt>\n\t\t\t\t<dd class='wp-caption-text gallery-caption' id='gallery-1-816'>\n\t\t\t\t2 ayl\u0131k evliyim e\u015fim asker eksper \u00e7avu\u015f. Annemle kal\u0131yorum babam yok. E\u015fim gelip gidiyor s\u0131k olmasada. E\u015fimin ailesi ile g\u00f6r\u00fcsm\u00fcyorum ilk ailelerin tan\u0131\u015fma g\u00fcn\u00fcnde ablas\u0131 surat\u0131m\u0131za bakmad\u0131 selam bile vermedi cekti gitti sebep yok. \u0130lk o g\u00fcnden ablas\u0131n\u0131 sildim esasen tan\u0131mak bile istemedim sakin sevin\u00e7li biriyim genede sayg\u0131s\u0131zl\u0131k yapmad\u0131m. Ard\u0131ndan annesi ni\u015fan\u0131mda bile k\u0131yafetimde kar\u0131\u015ft\u0131 e\u015fim ise \u00f6yle \u015feyler yapt\u0131 ki..\n\n\n\t\t\t\t<\/dd><\/dl><dl class='gallery-item'>\n\t\t\t<dt class='gallery-icon portrait'>\n\t\t\t\t<a href='https:\/\/bilgitarif.com\/yeni\/2-aylik-evliyim-esim-asker-uzman-cavus\/cvc-7\/'><img loading=\"lazy\" decoding=\"async\" width=\"150\" height=\"150\" src=\"https:\/\/bilgitarif.com\/yeni\/wp-content\/uploads\/2025\/02\/cvc-4-150x150.jpg\" class=\"attachment-thumbnail size-thumbnail\" alt=\"\" aria-describedby=\"gallery-1-817\" \/><\/a>\n\t\t\t<\/dt>\n\t\t\t\t<dd class='wp-caption-text gallery-caption' id='gallery-1-817'>\n\t\t\t\tArd\u0131ndan annesi ni\u015fan\u0131mda bile k\u0131yafetimde kar\u0131\u015ft\u0131 e\u015fim izin vermedi. \u0130steme g\u00fcn\u00fcnde mutfaga gelip kahveye tuz koyma oglu\u015fum hasta olur gibi sacma sapan konustu sustum e\u015fim gene izin vermedi oturttu yerine. Ge\u00e7ti\u011fimiz ramazan bayram\u0131nda annemle evlerine gittik b\u00fcy\u00fcklerimiz diye onlar\u0131n gelmesi gerekirken genede insanl\u0131k bizde kals\u0131n dedik kap\u0131dan girer girmez ben seninle konusm\u0131yorum niye k\u0131z\u0131m\u0131n elini \u00f6pmedin gibi sacma sapan konustu kaynana. K\u0131z\u0131da o surat\u0131m\u0131za bakmayan. Yeter bundan sonra dedim inan\u0131n buraya yazmad\u0131g\u0131m yazam\u0131yacag\u0131m daha cok cok \u00e7ok \u015fey var da en basitleri \u015funlar \u00f6yle s\u00f6yliyim. Yinede ses c\u0131kartmad\u0131m en son gelin alma g\u00fcn\u00fc gelmediler pic gibi yetim gibi e\u015fim tek bas\u0131na c\u0131kartt\u0131 bide kendi akrabalar\u0131m ne anas\u0131 ne babas\u0131 ne abileri ne ablalar\u0131 hic biri gelmedi. Annemin sekeri c\u0131kt\u0131 zor sakinlestirdik neyse dedik d\u00fcg\u00fcn g\u00fcn\u00fc dedik gene sustuk ancak bundan sonra hic bi sekilde ne ar\u0131yorum ne soruyorum hakl\u0131 oldugumu d\u00fcs\u00fcn\u00fcyorum e\u015fimde hak sa\u011fl\u0131yor ama baz\u0131 durumlarda fark ediyorum g\u00f6r\u00fcsmemi istiyor s\u00f6yleyemiyor bana cunku biliyor onlar\u0131n y\u00fcz\u00fcnden hep aram\u0131zda mesele c\u0131k\u0131yor yoksa hep e\u015fimle..\n\u00c7unku biliyor onlar\u0131n y\u00fcz\u00fcnden hep aram\u0131zda mesele c\u0131k\u0131yor yoksa hep iyiyz esimle hic bir meseleumuz yok ama ailesinin hususu ac\u0131ld\u0131g\u0131 an birbirimize giriyoruz. Bu hususta mutsuzum ailem olsunlar istedim evlat g\u00f6rs\u00fcnler istedim hic bisey yapmad\u0131g\u0131m durumda bana neler yapt\u0131lar.. baz\u0131 durumlarda diyorum babam yok diye bana bu t\u00fcr davran\u0131yorlar. Ezdirmiyorum kendimi genede.. yaln\u0131zca paylasmak istedim .. sa\u011folun okudugunuz icin\n\n\n\t\t\t\t<\/dd><\/dl>\n\t\t\t<br style='clear: both' \/>\n\t\t<\/div>\n\n","protected":false},"excerpt":{"rendered":"","protected":false},"author":1,"featured_media":816,"comment_status":"open","ping_status":"open","sticky":false,"template":"","format":"standard","meta":{"footnotes":""},"categories":[9],"tags":[],"class_list":["post-815","post","type-post","status-publish","format-standard","has-post-thumbnail","hentry","category-foto-galeri"],"_links":{"self":[{"href":"https:\/\/bilgitarif.com\/yeni\/wp-json\/wp\/v2\/posts\/815","targetHints":{"allow":["GET"]}}],"collection":[{"href":"https:\/\/bilgitarif.com\/yeni\/wp-json\/wp\/v2\/posts"}],"about":[{"href":"https:\/\/bilgitarif.com\/yeni\/wp-json\/wp\/v2\/types\/post"}],"author":[{"embeddable":true,"href":"https:\/\/bilgitarif.com\/yeni\/wp-json\/wp\/v2\/users\/1"}],"replies":[{"embeddable":true,"href":"https:\/\/bilgitarif.com\/yeni\/wp-json\/wp\/v2\/comments?post=815"}],"version-history":[{"count":1,"href":"https:\/\/bilgitarif.com\/yeni\/wp-json\/wp\/v2\/posts\/815\/revisions"}],"predecessor-version":[{"id":818,"href":"https:\/\/bilgitarif.com\/yeni\/wp-json\/wp\/v2\/posts\/815\/revisions\/818"}],"wp:featuredmedia":[{"embeddable":true,"href":"https:\/\/bilgitarif.com\/yeni\/wp-json\/wp\/v2\/media\/816"}],"wp:attachment":[{"href":"https:\/\/bilgitarif.com\/yeni\/wp-json\/wp\/v2\/media?parent=815"}],"wp:term":[{"taxonomy":"category","embeddable":true,"href":"https:\/\/bilgitarif.com\/yeni\/wp-json\/wp\/v2\/categories?post=815"},{"taxonomy":"post_tag","embeddable":true,"href":"https:\/\/bilgitarif.com\/yeni\/wp-json\/wp\/v2\/tags?post=815"}],"curies":[{"name":"wp","href":"https:\/\/api.w.org\/{rel}","templated":true}]}}