{"id":789,"date":"2025-02-16T20:08:28","date_gmt":"2025-02-16T20:08:28","guid":{"rendered":"https:\/\/bilgitarif.com\/yeni\/?p=789"},"modified":"2025-02-16T20:08:28","modified_gmt":"2025-02-16T20:08:28","slug":"cevriyenin-trajedi-hayati","status":"publish","type":"post","link":"https:\/\/bilgitarif.com\/yeni\/cevriyenin-trajedi-hayati\/","title":{"rendered":"Cevriye&#8217;nin Trajedi Hayat\u0131"},"content":{"rendered":"\n\t\t<style type=\"text\/css\">\n\t\t\t#gallery-1 {\n\t\t\t\tmargin: auto;\n\t\t\t}\n\t\t\t#gallery-1 .gallery-item {\n\t\t\t\tfloat: left;\n\t\t\t\tmargin-top: 10px;\n\t\t\t\ttext-align: center;\n\t\t\t\twidth: 33%;\n\t\t\t}\n\t\t\t#gallery-1 img {\n\t\t\t\tborder: 2px solid #cfcfcf;\n\t\t\t}\n\t\t\t#gallery-1 .gallery-caption {\n\t\t\t\tmargin-left: 0;\n\t\t\t}\n\t\t\t\/* see gallery_shortcode() in wp-includes\/media.php *\/\n\t\t<\/style>\n\t\t<div id='gallery-1' class='gallery galleryid-789 gallery-columns-3 gallery-size-thumbnail'><dl class='gallery-item'>\n\t\t\t<dt class='gallery-icon landscape'>\n\t\t\t\t<a href='https:\/\/bilgitarif.com\/yeni\/cevriyenin-trajedi-hayati\/cevriyenin-trajedi-hayati\/'><img loading=\"lazy\" decoding=\"async\" width=\"150\" height=\"150\" src=\"https:\/\/bilgitarif.com\/yeni\/wp-content\/uploads\/2025\/02\/Cevriyenin-Trajedi-Hayati-150x150.jpg\" class=\"attachment-thumbnail size-thumbnail\" alt=\"\" aria-describedby=\"gallery-1-790\" \/><\/a>\n\t\t\t<\/dt>\n\t\t\t\t<dd class='wp-caption-text gallery-caption' id='gallery-1-790'>\n\t\t\t\tHer g\u00fcn bir ya da birka\u00e7 adamla e\u015f g\u00fcd\u00fcml\u00fc olur, ya\u015fam\u0131n\u0131 kazanmaktad\u0131r.Yine bu t\u00fcr bir g\u00fcn e\u015f g\u00fcd\u00fcml\u00fc bulundu\u011fu adam do\u011frultusundan \u00e7ok k\u00f6t\u00fc d\u00f6v\u00fclerek gecenin bir %50 sinde soka\u011fa at\u0131l\u0131r.\n\nBayg\u0131n bir vaziyette kald\u0131r\u0131mda yatarken bir adam bunu fark eder ..\n\nve yard\u0131mc\u0131 olmak amac\u0131yla kald\u0131rmaya \u00e7al\u0131\u015f\u0131r.Cevriye bayg\u0131nd\u0131r,her yeri yara bere i\u00e7ersindedir, adam Cevriyeyi kuca\u011f\u0131na al\u0131r evine g\u00f6t\u00fcr\u00fcr.\n\nAdam\u0131n evi tek oda ve bir mutfak ve banyolu k\u00fc\u00e7\u00fck bir bekar evidir.\n\nOdan\u0131n bir k\u00f6\u015fesinde tek ki\u015filik bir yatak , pencere kenar\u0131nda k\u00fc\u00e7\u00fck bir \u00e7al\u0131\u015fma masas\u0131 ve sandalye, masan\u0131n \u00fcst\u00fcnde kitaplar, kalemler birde daktilo ve ka\u011f\u0131tlar bulunmaktad\u0131r.\n\nAdam kendi yata\u011f\u0131na Cevriye yi yat\u0131r\u0131r kendisi de masada uyuklar.\n\nSabah olur adam kalkar bir \u00e7orba yapar eczanden ila\u00e7la merhem al\u0131r Cevriye yi kald\u0131r\u0131r.Cevriye uyan\u0131p kendisine gelir tan\u0131mad\u0131\u011f\u0131 bir adam ve bilmedi\u011fi bir evde bulmu\u015ftur kendini.\n\nAdam , l\u00fctfen rahat olun, korkmay\u0131n der.\n\nBen sizi d\u00fcn gece kald\u0131r\u0131mda yatarken buldum , durumunuz iyi de\u011fildi al\u0131p evime getirdim \u00e7orba pi\u015firdim , \u00e7orban\u0131z\u0131 amac\u0131yla sonrada yaralar\u0131n\u0131za merhem s\u00fcrelim der.\n\nCevriye \u00e7o\u011fu erkek tan\u0131m\u0131\u015ft\u0131r hi\u00e7 bir erkek, babas\u0131 ve erkek karde\u015fleri dahi kendisine bu t\u00fcr sevecen ve kibar davranmam\u0131\u015ft\u0131r. Adamdan etkilenmeye ba\u015flam\u0131\u015ft\u0131r.\n\t\t\t\t<\/dd><\/dl><dl class='gallery-item'>\n\t\t\t<dt class='gallery-icon portrait'>\n\t\t\t\t<a href='https:\/\/bilgitarif.com\/yeni\/cevriyenin-trajedi-hayati\/cv-13\/'><img loading=\"lazy\" decoding=\"async\" width=\"150\" height=\"150\" src=\"https:\/\/bilgitarif.com\/yeni\/wp-content\/uploads\/2025\/02\/cv-8-150x150.jpg\" class=\"attachment-thumbnail size-thumbnail\" alt=\"\" aria-describedby=\"gallery-1-791\" \/><\/a>\n\t\t\t<\/dt>\n\t\t\t\t<dd class='wp-caption-text gallery-caption' id='gallery-1-791'>\n\t\t\t\tBirka\u00e7 g\u00fcn daha o evde adamla kalm\u0131\u015f, adam kendisine yemekler pi\u015firmi\u015f yaralar\u0131na merhem s\u00fcr\u00fcp ila\u00e7lar i\u00e7irip iyile\u015fmesini sa\u011flam\u0131\u015ft\u0131r\n\nBir g\u00fcn adam d\u0131\u015far\u0131 \u00e7\u0131km\u0131\u015f Cevriye evde kalm\u0131\u015ft\u0131r. Masan\u0131n \u00fcst\u00fcndeki kitaplara bakar , daktilo ile yaz\u0131lanlar\u0131 okur, yaz\u0131lanlar \u00e7ok ho\u015funa gider\n\nbaya\u011f\u0131 etkilenir. Bunlar\u0131 o yazm\u0131\u015f olmal\u0131, ne kadar duygulu \u015feyler yazm\u0131\u015f, ne kadar ince ruhlu birisi diye d\u00fc\u015f\u00fcn\u00fcr.Bug\u00fcne kadar tan\u0131d\u0131\u011f\u0131 erkeklerden \u00e7ok de\u011fi\u015fik \u00fcstelikte baya yak\u0131\u015f\u0131kl\u0131 ve \u00e7ekici diye d\u00fc\u015f\u00fcn\u00fcr.\n\nCevriye i\u00e7ersinden kendi kendisine ne o adama a\u015f\u0131k m\u0131 oluyorum yoksa der.\n\nA\u015f\u0131k olsam da oda beni sever mi ki der.\n\nB\u00f6yle d\u00fc\u015f\u00fcnceler i\u00e7ersinde iken ak\u015fam olmak \u00fczeredir adam hala gelmemi\u015ftir, adam\u0131 merak etmeye ba\u015flam\u0131\u015ft\u0131r.Kendi kendisine m\u0131r\u0131ldanarak ilk defa bir erke\u011fi bu t\u00fcr merak ediyorum, a\u015fk bumu acaba der .\n\nCevriye bu hisler i\u00e7ersinde iken kap\u0131 a\u00e7\u0131l\u0131r gelen o adamd\u0131r. Tela\u015fl\u0131 bir \u015fekilde selam verip i\u00e7eri giren adam valizini \u00e7\u0131kar\u0131p e\u015fyalar\u0131n\u0131 amac\u0131ylae koymaya ba\u015flar.\n\nCevriye sorar ne o acilen bir yere mi gideceksin nedir bu tela\u015f\u0131n\n\nAdam evet gidiyorum bir daha g\u00f6r\u00fc\u015femeyiz belki der.\nCevriye nereye diye sorar\n\nAdam \u00e7ok uzaklara diye yan\u0131t verir.\n\nCevriye ya ben ne olaca\u011f\u0131m diye sorar.\n\nAdam ben bu evin bir ayl\u0131k kiras\u0131n\u0131 vermi\u015ftim istersen bir ay burada kalabilirsin der.\n\nAdam valizin toplam\u0131\u015ft\u0131r tela\u015fl\u0131 bir \u015fekilde kap\u0131ya do\u011fru y\u00f6nelir\n\n\u201cCevriye ye ho\u015f\u00e7a kal k\u00fc\u00e7\u00fc\u011f\u00fcm kendisine iyi bak\u201d der ve kap\u0131da \u00e7\u0131k\u0131p merdivenlerden s\u00fcratle inerek soka\u011fa \u00e7\u0131kar, Cevriye pencereden adam\u0131n arkas\u0131ndan sokaktan kaybolana kadar \u00fczg\u00fcn g\u00f6zlerle bakar.\n\nCevriye hi\u00e7 bu kadar kendin yaln\u0131z hissetmemi\u015ftir, ya\u015fam\u0131nda hi\u00e7 bir erkek kendisini bu kadar etkilememi\u015ftir.\n\nB\u00f6yle kederler i\u00e7ersinde ak\u015fam yeme\u011fi bile yemeden yata\u011f\u0131n amac\u0131ylae a\u011flayarak sabah\u0131 zor etmi\u015ftir\u2026\n\nCevriye bundan sonra iyile\u015fti\u011fini ait bulundu\u011fu \u0130stanbul sokaklar\u0131na geri d\u00f6nmesi gereklili\u011fini d\u00fc\u015f\u00fcnerek evden \u00e7\u0131kar Tarlaba\u015f\u0131ndan Taksime do\u011fru y\u00fcr\u00fcy\u00fcp Emek sinemas\u0131n yan\u0131ndaki kitap\u00e7\u0131n\u0131n \u00f6n\u00fcnden ge\u00e7erken g\u00f6z\u00fc gazete standlar\u0131na tak\u0131l\u0131r.\nGazetenin birisinde o adam\u0131n \u00e7ok b\u00fcy\u00fckte bir resminin g\u00f6r\u00fcp tam sayfa Vatan Haini NAZIM H\u0130KMET Rusya ya Firar etti yaz\u0131s\u0131n\u0131 okur ve bulundu\u011fu yere \u00e7\u00f6k\u00fcp kal\u0131r\u2026\n\nHikaye bu t\u00fcr bitiyor\u2026ANCAK;\n\nFosforlu Cevriye nin yazar\u0131 Suat Dervi\u015f bu Roman\u0131nda insan sevgisinin toplum d\u0131\u015f\u0131na itilmi\u015f bir fahi\u015feyi nas\u0131l de\u011fi\u015ftirdi\u011fini ba\u015far\u0131 ile anlat\u0131r. Bu Romanda as\u0131l merak edilen ki\u015fi, eserin ana kahraman\u0131 adamd\u0131r.\n\nAd\u0131 bile bilinmeyen bu esrarengiz ki\u015fi, yeralt\u0131nda ka\u00e7ak ya\u015fam s\u00fcrd\u00fcren bir devrimci, aranan siyasal bir su\u00e7ludur. Hayatta kalmak amac\u0131yla fahi\u015felik yapan Cevriye\u2019ye ya\u015fam\u0131nda hi\u00e7bir erkek, kendisine siz diyen, sayg\u0131 g\u00f6steren bu adam gibi davranmam\u0131\u015ft\u0131r.\n\nBaz\u0131 incelemeciler bu adam\u0131n Naz\u0131m Hikmet bulundu\u011funu s\u00f6ylese de Zihni Anadol, \u201cHay\u0131r, Naz\u0131m Hikmet de\u011fildi, Re\u015fat Fuat Baraner\u2019di. Vaka ger\u00e7ekti.\n\nSuat ablan\u0131n bizlere s\u00f6yledi\u011fi bir ger\u00e7ektir\u201d demektedir.\n\nOlsun ha NAZIM olmu\u015f\n\nha RE\u015eAT olmu\u015f..\n\nHer g\u00fcn bir KADINIMIZIN k\u00f6r bir b\u0131\u00e7a\u011fa k\u00f6r bir kur\u015funa gitti\u011fi bu zamanlarda \u00f6zledi\u011fimiz bir ERKEK de\u011fil mi..\n\nDEL\u0130KANLI..\n\nADAM..\n\nKad\u0131n\u0131n ET\u0130N\u0130N pe\u015finde olmayan..\n\nY\u00fcre\u011fi olan ADAMLARDAN de\u011fil mi..\n\n\n\t\t\t\t<\/dd><\/dl>\n\t\t\t<br style='clear: both' \/>\n\t\t<\/div>\n\n","protected":false},"excerpt":{"rendered":"","protected":false},"author":1,"featured_media":790,"comment_status":"open","ping_status":"open","sticky":false,"template":"","format":"standard","meta":{"footnotes":""},"categories":[9],"tags":[],"class_list":["post-789","post","type-post","status-publish","format-standard","has-post-thumbnail","hentry","category-foto-galeri"],"_links":{"self":[{"href":"https:\/\/bilgitarif.com\/yeni\/wp-json\/wp\/v2\/posts\/789","targetHints":{"allow":["GET"]}}],"collection":[{"href":"https:\/\/bilgitarif.com\/yeni\/wp-json\/wp\/v2\/posts"}],"about":[{"href":"https:\/\/bilgitarif.com\/yeni\/wp-json\/wp\/v2\/types\/post"}],"author":[{"embeddable":true,"href":"https:\/\/bilgitarif.com\/yeni\/wp-json\/wp\/v2\/users\/1"}],"replies":[{"embeddable":true,"href":"https:\/\/bilgitarif.com\/yeni\/wp-json\/wp\/v2\/comments?post=789"}],"version-history":[{"count":1,"href":"https:\/\/bilgitarif.com\/yeni\/wp-json\/wp\/v2\/posts\/789\/revisions"}],"predecessor-version":[{"id":792,"href":"https:\/\/bilgitarif.com\/yeni\/wp-json\/wp\/v2\/posts\/789\/revisions\/792"}],"wp:featuredmedia":[{"embeddable":true,"href":"https:\/\/bilgitarif.com\/yeni\/wp-json\/wp\/v2\/media\/790"}],"wp:attachment":[{"href":"https:\/\/bilgitarif.com\/yeni\/wp-json\/wp\/v2\/media?parent=789"}],"wp:term":[{"taxonomy":"category","embeddable":true,"href":"https:\/\/bilgitarif.com\/yeni\/wp-json\/wp\/v2\/categories?post=789"},{"taxonomy":"post_tag","embeddable":true,"href":"https:\/\/bilgitarif.com\/yeni\/wp-json\/wp\/v2\/tags?post=789"}],"curies":[{"name":"wp","href":"https:\/\/api.w.org\/{rel}","templated":true}]}}