{"id":645,"date":"2025-02-14T08:49:14","date_gmt":"2025-02-14T08:49:14","guid":{"rendered":"https:\/\/bilgitarif.com\/yeni\/?p=645"},"modified":"2025-03-07T20:38:30","modified_gmt":"2025-03-07T20:38:30","slug":"yayini-terketti","status":"publish","type":"post","link":"https:\/\/bilgitarif.com\/yeni\/yayini-terketti\/","title":{"rendered":"Yay\u0131n\u0131 Terketti"},"content":{"rendered":"\n\t\t<style type=\"text\/css\">\n\t\t\t#gallery-1 {\n\t\t\t\tmargin: auto;\n\t\t\t}\n\t\t\t#gallery-1 .gallery-item {\n\t\t\t\tfloat: left;\n\t\t\t\tmargin-top: 10px;\n\t\t\t\ttext-align: center;\n\t\t\t\twidth: 33%;\n\t\t\t}\n\t\t\t#gallery-1 img {\n\t\t\t\tborder: 2px solid #cfcfcf;\n\t\t\t}\n\t\t\t#gallery-1 .gallery-caption {\n\t\t\t\tmargin-left: 0;\n\t\t\t}\n\t\t\t\/* see gallery_shortcode() in wp-includes\/media.php *\/\n\t\t<\/style>\n\t\t<div id='gallery-1' class='gallery galleryid-645 gallery-columns-3 gallery-size-thumbnail'><dl class='gallery-item'>\n\t\t\t<dt class='gallery-icon landscape'>\n\t\t\t\t<a href='https:\/\/bilgitarif.com\/yeni\/yayini-terketti\/aranan-fatih-aydin\/'><img loading=\"lazy\" decoding=\"async\" width=\"150\" height=\"150\" src=\"https:\/\/bilgitarif.com\/yeni\/wp-content\/uploads\/2025\/02\/Aranan-Fatih-Aydin--150x150.jpg\" class=\"attachment-thumbnail size-thumbnail\" alt=\"\" aria-describedby=\"gallery-1-646\" \/><\/a>\n\t\t\t<\/dt>\n\t\t\t\t<dd class='wp-caption-text gallery-caption' id='gallery-1-646'>\n\t\t\t\tEsra Erol\u2019da aranan Fatih\u2019e ne bulundu\u011fu her bireyin merak etti\u011fi bir husus idi Bug\u00fcn Esra Erol program\u0131nda her\u015fey a\u00e7\u0131k a\u00e7\u0131k yay\u0131nland\u0131 Annenin ne yapt\u0131\u011f\u0131 ve b\u00fct\u00fcn detaylar meydana \u00e7\u0131kt\u0131.\n\t\t\t\t<\/dd><\/dl><dl class='gallery-item'>\n\t\t\t<dt class='gallery-icon landscape'>\n\t\t\t\t<a href='https:\/\/bilgitarif.com\/yeni\/yayini-terketti\/cv-7\/'><img loading=\"lazy\" decoding=\"async\" width=\"150\" height=\"150\" src=\"https:\/\/bilgitarif.com\/yeni\/wp-content\/uploads\/2025\/02\/cv-4-150x150.jpg\" class=\"attachment-thumbnail size-thumbnail\" alt=\"\" aria-describedby=\"gallery-1-647\" \/><\/a>\n\t\t\t<\/dt>\n\t\t\t\t<dd class='wp-caption-text gallery-caption' id='gallery-1-647'>\n\t\t\t\tEsra Erol program\u0131nda bug\u00fcn ya\u015fananlar g\u00fcndem oldu. Kendisine temizlik i\u015fi ayarlad\u0131\u011f\u0131n\u0131 dile getiren \u015fah\u0131s ile uzun uzun telefon g\u00f6r\u00fc\u015fmeleri ku\u015fkuyi o \u015fahsa y\u00f6neltti. \u0130smi geride b\u0131rakt\u0131\u011f\u0131m\u0131z \u015fah\u0131s ile ilgili \u00e7o\u011fu ihbar ya\u011fd\u0131. Ya\u011fan ihbarlar ciddi boyutlardayd\u0131. Rabi yay\u0131nda sinirlenerek yay\u0131n\u0131 terk etti. \u0130lk defa bu kadar ciddi bir geli\u015fme ya\u015fand\u0131. Ad\u0131 geride b\u0131rakt\u0131\u011f\u0131m\u0131z \u015fah\u0131s ise canl\u0131 yay\u0131na ba\u011flanarak kendini savundu. Ama ku\u015fku oklar\u0131 \u00fczerinde. Temizlik \u015firketi olmad\u0131\u011f\u0131 meydana \u00e7\u0131kt\u0131 ve Rabia\u2019n\u0131n Fatih kaybolduktan sonra devaml\u0131 bu \u015fah\u0131s ile g\u00f6r\u00fc\u015fmesi b\u00fcy\u00fck ku\u015fku uyand\u0131rd\u0131.\n\n\n\t\t\t\t<\/dd><\/dl>\n\t\t\t<br style='clear: both' \/>\n\t\t<\/div>\n\n","protected":false},"excerpt":{"rendered":"","protected":false},"author":1,"featured_media":646,"comment_status":"open","ping_status":"open","sticky":false,"template":"","format":"standard","meta":{"footnotes":""},"categories":[9],"tags":[],"class_list":["post-645","post","type-post","status-publish","format-standard","has-post-thumbnail","hentry","category-foto-galeri"],"_links":{"self":[{"href":"https:\/\/bilgitarif.com\/yeni\/wp-json\/wp\/v2\/posts\/645","targetHints":{"allow":["GET"]}}],"collection":[{"href":"https:\/\/bilgitarif.com\/yeni\/wp-json\/wp\/v2\/posts"}],"about":[{"href":"https:\/\/bilgitarif.com\/yeni\/wp-json\/wp\/v2\/types\/post"}],"author":[{"embeddable":true,"href":"https:\/\/bilgitarif.com\/yeni\/wp-json\/wp\/v2\/users\/1"}],"replies":[{"embeddable":true,"href":"https:\/\/bilgitarif.com\/yeni\/wp-json\/wp\/v2\/comments?post=645"}],"version-history":[{"count":2,"href":"https:\/\/bilgitarif.com\/yeni\/wp-json\/wp\/v2\/posts\/645\/revisions"}],"predecessor-version":[{"id":1493,"href":"https:\/\/bilgitarif.com\/yeni\/wp-json\/wp\/v2\/posts\/645\/revisions\/1493"}],"wp:featuredmedia":[{"embeddable":true,"href":"https:\/\/bilgitarif.com\/yeni\/wp-json\/wp\/v2\/media\/646"}],"wp:attachment":[{"href":"https:\/\/bilgitarif.com\/yeni\/wp-json\/wp\/v2\/media?parent=645"}],"wp:term":[{"taxonomy":"category","embeddable":true,"href":"https:\/\/bilgitarif.com\/yeni\/wp-json\/wp\/v2\/categories?post=645"},{"taxonomy":"post_tag","embeddable":true,"href":"https:\/\/bilgitarif.com\/yeni\/wp-json\/wp\/v2\/tags?post=645"}],"curies":[{"name":"wp","href":"https:\/\/api.w.org\/{rel}","templated":true}]}}