{"id":6102,"date":"2026-04-29T22:28:46","date_gmt":"2026-04-29T22:28:46","guid":{"rendered":"https:\/\/bilgitarif.com\/yeni\/?p=6102"},"modified":"2026-04-29T22:28:46","modified_gmt":"2026-04-29T22:28:46","slug":"her-gun-40-kilogram-et-alan-70-yasindaki-kadin","status":"publish","type":"post","link":"https:\/\/bilgitarif.com\/yeni\/her-gun-40-kilogram-et-alan-70-yasindaki-kadin\/","title":{"rendered":"Her G\u00fcn 40 Kilogram Et Alan 70 Ya\u015f\u0131ndaki Kad\u0131n"},"content":{"rendered":"\n\t\t<style type=\"text\/css\">\n\t\t\t#gallery-1 {\n\t\t\t\tmargin: auto;\n\t\t\t}\n\t\t\t#gallery-1 .gallery-item {\n\t\t\t\tfloat: left;\n\t\t\t\tmargin-top: 10px;\n\t\t\t\ttext-align: center;\n\t\t\t\twidth: 33%;\n\t\t\t}\n\t\t\t#gallery-1 img {\n\t\t\t\tborder: 2px solid #cfcfcf;\n\t\t\t}\n\t\t\t#gallery-1 .gallery-caption {\n\t\t\t\tmargin-left: 0;\n\t\t\t}\n\t\t\t\/* see gallery_shortcode() in wp-includes\/media.php *\/\n\t\t<\/style>\n\t\t<div id='gallery-1' class='gallery galleryid-6102 gallery-columns-3 gallery-size-thumbnail'><dl class='gallery-item'>\n\t\t\t<dt class='gallery-icon portrait'>\n\t\t\t\t<a href='https:\/\/bilgitarif.com\/yeni\/her-gun-40-kilogram-et-alan-70-yasindaki-kadin\/sas\/'><img loading=\"lazy\" decoding=\"async\" width=\"150\" height=\"150\" src=\"https:\/\/bilgitarif.com\/yeni\/wp-content\/uploads\/2026\/04\/sas-150x150.jpg\" class=\"attachment-thumbnail size-thumbnail\" alt=\"\" aria-describedby=\"gallery-1-6103\" \/><\/a>\n\t\t\t<\/dt>\n\t\t\t\t<dd class='wp-caption-text gallery-caption' id='gallery-1-6103'>\n\t\t\t\tHer sabah, g\u00fcn\u00fcn ilk \u0131\u015f\u0131klar\u0131yla birlikte, 70 ya\u015f\u0131ndaki emekli kad\u0131n, al\u0131\u015fveri\u015f listesi olmadan, et d\u00fckkan\u0131n\u0131n yolunu tutuyordu. Her g\u00fcn tam 40 kilogram et almak, onun i\u00e7in s\u0131radan bir al\u0131\u015fkanl\u0131k haline gelmi\u015fti. D\u00fckkan\u0131n kap\u0131s\u0131ndan i\u00e7eri girdi\u011finde, kasap ona g\u00fcl\u00fcmseyerek selam veriyor, o da i\u00e7ten bir \u015fekilde kar\u015f\u0131l\u0131k veriyordu. Ancak bir g\u00fcn, kasap merak\u0131na yenik d\u00fc\u015ft\u00fc ve onu takip etmeye karar verdi. Kad\u0131n\u0131n et al\u0131p gitti\u011fi yer, kasaba ilgin\u00e7 bir hikaye sunuyordu; \u00e7\u00fcnk\u00fc oras\u0131, k\u00fc\u00e7\u00fck bir k\u00f6y\u00fcn varo\u015flar\u0131nda, herkesin unuttu\u011fu bir terkedilmi\u015f evdi. \u0130\u00e7inde ne olabilece\u011fini d\u00fc\u015f\u00fcn\u00fcrken, kasab\u0131n akl\u0131nda bir\u00e7ok soru beliriyordu; bu kad\u0131n\u0131n ger\u00e7ekten ne ama\u00e7la bu kadar et al\u0131yordu.\n\n\n\t\t\t\t<\/dd><\/dl><dl class='gallery-item'>\n\t\t\t<dt class='gallery-icon landscape'>\n\t\t\t\t<a href='https:\/\/bilgitarif.com\/yeni\/her-gun-40-kilogram-et-alan-70-yasindaki-kadin\/b-47\/'><img loading=\"lazy\" decoding=\"async\" width=\"150\" height=\"150\" src=\"https:\/\/bilgitarif.com\/yeni\/wp-content\/uploads\/2026\/04\/B-13-150x150.jpg\" class=\"attachment-thumbnail size-thumbnail\" alt=\"\" aria-describedby=\"gallery-1-6104\" \/><\/a>\n\t\t\t<\/dt>\n\t\t\t\t<dd class='wp-caption-text gallery-caption' id='gallery-1-6104'>\n\t\t\t\tSonunda, kasap, kad\u0131n\u0131n her g\u00fcn getirdi\u011fi etlerle donat\u0131lm\u0131\u015f o kahverengi kap\u0131n\u0131n \u00f6n\u00fcnde durdu\u011funda, i\u00e7indeki merak ve endi\u015fe bir arada \u00e7arp\u0131yordu. Kap\u0131y\u0131 t\u0131klad\u0131\u011f\u0131nda, i\u00e7eriden gelen sesler, y\u00fcrek burkan bir hikayenin i\u015faretlerini ta\u015f\u0131yordu. Kad\u0131n, her g\u00fcn bu etleri, terkedilmi\u015f evde ya\u015famaya \u00e7al\u0131\u015fan bir grup a\u00e7 \u00e7ocuk i\u00e7in al\u0131yordu. Onlara sadece fiziksel de\u011fil, duygusal bir destek sa\u011fl\u0131yordu; etler, onlar\u0131n hayat\u0131nda bir umut \u0131\u015f\u0131\u011f\u0131 olmu\u015ftu. Bu durum, kasaba geri d\u00f6nd\u00fc\u011f\u00fcnde, onu derinden etkiledi. \u0130nsanlar\u0131n \u00e7o\u011fu, ya\u015fl\u0131 kad\u0131n\u0131n al\u0131\u015fkanl\u0131\u011f\u0131na y\u00fczeysel bakarken, arkas\u0131nda yatan derin hikaye, ba\u015fkalar\u0131na hayat verme iste\u011fiydi. Kad\u0131n\u0131n ya\u015fam\u0131, sadece et almakla s\u0131n\u0131rl\u0131 de\u011fildi; o, hayat\u0131n zorluklar\u0131yla ba\u015fa \u00e7\u0131kabilecek cesarette, ba\u015fkalar\u0131na umut olman\u0131n yollar\u0131n\u0131 ar\u0131yordu. Bu bulu\u015fma, kasab\u0131n g\u00f6z\u00fcnde, ya\u015fam\u0131n anlam\u0131n\u0131 yeniden tan\u0131mlam\u0131\u015ft\u0131.\n\n\n\t\t\t\t<\/dd><\/dl>\n\t\t\t<br style='clear: both' \/>\n\t\t<\/div>\n\n","protected":false},"excerpt":{"rendered":"","protected":false},"author":1,"featured_media":6103,"comment_status":"open","ping_status":"open","sticky":false,"template":"","format":"standard","meta":{"footnotes":""},"categories":[9],"tags":[],"class_list":["post-6102","post","type-post","status-publish","format-standard","has-post-thumbnail","hentry","category-foto-galeri"],"_links":{"self":[{"href":"https:\/\/bilgitarif.com\/yeni\/wp-json\/wp\/v2\/posts\/6102","targetHints":{"allow":["GET"]}}],"collection":[{"href":"https:\/\/bilgitarif.com\/yeni\/wp-json\/wp\/v2\/posts"}],"about":[{"href":"https:\/\/bilgitarif.com\/yeni\/wp-json\/wp\/v2\/types\/post"}],"author":[{"embeddable":true,"href":"https:\/\/bilgitarif.com\/yeni\/wp-json\/wp\/v2\/users\/1"}],"replies":[{"embeddable":true,"href":"https:\/\/bilgitarif.com\/yeni\/wp-json\/wp\/v2\/comments?post=6102"}],"version-history":[{"count":1,"href":"https:\/\/bilgitarif.com\/yeni\/wp-json\/wp\/v2\/posts\/6102\/revisions"}],"predecessor-version":[{"id":6105,"href":"https:\/\/bilgitarif.com\/yeni\/wp-json\/wp\/v2\/posts\/6102\/revisions\/6105"}],"wp:featuredmedia":[{"embeddable":true,"href":"https:\/\/bilgitarif.com\/yeni\/wp-json\/wp\/v2\/media\/6103"}],"wp:attachment":[{"href":"https:\/\/bilgitarif.com\/yeni\/wp-json\/wp\/v2\/media?parent=6102"}],"wp:term":[{"taxonomy":"category","embeddable":true,"href":"https:\/\/bilgitarif.com\/yeni\/wp-json\/wp\/v2\/categories?post=6102"},{"taxonomy":"post_tag","embeddable":true,"href":"https:\/\/bilgitarif.com\/yeni\/wp-json\/wp\/v2\/tags?post=6102"}],"curies":[{"name":"wp","href":"https:\/\/api.w.org\/{rel}","templated":true}]}}