{"id":6077,"date":"2026-04-29T21:50:32","date_gmt":"2026-04-29T21:50:32","guid":{"rendered":"https:\/\/bilgitarif.com\/yeni\/?p=6077"},"modified":"2026-04-29T21:50:32","modified_gmt":"2026-04-29T21:50:32","slug":"hastaneye-bilinci-kapali-bir-kiz-cocugu-getirildi","status":"publish","type":"post","link":"https:\/\/bilgitarif.com\/yeni\/hastaneye-bilinci-kapali-bir-kiz-cocugu-getirildi\/","title":{"rendered":"Hastaneye bilinci kapal\u0131 bir k\u0131z \u00e7ocu\u011fu getirildi."},"content":{"rendered":"\n\t\t<style type=\"text\/css\">\n\t\t\t#gallery-1 {\n\t\t\t\tmargin: auto;\n\t\t\t}\n\t\t\t#gallery-1 .gallery-item {\n\t\t\t\tfloat: left;\n\t\t\t\tmargin-top: 10px;\n\t\t\t\ttext-align: center;\n\t\t\t\twidth: 33%;\n\t\t\t}\n\t\t\t#gallery-1 img {\n\t\t\t\tborder: 2px solid #cfcfcf;\n\t\t\t}\n\t\t\t#gallery-1 .gallery-caption {\n\t\t\t\tmargin-left: 0;\n\t\t\t}\n\t\t\t\/* see gallery_shortcode() in wp-includes\/media.php *\/\n\t\t<\/style>\n\t\t<div id='gallery-1' class='gallery galleryid-6077 gallery-columns-3 gallery-size-thumbnail'><dl class='gallery-item'>\n\t\t\t<dt class='gallery-icon landscape'>\n\t\t\t\t<a href='https:\/\/bilgitarif.com\/yeni\/hastaneye-bilinci-kapali-bir-kiz-cocugu-getirildi\/hstn\/'><img loading=\"lazy\" decoding=\"async\" width=\"150\" height=\"150\" src=\"https:\/\/bilgitarif.com\/yeni\/wp-content\/uploads\/2026\/04\/hstn-150x150.jpg\" class=\"attachment-thumbnail size-thumbnail\" alt=\"\" aria-describedby=\"gallery-1-6078\" \/><\/a>\n\t\t\t<\/dt>\n\t\t\t\t<dd class='wp-caption-text gallery-caption' id='gallery-1-6078'>\n\t\t\t\tHastaneye bilinci kapal\u0131 bir k\u0131z \u00e7ocu\u011fu getirildi\u2026 ama doktor onun boynundaki kolyeyi g\u00f6r\u00fcnce beti benzi att\u0131.\n\nN\u00f6bet bitmek \u00fczereydi. Gece hastanesi yorgunlukla nefes al\u0131yordu: lo\u015f \u0131\u015f\u0131klar, hem\u015firelerin seyrek ad\u0131mlar\u0131, antiseptik kokusu. Acil servisin kap\u0131lar\u0131 birden a\u00e7\u0131ld\u0131\u011f\u0131nda kimse ola\u011fan d\u0131\u015f\u0131 bir \u015fey beklemiyordu.\n\nSedye \u00fczerinde on ya\u015flar\u0131nda bir k\u0131z \u00e7ocu\u011fu yat\u0131yordu. Zay\u0131f, bembeyaz, bilinci kapal\u0131. \u00dczerinde sade k\u0131yafetler vard\u0131; ne okul \u00e7antas\u0131, ne kimlik. Telefon yok, not yok. Nereden geldi\u011fini, ailesinin kim oldu\u011funu bilen yoktu.\n\n\u2014 Otob\u00fcs dura\u011f\u0131n\u0131n yan\u0131nda bulunmu\u015f, \u2014 dedi sa\u011fl\u0131k g\u00f6revlisi k\u0131sa k\u0131sa. \u2014 Herhangi bir darbe yok. Nab\u0131z zay\u0131f. Kendine gelmiyor.\n\nYo\u011fun bak\u0131m doktoru Andrey Sergeyevi\u00e7 her zamanki gibi muayeneye ba\u015flad\u0131. G\u00f6z bebekleri, solunum, tansiyon\u2026 Her \u015fey tuhaft\u0131: kaza izi yok, zehirlenme yok, bay\u0131lmay\u0131 a\u00e7\u0131klayan net bir sebep yoktu. Sanki \u00e7ocuk bir anda\u2026 kapanm\u0131\u015ft\u0131.\n\n\u2014 Ailesini bulmaya \u00e7al\u0131\u015f\u0131yorlar m\u0131? \u2014 diye sordu hem\u015fireye.\n\n\u2014 Polis ve sosyal hizmetlerle ileti\u015fime ge\u00e7ildi. \u015eimdilik ses yok.\n\nAndrey Sergeyevi\u00e7 nefesini kontrol etmek i\u00e7in e\u011fildi\u011fi anda k\u0131z\u0131n boynundaki ince g\u00fcm\u00fc\u015f zinciri fark etti. Eskiydi, zamanla kararm\u0131\u015ft\u0131. Kolye k\u00fc\u00e7\u00fck, sade; damla \u015feklinde ve \u00fczerinde kaz\u0131nm\u0131\u015f bir harf vard\u0131.\n\nKolyeyi nazik\u00e7e kenara itmek i\u00e7in elini uzatt\u0131\u2026 ve oldu\u011fu yerde donup kald\u0131.\n\nDoktorun y\u00fcz\u00fc bir anda bembeyaz oldu. Parmaklar\u0131 titredi, nefesi kesildi.\n\n\u2014 Bir \u015fey mi var? \u2014 diye endi\u015felendi hem\u015fire.\n\nCevap vermedi. Yava\u015f\u00e7a g\u00f6zl\u00fc\u011f\u00fcn\u00fc \u00e7\u0131kard\u0131, aln\u0131n\u0131 sildi ve sanki yan\u0131lm\u0131\u015f olmay\u0131 umuyormu\u015f gibi kolyeye bir kez daha bakt\u0131.\n\n\u2014 Hemen\u2026 \u2014 dedi k\u0131s\u0131k, titrek bir sesle. \u2014 Hemen \u015funu yap\u0131n\u2026\n\n\u2014 Hemen\u2026 dedi k\u0131s\u0131k, titrek bir sesle. \u2014 Hemen \u015fu kolyeyi \u00e7\u0131kar\u0131n ve kimseye g\u00f6stermeden bana getirin. Ve k\u0131z\u0131n dosyas\u0131na ge\u00e7ici bir isim yaz\u0131n. \u015eimdilik \u201cHasta X\u201d.\n\nHem\u015fire \u015fa\u015fk\u0131nl\u0131kla bakt\u0131 ama itiraz etmedi. Y\u0131llard\u0131r bu hastanede \u00e7al\u0131\u015f\u0131yordu ve Andrey Sergeyevi\u00e7\u2019i ilk kez bu kadar sars\u0131lm\u0131\u015f g\u00f6r\u00fcyordu. Kolye dikkatlice \u00e7\u0131kar\u0131ld\u0131, k\u00fc\u00e7\u00fck metal bir kaba kondu. Doktor kolyeyi eline ald\u0131\u011f\u0131nda, ge\u00e7mi\u015ften gelen bir a\u011f\u0131rl\u0131k g\u00f6\u011fs\u00fcne \u00e7\u00f6kt\u00fc.\n\n\u00c7\u00fcnk\u00fc bu kolyeyi daha \u00f6nce g\u00f6rm\u00fc\u015ft\u00fc.\n\nYirmi y\u0131l \u00f6nce.\nBa\u015fka bir \u015fehirde.\nBa\u015fka bir hayatta.\n\nO zamanlar gen\u00e7 bir asistan doktordu. Ve hastane yang\u0131n\u0131\u2026 h\u00e2l\u00e2 geceleri uykusuna giren o yang\u0131n. Elektrik ka\u00e7a\u011f\u0131yla ba\u015flayan, birka\u00e7 dakika i\u00e7inde \u00e7ocuk servisinin cehenneme d\u00f6n\u00fc\u015ft\u00fc\u011f\u00fc o gece. Duman, \u00e7\u0131\u011fl\u0131klar, kilitlenen kap\u0131lar\u2026 Ve kurtar\u0131lamayan \u00e7ocuklar.\n\nResm\u00ee kay\u0131tlara g\u00f6re yedi \u00e7ocuk hayat\u0131n\u0131 kaybetmi\u015fti.\n\nAma ger\u00e7ekte sekizdi.\n\nSekizinci \u00e7ocuk, kimli\u011fi tespit edilemeyen, boynunda damla \u015feklinde, \u00fczerinde tek bir harf kaz\u0131l\u0131 g\u00fcm\u00fc\u015f kolye olan k\u00fc\u00e7\u00fck bir k\u0131zd\u0131. Andrey, o gece onu kollar\u0131nda ta\u015f\u0131m\u0131\u015ft\u0131. Nabz\u0131 durmu\u015ftu. G\u00f6zleri a\u00e7\u0131kt\u0131. \u00d6lm\u00fc\u015ft\u00fc.\n\nYa da en az\u0131ndan \u00f6yle san\u0131lm\u0131\u015ft\u0131.\n\nAndrey elindeki kolyeye bakt\u0131. \u00dczerindeki harf h\u00e2l\u00e2 silik ama netti: \u201cL\u201d.\n\n\u2014 Bu imk\u00e2ns\u0131z\u2026 diye f\u0131s\u0131ldad\u0131..\n\t\t\t\t<\/dd><\/dl><dl class='gallery-item'>\n\t\t\t<dt class='gallery-icon landscape'>\n\t\t\t\t<a href='https:\/\/bilgitarif.com\/yeni\/hastaneye-bilinci-kapali-bir-kiz-cocugu-getirildi\/tyhg\/'><img loading=\"lazy\" decoding=\"async\" width=\"150\" height=\"150\" src=\"https:\/\/bilgitarif.com\/yeni\/wp-content\/uploads\/2026\/04\/tyhg-150x150.jpg\" class=\"attachment-thumbnail size-thumbnail\" alt=\"\" aria-describedby=\"gallery-1-6079\" \/><\/a>\n\t\t\t<\/dt>\n\t\t\t\t<dd class='wp-caption-text gallery-caption' id='gallery-1-6079'>\n\t\t\t\tYo\u011fun bak\u0131mda monit\u00f6rler d\u00fczenli ama zay\u0131f sinyaller veriyordu. K\u0131z h\u00e2l\u00e2 bilincini kazanmam\u0131\u015ft\u0131. Ancak Andrey art\u0131k sadece bir doktor de\u011fildi; ge\u00e7mi\u015fiyle y\u00fczle\u015fen bir tan\u0131kt\u0131.\n\nK\u0131z\u0131n t\u0131bbi testleri geldi\u011finde \u015fa\u015fk\u0131nl\u0131k daha da b\u00fcy\u00fcd\u00fc. Kan de\u011ferleri neredeyse kusursuzdu. Beyin tomografisi temizdi. Ne travma ne toksin izi vard\u0131. Sanki beden\u2026 kendini kapatm\u0131\u015ft\u0131.\n\nGece ilerledik\u00e7e Andrey karar\u0131n\u0131 verdi. Eski defterleri a\u00e7acakt\u0131.\n\nAr\u015fivden, y\u0131llar \u00f6nceki yang\u0131nla ilgili dosyalar\u0131 \u00e7\u0131kard\u0131. Foto\u011fraflar, raporlar, \u00f6l\u00fcm tutanaklar\u0131\u2026 Ve sonunda, isimsiz k\u0131z \u00e7ocu\u011funun dosyas\u0131. Yan\u0131na kur\u015fun kalemle d\u00fc\u015f\u00fclm\u00fc\u015f bir not vard\u0131; o zamanlar kimsenin \u00f6nemsemedi\u011fi bir not:\n\n\u201c\u00d6l\u00fcm an\u0131nda kalp durmas\u0131 net de\u011fil. Nab\u0131z \u00e7ok zay\u0131f olabilir.\u201d\n\nAndrey\u2019in bo\u011faz\u0131 d\u00fc\u011f\u00fcmlendi.\n\nSabaha kar\u015f\u0131 monit\u00f6rde ani bir hareketlenme oldu. K\u0131z\u0131n kalp ritmi h\u0131zland\u0131. Parmaklar\u0131 titredi. G\u00f6z kapaklar\u0131 araland\u0131.\n\nAndrey yata\u011f\u0131n ba\u015f\u0131na ko\u015ftu.\n\n\u2014 Beni duyabiliyor musun? \u2014 dedi yumu\u015fak bir sesle.\n\nK\u0131z\u0131n dudaklar\u0131 hafif\u00e7e k\u0131p\u0131rdad\u0131. Nefesi d\u00fczendi ama g\u00f6zleri\u2026 sanki bu d\u00fcnyaya ait de\u011filmi\u015f gibi derindi.\n\n\u2014 Ad\u0131n ne? \u2014 diye sordu Andrey.\n\nK\u0131z bir s\u00fcre sessiz kald\u0131. Sonra neredeyse duyulmayacak kadar k\u0131s\u0131k bir sesle konu\u015ftu:\n\n\u2014 Lina.\n\nAndrey\u2019in dizleri titredi. Bu isim\u2026 dosyada yoktu. Ama o gece, yang\u0131n s\u0131ras\u0131nda bir hem\u015firenin \u00e7\u0131\u011fl\u0131k att\u0131\u011f\u0131n\u0131 hat\u0131rlad\u0131:\n\n\u201cLina! Lina nerede?\u201d\n\n\u2014 Ka\u00e7 ya\u015f\u0131ndas\u0131n Lina? \u2014 dedi.\n\n\u2014 Bilmiyorum\u2026 \u2014 diye f\u0131s\u0131ldad\u0131 k\u0131z. \u2014 Uyumam gerekiyordu. Hep uyuyorum.\n\n\u2014 Nerede uyuyordun?\n\nK\u0131z g\u00f6zlerini tavana dikti. G\u00f6zbebekleri b\u00fcy\u00fcd\u00fc.\n\n\u2014 Duman vard\u0131. \u00c7ok s\u0131cakt\u0131. Sonra karanl\u0131k oldu. Ama biri beni b\u0131rakmad\u0131.\n\nAndrey\u2019in g\u00f6zleri doldu.\n\n\u2014 Kim?\n\nK\u0131z ba\u015f\u0131n\u0131 \u00e7ok hafif \u00e7evirdi, doktorun y\u00fcz\u00fcne bakt\u0131.\n\n\u2014 Siz.\n\nO an Andrey anlad\u0131. Lina o yang\u0131nda \u00f6lmemi\u015fti. Belki saatlerce, belki g\u00fcnlerce bilin\u00e7siz kalm\u0131\u015ft\u0131. Sistem, acele, korku ve ihmal onu \u201c\u00f6l\u00fc\u201d ilan etmi\u015fti. Sosyal hizmetler, kimliksizlik, kapanan dosyalar\u2026 Ve Lina, bir \u015fekilde hayatta kal\u0131p kaybolmu\u015ftu.\n\nAma bedeni, travmay\u0131 unutamam\u0131\u015ft\u0131. Zihni zaman\u0131 bir \u00e7izgi gibi de\u011fil, bir d\u00f6ng\u00fc gibi ya\u015f\u0131yordu. Y\u0131llar onun i\u00e7in tek bir uzun uykuydu.\n\nPolis ve sosyal hizmetler geldi\u011finde Andrey her \u015feyi anlatt\u0131. Dosyalar yeniden a\u00e7\u0131ld\u0131. Eski hatalar ortaya \u00e7\u0131kt\u0131. Lina i\u00e7in yeni bir hayat\u0131n kap\u0131s\u0131 araland\u0131.\n\nG\u00fcnler sonra Lina tamamen uyand\u0131\u011f\u0131nda, boynunda yine o kolye vard\u0131. Andrey ona kolyeyi uzatt\u0131.\n\n\u2014 Bunu hep saklad\u0131n m\u0131? \u2014 diye sordu.\n\nLina ba\u015f\u0131n\u0131 sallad\u0131.\n\n\u2014 Annem vermi\u015fti. \u201cKaybolursan, bu seni eve g\u00f6t\u00fcr\u00fcr\u201d demi\u015fti.\n\nAndrey g\u00fcl\u00fcmsedi. G\u00f6zlerinde hem pi\u015fmanl\u0131k hem huzur vard\u0131.\n\n\u2014 Hakl\u0131ym\u0131\u015f, \u2014 dedi. \u2014 Seni ger\u00e7ekten eve getirdi.\n\nBaz\u0131 hik\u00e2yeler kaybolmaz.\nSadece do\u011fru zaman\u0131 bekler.\n\n\n\t\t\t\t<\/dd><\/dl>\n\t\t\t<br style='clear: both' \/>\n\t\t<\/div>\n\n","protected":false},"excerpt":{"rendered":"","protected":false},"author":1,"featured_media":6078,"comment_status":"open","ping_status":"open","sticky":false,"template":"","format":"standard","meta":{"footnotes":""},"categories":[9],"tags":[],"class_list":["post-6077","post","type-post","status-publish","format-standard","has-post-thumbnail","hentry","category-foto-galeri"],"_links":{"self":[{"href":"https:\/\/bilgitarif.com\/yeni\/wp-json\/wp\/v2\/posts\/6077","targetHints":{"allow":["GET"]}}],"collection":[{"href":"https:\/\/bilgitarif.com\/yeni\/wp-json\/wp\/v2\/posts"}],"about":[{"href":"https:\/\/bilgitarif.com\/yeni\/wp-json\/wp\/v2\/types\/post"}],"author":[{"embeddable":true,"href":"https:\/\/bilgitarif.com\/yeni\/wp-json\/wp\/v2\/users\/1"}],"replies":[{"embeddable":true,"href":"https:\/\/bilgitarif.com\/yeni\/wp-json\/wp\/v2\/comments?post=6077"}],"version-history":[{"count":1,"href":"https:\/\/bilgitarif.com\/yeni\/wp-json\/wp\/v2\/posts\/6077\/revisions"}],"predecessor-version":[{"id":6080,"href":"https:\/\/bilgitarif.com\/yeni\/wp-json\/wp\/v2\/posts\/6077\/revisions\/6080"}],"wp:featuredmedia":[{"embeddable":true,"href":"https:\/\/bilgitarif.com\/yeni\/wp-json\/wp\/v2\/media\/6078"}],"wp:attachment":[{"href":"https:\/\/bilgitarif.com\/yeni\/wp-json\/wp\/v2\/media?parent=6077"}],"wp:term":[{"taxonomy":"category","embeddable":true,"href":"https:\/\/bilgitarif.com\/yeni\/wp-json\/wp\/v2\/categories?post=6077"},{"taxonomy":"post_tag","embeddable":true,"href":"https:\/\/bilgitarif.com\/yeni\/wp-json\/wp\/v2\/tags?post=6077"}],"curies":[{"name":"wp","href":"https:\/\/api.w.org\/{rel}","templated":true}]}}