{"id":6033,"date":"2026-04-29T20:36:28","date_gmt":"2026-04-29T20:36:28","guid":{"rendered":"https:\/\/bilgitarif.com\/yeni\/?p=6033"},"modified":"2026-04-29T20:36:36","modified_gmt":"2026-04-29T20:36:36","slug":"kocam-tek-duzgun-elbisemi-aldi-bu-yuzden-onun-terfi-partisine-katilamadim","status":"publish","type":"post","link":"https:\/\/bilgitarif.com\/yeni\/kocam-tek-duzgun-elbisemi-aldi-bu-yuzden-onun-terfi-partisine-katilamadim\/","title":{"rendered":"Kocam tek d\u00fczg\u00fcn elbisemi ald\u0131, bu y\u00fczden onun terfi partisine kat\u0131lamad\u0131m."},"content":{"rendered":"\n\t\t<style type=\"text\/css\">\n\t\t\t#gallery-1 {\n\t\t\t\tmargin: auto;\n\t\t\t}\n\t\t\t#gallery-1 .gallery-item {\n\t\t\t\tfloat: left;\n\t\t\t\tmargin-top: 10px;\n\t\t\t\ttext-align: center;\n\t\t\t\twidth: 33%;\n\t\t\t}\n\t\t\t#gallery-1 img {\n\t\t\t\tborder: 2px solid #cfcfcf;\n\t\t\t}\n\t\t\t#gallery-1 .gallery-caption {\n\t\t\t\tmargin-left: 0;\n\t\t\t}\n\t\t\t\/* see gallery_shortcode() in wp-includes\/media.php *\/\n\t\t<\/style>\n\t\t<div id='gallery-1' class='gallery galleryid-6033 gallery-columns-3 gallery-size-thumbnail'><dl class='gallery-item'>\n\t\t\t<dt class='gallery-icon portrait'>\n\t\t\t\t<a href='https:\/\/bilgitarif.com\/yeni\/kocam-tek-duzgun-elbisemi-aldi-bu-yuzden-onun-terfi-partisine-katilamadim\/kcm\/'><img loading=\"lazy\" decoding=\"async\" width=\"150\" height=\"150\" src=\"https:\/\/bilgitarif.com\/yeni\/wp-content\/uploads\/2026\/04\/kcm-150x150.jpg\" class=\"attachment-thumbnail size-thumbnail\" alt=\"\" aria-describedby=\"gallery-1-6034\" \/><\/a>\n\t\t\t<\/dt>\n\t\t\t\t<dd class='wp-caption-text gallery-caption' id='gallery-1-6034'>\n\t\t\t\t&#8220;Kocam tek d\u00fczg\u00fcn elbisemi ald\u0131, bu y\u00fczden onun terfi partisine kat\u0131lamad\u0131m. Bana &#8220;utan\u00e7&#8221; dedi.\u201d Ama b\u00fcy\u00fck balo salonunun kap\u0131s\u0131 a\u00e7\u0131ld\u0131\u011f\u0131nda, hi\u00e7 ummad\u0131\u011f\u0131 bir \u015fekilde ortaya \u00e7\u0131kt\u0131m &#8211; ve o gece onun d\u00fcnyas\u0131n\u0131 tamamen mahvetti.\n\nAhmet ve ben yedi y\u0131ld\u0131r evliydik. O y\u0131llarda bizi ta\u015f\u0131yan bendim. Birden fazla i\u015fte \u00e7al\u0131\u015ft\u0131m, e\u015fyalar\u0131m\u0131 satt\u0131m ve her \u015feyimi feda ettim b\u00f6ylece s\u0131navlar\u0131n\u0131 bitirip Zirve Holding&#8217;de milyar dolarl\u0131k bir \u015firkette y\u00fckselebilsin diye.\n\nBu gece onun an\u0131 olmal\u0131yd\u0131. Operasyonlardan sorumlu ba\u015fkan yard\u0131mc\u0131l\u0131\u011f\u0131na yeni terfi etmi\u015fti. S\u0131rf yan\u0131nda gururla durabilmek i\u00e7in sade mavi bir elbise almak i\u00e7in aylarca para biriktirmi\u015ftim.\n\nAma ayr\u0131lmam\u0131zdan sadece bir saat \u00f6nce, arka bah\u00e7ede yanan bir \u015feyin kokusunu ald\u0131m.\n\nD\u0131\u015far\u0131 ko\u015ftum &#8211; ve dondum.\n\nAhmet smokiniyle orada durdu, elinde \u00e7akmak gaz\u0131 vard\u0131. Elbisem mangal\u0131n \u00fczerindeydi, alevler taraf\u0131ndan k\u00fcl olmu\u015ftu.\n\n&#8220;Ahmet?! Ne yap\u0131yorsun?!\u201d diye a\u011flad\u0131m, ko\u015farak ileri gittim, ama o beni geri itti.\n\n&#8220;Zahmet etme,&#8221; dedi so\u011fuk bir \u015fekilde. &#8220;Bu \u00e7\u00f6p. T\u0131pk\u0131 senin gibi.\u201d\n\nKalbim par\u00e7aland\u0131. \u201cBunu neden yapt\u0131n? Seninle nas\u0131l gelece\u011fim?\u201d\n\nBana saf bir k\u00fc\u00e7\u00fcmsemeyle bakt\u0131. &#8220;Kesinlikle gelmeyeceksin. Kendine bak &#8211; ellerine, kokuna, giyini\u015f \u015fekline. Art\u0131k ba\u015fkan yard\u0131mc\u0131s\u0131y\u0131m. Benim \u00e7evrem farkl\u0131. Art\u0131k buraya ait de\u011filsin.\u201d\n\nTitredim, g\u00f6zya\u015flar\u0131m d\u00f6k\u00fcl\u00fcyordu. &#8220;Oraya ula\u015fmana yard\u0131m ettim&#8230; Hi\u00e7bir \u015feyin yokken ben senin yan\u0131ndayd\u0131m&#8230;\u201d\n\nS\u0131r\u0131tt\u0131. &#8220;Ve ben seni telafi ediyorum, de\u011fil mi? Evde kal. Elif\u2019i davet ettim &#8211; genel m\u00fcd\u00fcr\u00fcn k\u0131z\u0131. \u0130maj\u0131ma uyuyor. Ortaya \u00e7\u0131kmaya \u00e7al\u0131\u015f\u0131rsan g\u00fcvenlik seni uzakla\u015ft\u0131r\u0131r.\u201d\n\nBeni orada b\u0131rakt\u0131, elbisemin k\u00fcl olmas\u0131n\u0131 seyrederek.\n\nAma i\u00e7imde bir \u015feyler de\u011fi\u015fti.\n\nKeder soldu.\n\nVe yerini daha so\u011fuk bir \u015fey ald\u0131.\n\nAhmet benim bir hi\u00e7 oldu\u011fuma inand\u0131.\n\nHi\u00e7bir fikri yoktu.\n\nZirve Holding &#8211; tapt\u0131\u011f\u0131 o imparatorluk &#8211; aileme aitti.\n\nBenim ad\u0131m Ceren Y\u0131lmaz. Tek miras\u00e7\u0131 benim&#8230; ve hizmet etti\u011fi \u015firketin gizli ba\u015fkan\u0131.\n\nYedi y\u0131l \u00f6nce ger\u00e7ek a\u015fk\u0131 ya\u015famak i\u00e7in her \u015feyden vazge\u00e7tim. Basit ya\u015famay\u0131 se\u00e7tim, onu desteklemeyi, beni oldu\u011fum gibi sevip sevemeyece\u011fini g\u00f6rmek i\u00e7in.\n\nBa\u015far\u0131s\u0131z oldu.\n\nAya\u011fa kalkt\u0131m, g\u00f6zya\u015flar\u0131m\u0131 sildim ve bir \u00e7a\u011fr\u0131 yapt\u0131m.\n\n&#8220;Bay Hakan Karaca.\u201d\n\nAn\u0131nda cevap verdi.\n\n\u201cSay\u0131n Ba\u015fkan\u0131m.\u201d\n\n\u201cBu geceki galaya haz\u0131r m\u0131s\u0131n\u0131z?\u201d\n\n&#8220;Evet,&#8221; dedim, sesim so\u011fuk. &#8220;Ekibi g\u00f6nderin. Paris elbisemi ve 50 milyon liral\u0131k p\u0131rlanta setimi haz\u0131rlay\u0131n. Bu gece&#8230; bir krali\u00e7e olarak geliyorum.\u201d\n\t\t\t\t<\/dd><\/dl><dl class='gallery-item'>\n\t\t\t<dt class='gallery-icon landscape'>\n\t\t\t\t<a href='https:\/\/bilgitarif.com\/yeni\/kocam-tek-duzgun-elbisemi-aldi-bu-yuzden-onun-terfi-partisine-katilamadim\/bbs-71\/'><img loading=\"lazy\" decoding=\"async\" width=\"150\" height=\"150\" src=\"https:\/\/bilgitarif.com\/yeni\/wp-content\/uploads\/2026\/04\/bbs-25-150x150.jpg\" class=\"attachment-thumbnail size-thumbnail\" alt=\"\" aria-describedby=\"gallery-1-6035\" \/><\/a>\n\t\t\t<\/dt>\n\t\t\t\t<dd class='wp-caption-text gallery-caption' id='gallery-1-6035'>\n\t\t\t\t&#8220;B\u00d6L\u00dcM 2: \u0130stanbul Royal Palace Otel&#8217;in i\u00e7inde, balo salonu ihti\u015fam ve zarafetle par\u0131ld\u0131yordu.\nKristal avizeler mermer zemine s\u0131cak alt\u0131n \u0131\u015f\u0131klar sa\u00e7\u0131yor, hava pahal\u0131 parf\u00fcm ve \u015fampanyan\u0131n yumu\u015fak kar\u0131\u015f\u0131m\u0131n\u0131 ta\u015f\u0131yordu. Kahkahalar, toku\u015fan kadehler ve sessiz anla\u015fmalar salonun her k\u00f6\u015fesini dolduruyordu.\nHer \u015feyin merkezinde Ahmet Y\u0131lmaz vard\u0131; kusursuz dikilmi\u015f siyah smokini i\u00e7inde, elinde bir kadeh \u015fampanya tutuyordu.\nKolu kendinden emin bir \u015fekilde Elif Demir\u2019e dolanm\u0131\u015ft\u0131, sanki salon zaten onlar\u0131nm\u0131\u015f gibi ona do\u011fru e\u011filiyordu.\n\u00dcst d\u00fczey y\u00f6neticilerden biri elini s\u0131karak, \u201cTebrikler Ahmet,\u201d dedi. \u201cBu gece Ba\u015fkan\u2019\u0131n kendisinin de kat\u0131laca\u011f\u0131n\u0131 duydum. \u0130lk defa y\u00fcz\u00fcn\u00fc herkese g\u00f6sterecekmi\u015f. Senin i\u00e7in b\u00fcy\u00fck gece.\u201d\nAhmet \u00e7enesini hafif\u00e7e kald\u0131rarak s\u0131r\u0131tt\u0131.\n\u201cTabii ki \u00f6yle,\u201d dedi, sesi gururla doluydu. \u201c\u015eirketteki en iyi ba\u015fkan yard\u0131mc\u0131s\u0131 benim. Ba\u015fka kimden etkilenebilir ki?\u201d\nElif\u2019e bakt\u0131 ve elini s\u0131kt\u0131.\n\u201cVe d\u00fcr\u00fcst olal\u0131m\u2026 bize bak. Biz tam olarak bu \u015firketin temsil etti\u011fi gibiyiz.\u201d\nElif ba\u015f\u0131n\u0131 omzuna yaslayarak hafif\u00e7e g\u00fcld\u00fc.\n\u201cM\u00fckemmel bir e\u015fle\u015fme,\u201d diye ekledi.\nBirlikte g\u00fcld\u00fcler; sadece saatler \u00f6nce Ahmet\u2019in, kar\u015f\u0131la\u015fmak \u00fczere olduklar\u0131 kad\u0131n\u0131n hayat\u0131n\u0131 nas\u0131l parampar\u00e7a etti\u011finden tamamen habersizdiler. Elbisesini yakm\u0131\u015f, onu \u00f6nemsiz biri gibi g\u00f6rm\u00fc\u015ft\u00fc.\nM\u00fczik aniden durdu.\nSalon sessizli\u011fe g\u00f6m\u00fcld\u00fc.\nSonra \u0131\u015f\u0131klar s\u00f6nd\u00fc.\nKalabal\u0131\u011f\u0131n aras\u0131nda hafif bir f\u0131s\u0131lt\u0131 yay\u0131ld\u0131. Ard\u0131ndan tek ve g\u00fc\u00e7l\u00fc bir spot \u0131\u015f\u0131\u011f\u0131 b\u00fcy\u00fck giri\u015f kap\u0131s\u0131n\u0131 ayd\u0131nlatt\u0131.\nA\u011f\u0131r \u00e7ift kap\u0131lar birka\u00e7 saniye kapal\u0131 kald\u0131; t\u00fcm salon nefesini tutmu\u015f bekliyordu.\nVe sonra\u2026\nYava\u015f\u00e7a a\u00e7\u0131ld\u0131lar.\n\u015eirketin uzun y\u0131llard\u0131r genel m\u00fcd\u00fcr\u00fc olan Hakan Karaca sahneye \u00e7\u0131kt\u0131. Varl\u0131\u011f\u0131 tek ba\u015f\u0131na bile t\u00fcm dikkatleri \u00fczerine \u00e7ekmeye yetiyordu.\n\u201cHan\u0131mefendiler, beyefendiler,\u201d diye ba\u015flad\u0131, sesi derin ve net bir \u015fekilde salonda yank\u0131land\u0131.\n\u201cY\u0131llard\u0131r halk\u0131n g\u00f6z\u00fcnden uzak kalmay\u0131 tercih etti. Ama bu gece\u2026 \u00f6ne \u00e7\u0131kmaya karar verdi.\u201d\nDuraksad\u0131.\n\u201cZirve Holding\u2019in kurucusunu, tek sahibini ve Y\u00fcce Ba\u015fkan\u0131n\u0131 takdim etmekten b\u00fcy\u00fck onur duyuyorum\u2026\u201d\nBak\u0131\u015flar\u0131n\u0131 giri\u015f kap\u0131s\u0131na \u00e7evirdi.\n\u201cSay\u0131n Ceren Y\u0131lmaz.\u201d\nKap\u0131lar tamamen a\u00e7\u0131ld\u0131.\n\u00d6nce on iki ki\u015filik \u00f6zel g\u00fcvenlik ekibi i\u00e7eri girdi; kusursuz bir d\u00fczenle ilerleyip k\u0131rm\u0131z\u0131 hal\u0131da bana yol a\u00e7t\u0131lar.\nVe sonra\u2014\nBen i\u00e7eri girdim.\nSalonun tamam\u0131 nefesini tutmu\u015f gibiydi.\n\t\t\t\t<\/dd><\/dl>\n\t\t\t<br style='clear: both' \/>\n\t\t<\/div>\n\n","protected":false},"excerpt":{"rendered":"","protected":false},"author":1,"featured_media":6034,"comment_status":"open","ping_status":"open","sticky":false,"template":"","format":"standard","meta":{"footnotes":""},"categories":[9],"tags":[],"class_list":["post-6033","post","type-post","status-publish","format-standard","has-post-thumbnail","hentry","category-foto-galeri"],"_links":{"self":[{"href":"https:\/\/bilgitarif.com\/yeni\/wp-json\/wp\/v2\/posts\/6033","targetHints":{"allow":["GET"]}}],"collection":[{"href":"https:\/\/bilgitarif.com\/yeni\/wp-json\/wp\/v2\/posts"}],"about":[{"href":"https:\/\/bilgitarif.com\/yeni\/wp-json\/wp\/v2\/types\/post"}],"author":[{"embeddable":true,"href":"https:\/\/bilgitarif.com\/yeni\/wp-json\/wp\/v2\/users\/1"}],"replies":[{"embeddable":true,"href":"https:\/\/bilgitarif.com\/yeni\/wp-json\/wp\/v2\/comments?post=6033"}],"version-history":[{"count":1,"href":"https:\/\/bilgitarif.com\/yeni\/wp-json\/wp\/v2\/posts\/6033\/revisions"}],"predecessor-version":[{"id":6036,"href":"https:\/\/bilgitarif.com\/yeni\/wp-json\/wp\/v2\/posts\/6033\/revisions\/6036"}],"wp:featuredmedia":[{"embeddable":true,"href":"https:\/\/bilgitarif.com\/yeni\/wp-json\/wp\/v2\/media\/6034"}],"wp:attachment":[{"href":"https:\/\/bilgitarif.com\/yeni\/wp-json\/wp\/v2\/media?parent=6033"}],"wp:term":[{"taxonomy":"category","embeddable":true,"href":"https:\/\/bilgitarif.com\/yeni\/wp-json\/wp\/v2\/categories?post=6033"},{"taxonomy":"post_tag","embeddable":true,"href":"https:\/\/bilgitarif.com\/yeni\/wp-json\/wp\/v2\/tags?post=6033"}],"curies":[{"name":"wp","href":"https:\/\/api.w.org\/{rel}","templated":true}]}}