{"id":6025,"date":"2026-04-29T20:14:16","date_gmt":"2026-04-29T20:14:16","guid":{"rendered":"https:\/\/bilgitarif.com\/yeni\/?p=6025"},"modified":"2026-04-29T20:14:16","modified_gmt":"2026-04-29T20:14:16","slug":"torunumun-dogum-gununde-oglum-bana-kirli-bir-mendil-uzatti-ve-dedi-ki-mendili-al-yuzunu-temizle-insanlari-onunde-bizi-utandirma-dedi","status":"publish","type":"post","link":"https:\/\/bilgitarif.com\/yeni\/torunumun-dogum-gununde-oglum-bana-kirli-bir-mendil-uzatti-ve-dedi-ki-mendili-al-yuzunu-temizle-insanlari-onunde-bizi-utandirma-dedi\/","title":{"rendered":"Torunumun do\u011fum g\u00fcn\u00fcnde, o\u011flum bana kirli bir mendil uzatt\u0131 ve dedi ki, \u201cMendili al, y\u00fcz\u00fcn\u00fc temizle, insanlar\u0131 \u00f6n\u00fcnde bizi utand\u0131rma dedi\u201d"},"content":{"rendered":"\n\t\t<style type=\"text\/css\">\n\t\t\t#gallery-1 {\n\t\t\t\tmargin: auto;\n\t\t\t}\n\t\t\t#gallery-1 .gallery-item {\n\t\t\t\tfloat: left;\n\t\t\t\tmargin-top: 10px;\n\t\t\t\ttext-align: center;\n\t\t\t\twidth: 33%;\n\t\t\t}\n\t\t\t#gallery-1 img {\n\t\t\t\tborder: 2px solid #cfcfcf;\n\t\t\t}\n\t\t\t#gallery-1 .gallery-caption {\n\t\t\t\tmargin-left: 0;\n\t\t\t}\n\t\t\t\/* see gallery_shortcode() in wp-includes\/media.php *\/\n\t\t<\/style>\n\t\t<div id='gallery-1' class='gallery galleryid-6025 gallery-columns-3 gallery-size-thumbnail'><dl class='gallery-item'>\n\t\t\t<dt class='gallery-icon landscape'>\n\t\t\t\t<a href='https:\/\/bilgitarif.com\/yeni\/torunumun-dogum-gununde-oglum-bana-kirli-bir-mendil-uzatti-ve-dedi-ki-mendili-al-yuzunu-temizle-insanlari-onunde-bizi-utandirma-dedi\/tr-2\/'><img loading=\"lazy\" decoding=\"async\" width=\"150\" height=\"150\" src=\"https:\/\/bilgitarif.com\/yeni\/wp-content\/uploads\/2026\/04\/tr-150x150.jpg\" class=\"attachment-thumbnail size-thumbnail\" alt=\"\" aria-describedby=\"gallery-1-6026\" \/><\/a>\n\t\t\t<\/dt>\n\t\t\t\t<dd class='wp-caption-text gallery-caption' id='gallery-1-6026'>\n\t\t\t\tTorunumun do\u011fum g\u00fcn\u00fcnde, o\u011flum bana kirli bir mendil uzatt\u0131 ve dedi ki, \u201cMendili al, kendini \u00f6rt, insanlar\u0131 \u00f6n\u00fcnde bizi utand\u0131rma\u201d\n\nKonuklar g\u00fclmeye ve benimle alay etmeye ba\u015flad\u0131lar, ama pastay\u0131 getirdiklerinde, herkesi \u015fok eden bir duyuru yapt\u0131m.\n\nTorunumun do\u011fum g\u00fcn\u00fc bir restoranda kutland\u0131. G\u00fczel bir salon, yumu\u015fak ayd\u0131nlatma, canl\u0131 m\u00fczik, yemeklerle dolu uzun bir masa.\n\nGarsonlar g\u00fcl\u00fcms\u00fcyordu, konuklar g\u00fcl\u00fcyordu, kadehler \u00e7\u0131nl\u0131yordu. Her \u015fey olmas\u0131 gerekti\u011fi gibiydi, \u015f\u0131k, bayram havas\u0131nda \u2013 \u201csayg\u0131n insanlar\u201d\u0131n davet edildi\u011fi bir \u00e7ocuk partisinde olmas\u0131 gerekti\u011fi gibi.\n\nEn uzak k\u00f6\u015feye oturtulmu\u015ftum. O\u011flumun yan\u0131na de\u011fil, torunumun yan\u0131na de\u011fil, kenara, neredeyse duvara kar\u015f\u0131. Kimse yan\u0131ma gelmedi. Kimse rahat olup olmad\u0131\u011f\u0131m\u0131 sormad\u0131. Kimse yer de\u011fi\u015ftirmeyi teklif etmedi.\n\nO\u011flum dikkatlerin merkezindeydi, yan\u0131nda e\u015fi, \u015f\u0131k ve kendinden emin. Etraf\u0131nda onun akrabalar\u0131 vard\u0131. En y\u00fcksek sesle konu\u015fuyorlard\u0131 ve kutlaman\u0131n ev sahipleri gibi hissediyorlard\u0131. Onlar i\u00e7in ben sadece bir arka pland\u0131m. Eski k\u0131yafetler i\u00e7indeki ya\u015fl\u0131 bir kad\u0131n, g\u00f6rmezden gelmesi kolay.\n\nHediyeleri verme zaman\u0131 geldi\u011finde, insanlar teker teker masaya yakla\u015ft\u0131. Kutular, \u00e7antalar, oyuncaklar, zarflar. Uzun s\u00fcre oturdum. Bekledim. Korkudan de\u011fil, ama biliyordum: s\u0131ram kimseyi ilgilendirmiyordu.\n\nAma sonunda kalkt\u0131m. O\u011fluma yakla\u015ft\u0131m ve ona para dolu bir zarf uzatt\u0131m. Son param de\u011fildi, ama d\u00fcr\u00fcst\u00e7e biriktirilmi\u015fti.\n\nO\u011flum \u201cte\u015fekk\u00fcr ederim\u201d bile demedi. Beni ba\u015ftan a\u015fa\u011f\u0131 s\u00fczd\u00fc, y\u00fcz\u00fcn\u00fc buru\u015fturdu ve aniden cebinden eski bir mendil \u00e7\u0131kard\u0131. Kirli, buru\u015fuk.\n\n\n\t\t\t\t<\/dd><\/dl><dl class='gallery-item'>\n\t\t\t<dt class='gallery-icon portrait'>\n\t\t\t\t<a href='https:\/\/bilgitarif.com\/yeni\/torunumun-dogum-gununde-oglum-bana-kirli-bir-mendil-uzatti-ve-dedi-ki-mendili-al-yuzunu-temizle-insanlari-onunde-bizi-utandirma-dedi\/dw\/'><img loading=\"lazy\" decoding=\"async\" width=\"150\" height=\"150\" src=\"https:\/\/bilgitarif.com\/yeni\/wp-content\/uploads\/2026\/04\/dw-150x150.jpg\" class=\"attachment-thumbnail size-thumbnail\" alt=\"\" aria-describedby=\"gallery-1-6027\" \/><\/a>\n\t\t\t<\/dt>\n\t\t\t\t<dd class='wp-caption-text gallery-caption' id='gallery-1-6027'>\n\t\t\t\t\u201cUffff\u2026\u201d dedi y\u00fcksek sesle. \u201cy\u00fcz\u00fcn o kadar kirli. Mendili al, kendini \u00f6rt. \u0130nsanlar \u00f6n\u00fcnde bizi utand\u0131rma.\u201d\n\nSalon sessizle\u015fti. Ama utan\u00e7tan de\u011fil \u2013 meraktan.\n\n\u201cVe zaten,\u201d diye devam etti, \u201ckendinin neye benzedi\u011fini fark ediyor musun? Bu k\u0131yafetler\u2026 \u00e7\u00f6pl\u00fckten gelmi\u015f gibi g\u00f6r\u00fcn\u00fcyorsun. Bug\u00fcn kutlama, ve sen b\u00f6yle geliyorsun.\u201d\n\nBiri burnunu \u00e7ekti. Biri g\u00fcld\u00fc. Gelinimin d\u00f6nd\u00fc\u011f\u00fcn\u00fc g\u00f6rd\u00fcm \u2013 utan\u00e7tan de\u011fil, hay\u0131r, g\u00fcl\u00fcmsemesini gizlemek i\u00e7in. Akrabalar\u0131 art\u0131k kendilerini tutmuyordu. Onlar i\u00e7in bu bir g\u00f6steriydi.\n\nMendili ald\u0131m ve g\u00f6zya\u015flar\u0131m\u0131 zor tuttum. Ama torunumun ad\u0131 ve mumlarla pastay\u0131 getirdiklerinde, herkesi \u015fok eden ve davran\u0131\u015flar\u0131ndan pi\u015fmanl\u0131k duymalar\u0131n\u0131 sa\u011flayan bir duyuru yapt\u0131m.\n\nKutlama devam etti. M\u00fczik daha y\u00fcksek \u00e7almaya ba\u015flad\u0131, sohbetler geri d\u00f6nd\u00fc, sanki hi\u00e7bir \u015fey olmam\u0131\u015f gibi.\n\nTorunumun ad\u0131 ve mumlarla pastay\u0131 getirdiklerinde, kalkt\u0131m.\n\n\u201cBir dakika,\u201d dedim yumu\u015fak\u00e7a, ama duyulacak kadar y\u00fcksek.\n\nHerkes d\u00f6nd\u00fc. Biri zaten beni el sallayarak kovmaya haz\u0131rlan\u0131yordu, ama devam ettim:\n\n\u201cBir duyuru yapmak istiyorum. Bug\u00fcn b\u00fct\u00fcn aile burada topland\u0131\u011f\u0131 i\u00e7in.\u201d\n\nO\u011flum ka\u015flar\u0131n\u0131 \u00e7att\u0131. Gelinim gerildi.Devam\u0131..\n\n\u201cBunu halka a\u00e7\u0131k s\u00f6yleyip s\u00f6ylememek konusunda uzun s\u00fcre d\u00fc\u015f\u00fcnd\u00fcm,\u201d dedim. \u201cAma bug\u00fcn sadece beni g\u00f6rmezden gelmekle kalmay\u0131p, beni a\u015fa\u011f\u0131lamaya karar verdi\u011finiz i\u00e7in, anlad\u0131m ki ba\u015fka bir an olmayacak.\u201d\n\n\u00c7antamdan bir dosya \u00e7\u0131kard\u0131m.\n\n\u201cY\u0131llard\u0131r, sizin kendinizin sand\u0131\u011f\u0131n\u0131z daireyi, k\u0131r evini ve paray\u0131 kullan\u0131yorsunuz,\u201d diye devam ettim. \u201cAma hepsi bana ait. Ve her zaman \u00f6yleydi. Sadece sessiz kald\u0131m.\u201d\n\nSalon tamamen sessizle\u015fti.\n\n\u201cBug\u00fcn resmi olarak ilan ediyorum: o\u011flumun miras\u0131 iptal edildi. T\u00fcm belgeler imzaland\u0131. Vasiyet de\u011fi\u015ftirildi. Bug\u00fcnden itibaren, ne m\u00fclk\u00fcmle ne de benimle ba\u011flant\u0131n\u0131z yok.\u201d\n\nO\u011flum soldu.\n\n\u201cSen\u2026 ne diyorsun?\u201d diye kekeledi.\n\nOna sakin bakt\u0131m.\n\n\u201cBen bir utan\u00e7 de\u011filim. Ben senin deste\u011findim. Ve bug\u00fcn beni annem olarak g\u00f6rmedi\u011fini g\u00f6sterdin. Bu y\u00fczden ben de seni varisim olarak g\u00f6rm\u00fcyorum.\u201d\n\nO\u011flumun y\u00fcz\u00fc kire\u00e7 gibi olmu\u015ftu, elleri titreyerek masaya yasland\u0131. Salonun sessizli\u011fi \u00f6yle yo\u011fundu ki, uzaktaki garsonlar\u0131n bile ayak sesleri duyuluyordu. Gelinim, \u015fa\u015fk\u0131nl\u0131ktan a\u011fz\u0131 a\u00e7\u0131k kalm\u0131\u015f, bana bak\u0131yordu \u2013 bu sefer g\u00fcl\u00fcmsemesi yoktu, sadece korku ve pi\u015fmanl\u0131k kar\u0131\u015f\u0131m\u0131 bir ifade.\n\n\u201cAma anne\u2026\u201d diye kekeledi o\u011flum, sesi titrek ve zay\u0131f. \u201cBu\u2026 bu imkans\u0131z. Sen\u2026 sen her \u015feyi bize b\u0131rakm\u0131\u015ft\u0131n. Y\u0131llard\u0131r \u00f6yle ya\u015fad\u0131k!\u201d\n\nSakinli\u011fimi korudum, g\u00f6zlerimi ondan ay\u0131rmadan. \u201cEvet, b\u0131rakm\u0131\u015ft\u0131m. Ama ko\u015fullar de\u011fi\u015fti. Y\u0131llarca sessiz kald\u0131m, \u00e7\u00fcnk\u00fc seni seviyordum. Destek oldum, fedakarl\u0131k yapt\u0131m. Ama bug\u00fcn, torunumun do\u011fum g\u00fcn\u00fcnde, beni bir mendille a\u015fa\u011f\u0131lad\u0131n. Ailenin \u00f6n\u00fcnde utand\u0131rd\u0131n. Art\u0131k yeter.\u201d\n\nKonuklar aras\u0131nda f\u0131s\u0131lt\u0131lar ba\u015flad\u0131. Baz\u0131lar\u0131 \u015fok i\u00e7inde ba\u015flar\u0131n\u0131 sall\u0131yordu, di\u011ferleri gelinimin akrabalar\u0131na d\u00f6n\u00fcp ka\u015flar\u0131n\u0131 \u00e7at\u0131yordu. Birka\u00e7 ki\u015fi telefonlar\u0131n\u0131 \u00e7\u0131kar\u0131p foto\u011fraf \u00e7ekmeye \u00e7al\u0131\u015ft\u0131, ama garsonlar m\u00fcdahale etti. Torunum, pastan\u0131n \u00f6n\u00fcndeki k\u00fc\u00e7\u00fck sandalyede oturmu\u015f, olan biteni anlamadan mumlara bak\u0131yordu \u2013 masumiyeti y\u00fcre\u011fimi s\u0131zlatt\u0131.\n\nGelinim aya\u011fa kalkt\u0131, sesi y\u00fcksek ve panikli: \u201cBu sa\u00e7mal\u0131k! Sen ya\u015fl\u0131s\u0131n, belki akl\u0131ndan bir \u015feyler ge\u00e7mi\u015f\u2026 Avukat\u0131m\u0131z var, bunu mahkemede \u00e7\u00f6zeriz!\u201d\n\nG\u00fcl\u00fcmsedim, ama so\u011fuk bir g\u00fcl\u00fcmsemeydi. \u201cAvukat\u0131n\u0131z m\u0131? Benim avukat\u0131m zaten her \u015feyi haz\u0131rlad\u0131. Belgeler burada, resmi ve imzal\u0131. Daire, k\u0131r evi, banka hesaplar\u0131 \u2013 hepsi art\u0131k hay\u0131r kurumuna gidecek. Torunumun gelece\u011fi i\u00e7in bir fon kurdum, ama siz\u2026 siz hi\u00e7bir \u015fey almayacaks\u0131n\u0131z.\u201d\n\nO\u011flum \u00f6ne at\u0131ld\u0131, zarf\u0131 ve mendili yere f\u0131rlatarak. \u201cAnne, l\u00fctfen! \u00d6z\u00fcr dilerim, hata ettim. Stresliydim, kutlama y\u00fcz\u00fcnden\u2026 L\u00fctfen, bunu yapma!\u201d\n\nAma \u00e7ok ge\u00e7ti. G\u00f6zya\u015flar\u0131m\u0131 silip torunuma d\u00f6nd\u00fcm. \u201cMutlu y\u0131llar, k\u00fc\u00e7\u00fck adam,\u201d dedim yumu\u015fak\u00e7a, ona sar\u0131larak. \u201cB\u00fcy\u00fcd\u00fc\u011f\u00fcnde, aileni sevmenin ne demek oldu\u011funu \u00f6\u011fren. A\u015fa\u011f\u0131laman\u0131n de\u011fil.\u201d\n\nRestorandan ayr\u0131l\u0131rken, arkamda kaos vard\u0131 \u2013 tart\u0131\u015fmalar, a\u011flamalar, su\u00e7lamalar. Ama ben hafifledim. Y\u0131llar\u0131n y\u00fck\u00fcnden kurtulmu\u015ftum. Eve d\u00f6nd\u00fc\u011f\u00fcmde, pencereden y\u0131ld\u0131zlara bakt\u0131m ve d\u00fc\u015f\u00fcnd\u00fcm: Bazen, en b\u00fcy\u00fck hediye, kendine sayg\u0131 duymakt\u0131r.\n\nG\u00fcnler sonra, o\u011flum kap\u0131ma dayand\u0131, \u00f6z\u00fcr dileyerek. Ama kap\u0131y\u0131 a\u00e7mad\u0131m. Yeni bir hayat ba\u015fl\u0131yordu \u2013 benim i\u00e7in.\n\n\n\t\t\t\t<\/dd><\/dl>\n\t\t\t<br style='clear: both' \/>\n\t\t<\/div>\n\n","protected":false},"excerpt":{"rendered":"","protected":false},"author":1,"featured_media":6026,"comment_status":"open","ping_status":"open","sticky":false,"template":"","format":"standard","meta":{"footnotes":""},"categories":[9],"tags":[],"class_list":["post-6025","post","type-post","status-publish","format-standard","has-post-thumbnail","hentry","category-foto-galeri"],"_links":{"self":[{"href":"https:\/\/bilgitarif.com\/yeni\/wp-json\/wp\/v2\/posts\/6025","targetHints":{"allow":["GET"]}}],"collection":[{"href":"https:\/\/bilgitarif.com\/yeni\/wp-json\/wp\/v2\/posts"}],"about":[{"href":"https:\/\/bilgitarif.com\/yeni\/wp-json\/wp\/v2\/types\/post"}],"author":[{"embeddable":true,"href":"https:\/\/bilgitarif.com\/yeni\/wp-json\/wp\/v2\/users\/1"}],"replies":[{"embeddable":true,"href":"https:\/\/bilgitarif.com\/yeni\/wp-json\/wp\/v2\/comments?post=6025"}],"version-history":[{"count":1,"href":"https:\/\/bilgitarif.com\/yeni\/wp-json\/wp\/v2\/posts\/6025\/revisions"}],"predecessor-version":[{"id":6028,"href":"https:\/\/bilgitarif.com\/yeni\/wp-json\/wp\/v2\/posts\/6025\/revisions\/6028"}],"wp:featuredmedia":[{"embeddable":true,"href":"https:\/\/bilgitarif.com\/yeni\/wp-json\/wp\/v2\/media\/6026"}],"wp:attachment":[{"href":"https:\/\/bilgitarif.com\/yeni\/wp-json\/wp\/v2\/media?parent=6025"}],"wp:term":[{"taxonomy":"category","embeddable":true,"href":"https:\/\/bilgitarif.com\/yeni\/wp-json\/wp\/v2\/categories?post=6025"},{"taxonomy":"post_tag","embeddable":true,"href":"https:\/\/bilgitarif.com\/yeni\/wp-json\/wp\/v2\/tags?post=6025"}],"curies":[{"name":"wp","href":"https:\/\/api.w.org\/{rel}","templated":true}]}}