{"id":6008,"date":"2026-04-28T20:20:55","date_gmt":"2026-04-28T20:20:55","guid":{"rendered":"https:\/\/bilgitarif.com\/yeni\/?p=6008"},"modified":"2026-04-28T20:20:55","modified_gmt":"2026-04-28T20:20:55","slug":"40-yas-uzeri-dikkat-bu-dogal-karisim-son-donemde-cok-konusuluyor","status":"publish","type":"post","link":"https:\/\/bilgitarif.com\/yeni\/40-yas-uzeri-dikkat-bu-dogal-karisim-son-donemde-cok-konusuluyor\/","title":{"rendered":"40 Ya\u015f \u00dczeri Dikkat! Bu Do\u011fal Kar\u0131\u015f\u0131m Son D\u00f6nemde \u00c7ok Konu\u015fuluyor"},"content":{"rendered":"\n\t\t<style type=\"text\/css\">\n\t\t\t#gallery-1 {\n\t\t\t\tmargin: auto;\n\t\t\t}\n\t\t\t#gallery-1 .gallery-item {\n\t\t\t\tfloat: left;\n\t\t\t\tmargin-top: 10px;\n\t\t\t\ttext-align: center;\n\t\t\t\twidth: 33%;\n\t\t\t}\n\t\t\t#gallery-1 img {\n\t\t\t\tborder: 2px solid #cfcfcf;\n\t\t\t}\n\t\t\t#gallery-1 .gallery-caption {\n\t\t\t\tmargin-left: 0;\n\t\t\t}\n\t\t\t\/* see gallery_shortcode() in wp-includes\/media.php *\/\n\t\t<\/style>\n\t\t<div id='gallery-1' class='gallery galleryid-6008 gallery-columns-3 gallery-size-thumbnail'><dl class='gallery-item'>\n\t\t\t<dt class='gallery-icon portrait'>\n\t\t\t\t<a href='https:\/\/bilgitarif.com\/yeni\/40-yas-uzeri-dikkat-bu-dogal-karisim-son-donemde-cok-konusuluyor\/ffg-2\/'><img loading=\"lazy\" decoding=\"async\" width=\"150\" height=\"150\" src=\"https:\/\/bilgitarif.com\/yeni\/wp-content\/uploads\/2026\/04\/ffg-150x150.jpg\" class=\"attachment-thumbnail size-thumbnail\" alt=\"\" aria-describedby=\"gallery-1-6009\" \/><\/a>\n\t\t\t<\/dt>\n\t\t\t\t<dd class='wp-caption-text gallery-caption' id='gallery-1-6009'>\n\t\t\t\t40 ya\u015f sonras\u0131 v\u00fccutta baz\u0131 de\u011fi\u015fimler h\u0131zlanabiliyor. Metabolizma yava\u015fl\u0131yor, sindirim sorunlar\u0131 artabiliyor, enerji d\u00fc\u015febiliyor. Bu d\u00f6nemde beslenme al\u0131\u015fkanl\u0131klar\u0131 daha da \u00f6nem kazan\u0131yor.\nSon zamanlarda \u00f6zellikle 40 ya\u015f \u00fczerindekiler aras\u0131nda pop\u00fclerle\u015fen do\u011fal bir i\u00e7ecek dikkat \u00e7ekiyor: Ceviz suyu.\n\nOmega-3 ve sa\u011fl\u0131kl\u0131 ya\u011f asitleri a\u00e7\u0131s\u0131ndan zengin olan cevizin, y\u0131llard\u0131r kalp ve beyin sa\u011fl\u0131\u011f\u0131 a\u00e7\u0131s\u0131ndan faydal\u0131 oldu\u011fu biliniyor. Peki ceviz suyu ne i\u015fe yar\u0131yor? Nas\u0131l haz\u0131rlan\u0131yor?\n\n\n\t\t\t\t<\/dd><\/dl><dl class='gallery-item'>\n\t\t\t<dt class='gallery-icon landscape'>\n\t\t\t\t<a href='https:\/\/bilgitarif.com\/yeni\/40-yas-uzeri-dikkat-bu-dogal-karisim-son-donemde-cok-konusuluyor\/sevki-27\/'><img loading=\"lazy\" decoding=\"async\" width=\"150\" height=\"150\" src=\"https:\/\/bilgitarif.com\/yeni\/wp-content\/uploads\/2026\/04\/sevki-3-150x150.png\" class=\"attachment-thumbnail size-thumbnail\" alt=\"\" aria-describedby=\"gallery-1-6010\" \/><\/a>\n\t\t\t<\/dt>\n\t\t\t\t<dd class='wp-caption-text gallery-caption' id='gallery-1-6010'>\n\t\t\t\tCeviz Suyunun Olas\u0131 Faydalar\u0131 ve Nas\u0131l Haz\u0131rlan\u0131r?\nCeviz; Omega-3 ya\u011f asitleri, antioksidanlar, vitamin ve mineraller a\u00e7\u0131s\u0131ndan zengin bir besindir. Dengeli beslenme plan\u0131 i\u00e7inde t\u00fcketildi\u011finde bir\u00e7ok sistemi destekleyebilir.\n\n&#x1f95c; Olas\u0131 Faydalar\u0131\nKalp ve damar sa\u011fl\u0131\u011f\u0131n\u0131 destekleyebilir.\n\u0130\u00e7erdi\u011fi sa\u011fl\u0131kl\u0131 ya\u011flar kolesterol dengesine katk\u0131 sa\u011flayabilir.\n\nTokluk hissini art\u0131rabilir.\nY\u00fcksek protein ve lif i\u00e7eri\u011fi sayesinde kilo kontrol\u00fcne yard\u0131mc\u0131 olabilir.\n\nSindirim sistemini destekleyebilir.\nLifli yap\u0131s\u0131 ba\u011f\u0131rsak hareketlerinin d\u00fczenlenmesine katk\u0131 sa\u011flayabilir.\n\nSinir sistemi ve beyin fonksiyonlar\u0131n\u0131 destekleyebilir.\nOmega-3 i\u00e7eri\u011fi sayesinde bili\u015fsel fonksiyonlara katk\u0131 sunabilir.\n\nEnerji seviyesini destekleyebilir.\nBesin de\u011feri y\u00fcksek oldu\u011fu i\u00e7in yorgunluk hissinin azalmas\u0131na yard\u0131mc\u0131 olabilir.\n\nBaz\u0131 kaynaklarda tiroid, karaci\u011fer ve prostat sa\u011fl\u0131\u011f\u0131na katk\u0131s\u0131ndan s\u00f6z edilse de, bu konularda kesin tedavi edici etkiler bulundu\u011funa dair yeterli bilimsel kan\u0131t bulunmamaktad\u0131r. Bu nedenle ceviz suyu bir tedavi y\u00f6ntemi de\u011fil, beslenme deste\u011fi olarak de\u011ferlendirilmelidir.\n\n&#x1f964; Ceviz Suyu Nas\u0131l Haz\u0131rlan\u0131r?\n8\u201310 adet temizlenmi\u015f cevizi\n\n5\u20136 bardak i\u00e7me suyunun i\u00e7ine koyun\n\nYakla\u015f\u0131k 7\u20138 saat (gece boyunca) bekletin\n\nSabah a\u00e7 karn\u0131na bir bardak t\u00fcketebilirsiniz\n\nDileyenler ak\u015fam yatmadan \u00f6nce de i\u00e7ebilir. Ancak d\u00fczenli kullan\u0131m \u00f6ncesinde mutlaka bir sa\u011fl\u0131k uzman\u0131na dan\u0131\u015f\u0131lmas\u0131 \u00f6nerilir.\n\n\n\t\t\t\t<\/dd><\/dl>\n\t\t\t<br style='clear: both' \/>\n\t\t<\/div>\n\n","protected":false},"excerpt":{"rendered":"","protected":false},"author":1,"featured_media":6009,"comment_status":"open","ping_status":"open","sticky":false,"template":"","format":"standard","meta":{"footnotes":""},"categories":[9],"tags":[],"class_list":["post-6008","post","type-post","status-publish","format-standard","has-post-thumbnail","hentry","category-foto-galeri"],"_links":{"self":[{"href":"https:\/\/bilgitarif.com\/yeni\/wp-json\/wp\/v2\/posts\/6008","targetHints":{"allow":["GET"]}}],"collection":[{"href":"https:\/\/bilgitarif.com\/yeni\/wp-json\/wp\/v2\/posts"}],"about":[{"href":"https:\/\/bilgitarif.com\/yeni\/wp-json\/wp\/v2\/types\/post"}],"author":[{"embeddable":true,"href":"https:\/\/bilgitarif.com\/yeni\/wp-json\/wp\/v2\/users\/1"}],"replies":[{"embeddable":true,"href":"https:\/\/bilgitarif.com\/yeni\/wp-json\/wp\/v2\/comments?post=6008"}],"version-history":[{"count":1,"href":"https:\/\/bilgitarif.com\/yeni\/wp-json\/wp\/v2\/posts\/6008\/revisions"}],"predecessor-version":[{"id":6011,"href":"https:\/\/bilgitarif.com\/yeni\/wp-json\/wp\/v2\/posts\/6008\/revisions\/6011"}],"wp:featuredmedia":[{"embeddable":true,"href":"https:\/\/bilgitarif.com\/yeni\/wp-json\/wp\/v2\/media\/6009"}],"wp:attachment":[{"href":"https:\/\/bilgitarif.com\/yeni\/wp-json\/wp\/v2\/media?parent=6008"}],"wp:term":[{"taxonomy":"category","embeddable":true,"href":"https:\/\/bilgitarif.com\/yeni\/wp-json\/wp\/v2\/categories?post=6008"},{"taxonomy":"post_tag","embeddable":true,"href":"https:\/\/bilgitarif.com\/yeni\/wp-json\/wp\/v2\/tags?post=6008"}],"curies":[{"name":"wp","href":"https:\/\/api.w.org\/{rel}","templated":true}]}}