{"id":6000,"date":"2026-04-28T20:13:45","date_gmt":"2026-04-28T20:13:45","guid":{"rendered":"https:\/\/bilgitarif.com\/yeni\/?p=6000"},"modified":"2026-04-28T20:13:45","modified_gmt":"2026-04-28T20:13:45","slug":"30-nisan-3-mayis-2026-tarihleri-arasinda-gecerli-bim-aktuel-katalogu","status":"publish","type":"post","link":"https:\/\/bilgitarif.com\/yeni\/30-nisan-3-mayis-2026-tarihleri-arasinda-gecerli-bim-aktuel-katalogu\/","title":{"rendered":"30 Nisan \u2013 3 May\u0131s 2026 tarihleri aras\u0131nda ge\u00e7erli B\u0130M akt\u00fcel katalo\u011fu"},"content":{"rendered":"\n\t\t<style type=\"text\/css\">\n\t\t\t#gallery-1 {\n\t\t\t\tmargin: auto;\n\t\t\t}\n\t\t\t#gallery-1 .gallery-item {\n\t\t\t\tfloat: left;\n\t\t\t\tmargin-top: 10px;\n\t\t\t\ttext-align: center;\n\t\t\t\twidth: 33%;\n\t\t\t}\n\t\t\t#gallery-1 img {\n\t\t\t\tborder: 2px solid #cfcfcf;\n\t\t\t}\n\t\t\t#gallery-1 .gallery-caption {\n\t\t\t\tmargin-left: 0;\n\t\t\t}\n\t\t\t\/* see gallery_shortcode() in wp-includes\/media.php *\/\n\t\t<\/style>\n\t\t<div id='gallery-1' class='gallery galleryid-6000 gallery-columns-3 gallery-size-thumbnail'><dl class='gallery-item'>\n\t\t\t<dt class='gallery-icon landscape'>\n\t\t\t\t<a href='https:\/\/bilgitarif.com\/yeni\/30-nisan-3-mayis-2026-tarihleri-arasinda-gecerli-bim-aktuel-katalogu\/fds\/'><img loading=\"lazy\" decoding=\"async\" width=\"150\" height=\"150\" src=\"https:\/\/bilgitarif.com\/yeni\/wp-content\/uploads\/2026\/04\/FDS-150x150.png\" class=\"attachment-thumbnail size-thumbnail\" alt=\"\" aria-describedby=\"gallery-1-6001\" \/><\/a>\n\t\t\t<\/dt>\n\t\t\t\t<dd class='wp-caption-text gallery-caption' id='gallery-1-6001'>\n\t\t\t\t28 Nisan \u2013 1 May\u0131s 2026 tarihleri aras\u0131nda ge\u00e7erli B\u0130M akt\u00fcel katalo\u011fu, hem k\u00fc\u00e7\u00fck ev aletleri hem de temel g\u0131da \u00fcr\u00fcnlerinde sundu\u011fu cazip fiyatlarla t\u00fcketicilerin dikkatini \u00e7ekiyor. Her hafta oldu\u011fu gibi bu hafta da geni\u015f \u00fcr\u00fcn yelpazesiyle \u00f6ne \u00e7\u0131kan katalog, \u00f6zellikle ekonomik al\u0131\u015fveri\u015f yapmak isteyenler i\u00e7in \u00f6nemli f\u0131rsatlar bar\u0131nd\u0131r\u0131yor. Elektronikten mutfak ekipmanlar\u0131na, s\u00fct \u00fcr\u00fcnlerinden \u015fark\u00fcteri se\u00e7eneklerine kadar bir\u00e7ok kategoride indirime gidilmi\u015f durumda.\n\nBu haftan\u0131n en dikkat \u00e7eken \u00fcr\u00fcnlerinin ba\u015f\u0131nda k\u00fc\u00e7\u00fck ev aletleri geliyor. \u00d6zellikle kahve tutkunlar\u0131na hitap eden tam otomatik espresso makinesi, 16.990 TL\u2019lik fiyat\u0131yla raflarda yerini al\u0131yor. Evde profesyonel kahve deneyimi ya\u015famak isteyenler i\u00e7in tasarlanan bu \u00fcr\u00fcn, pratik kullan\u0131m\u0131 ve geli\u015fmi\u015f \u00f6zellikleriyle \u00f6ne \u00e7\u0131k\u0131yor. Ayn\u0131 \u015fekilde, g\u00fcnl\u00fck temizlik i\u015flerini kolayla\u015ft\u0131rmay\u0131 hedefleyen \u015farjl\u0131 s\u00fcp\u00fcrge de 11.990 TL\u2019den sat\u0131\u015fa sunuluyor. Kablosuz kullan\u0131m avantaj\u0131 ve ta\u015f\u0131nabilir yap\u0131s\u0131yla dikkat \u00e7eken \u00fcr\u00fcn, \u00f6zellikle pratik temizlik \u00e7\u00f6z\u00fcmleri arayan t\u00fcketicilere hitap ediyor. indirimin katalog devam\u0131 diger sayfada\n\n\n\t\t\t\t<\/dd><\/dl><dl class='gallery-item'>\n\t\t\t<dt class='gallery-icon landscape'>\n\t\t\t\t<a href='https:\/\/bilgitarif.com\/yeni\/30-nisan-3-mayis-2026-tarihleri-arasinda-gecerli-bim-aktuel-katalogu\/gfg-55\/'><img loading=\"lazy\" decoding=\"async\" width=\"150\" height=\"150\" src=\"https:\/\/bilgitarif.com\/yeni\/wp-content\/uploads\/2026\/04\/gfg-150x150.png\" class=\"attachment-thumbnail size-thumbnail\" alt=\"\" aria-describedby=\"gallery-1-6002\" \/><\/a>\n\t\t\t<\/dt>\n\t\t\t\t<dd class='wp-caption-text gallery-caption' id='gallery-1-6002'>\n\t\t\t\tMutfak kategorisinde ise uygun fiyatl\u0131 alternatifler g\u00f6ze \u00e7arp\u0131yor. Turbo f\u0131r\u0131n, hem beyaz hem de siyah renk se\u00e7enekleriyle 1.299 TL\u2019den sat\u0131\u015fa sunuluyor. Kompakt yap\u0131s\u0131 sayesinde dar alanlarda kullan\u0131m kolayl\u0131\u011f\u0131 sa\u011flayan bu \u00fcr\u00fcn, \u00f6zellikle \u00f6\u011frenciler ve k\u00fc\u00e7\u00fck mutfaklara sahip kullan\u0131c\u0131lar i\u00e7in ideal bir se\u00e7enek olarak \u00f6ne \u00e7\u0131k\u0131yor. Farkl\u0131 pi\u015firme fonksiyonlar\u0131yla \u00e7ok y\u00f6nl\u00fc kullan\u0131m sunan turbo f\u0131r\u0131n, uygun fiyat\u0131yla da dikkat \u00e7ekiyor.\n\nG\u0131da \u00fcr\u00fcnleri taraf\u0131nda da \u00f6nemli indirimler s\u00f6z konusu. \u00d6zellikle kahvalt\u0131l\u0131k ve temel t\u00fcketim \u00fcr\u00fcnlerinde yap\u0131lan fiyat d\u00fczenlemeleri, aile b\u00fct\u00e7esine katk\u0131 sa\u011flayacak t\u00fcrden. 1000 gram taze ka\u015far peyniri 349 TL\u2019den sat\u0131\u015fa sunulurken, 500 gram dana kangal sucuk 315 TL\u2019lik fiyat\u0131yla raflarda yerini al\u0131yor. Bu \u00fcr\u00fcnler, hem kalite hem de fiyat dengesi a\u00e7\u0131s\u0131ndan t\u00fcketicilerin ilgisini \u00e7ekiyor.\n\nS\u00fct \u00fcr\u00fcnleri kategorisinde ise \u00e7e\u015fitlilik dikkat \u00e7ekiyor. 450 gram olgunla\u015ft\u0131r\u0131lm\u0131\u015f tam ya\u011fl\u0131 klasik inek peyniri 199 TL\u2019den sat\u0131\u015fa sunulurken, 800 gram yar\u0131m ya\u011fl\u0131 beyaz peynir 159 TL\u2019lik fiyat\u0131yla \u00f6ne \u00e7\u0131k\u0131yor. G\u00fcnl\u00fck t\u00fcketimde s\u0131k\u00e7a tercih edilen bu \u00fcr\u00fcnlerin indirimli fiyatlarla sunulmas\u0131, \u00f6zellikle kalabal\u0131k aileler i\u00e7in \u00f6nemli bir avantaj olu\u015fturuyor. Bunun yan\u0131 s\u0131ra farkl\u0131 s\u00fct ve s\u00fct \u00fcr\u00fcn\u00fc se\u00e7eneklerinin de kampanya kapsam\u0131nda yer almas\u0131, al\u0131\u015fveri\u015fte alternatifleri art\u0131r\u0131yor.\n\nUzmanlar, bu t\u00fcr akt\u00fcel kataloglar\u0131n \u00f6zellikle artan ya\u015fam maliyetleri kar\u015f\u0131s\u0131nda t\u00fcketiciler i\u00e7in \u00f6nemli bir rehber haline geldi\u011fini belirtiyor. Haftal\u0131k olarak yenilenen kampanyalar sayesinde t\u00fcketiciler ihtiya\u00e7lar\u0131n\u0131 daha uygun fiyatlarla kar\u015f\u0131layabiliyor. Ancak yo\u011fun talep g\u00f6ren \u00fcr\u00fcnlerde stoklar\u0131n s\u0131n\u0131rl\u0131 olabilece\u011fi ve ma\u011fazadan ma\u011fazaya fiyat farkl\u0131l\u0131klar\u0131 ya\u015fanabilece\u011fi de hat\u0131rlat\u0131l\u0131yor. Bu nedenle al\u0131\u015fveri\u015f yapmak isteyenlerin kampanya ba\u015flang\u0131\u00e7 tarihlerini takip etmeleri ve erken saatlerde ma\u011fazalara gitmeleri \u00f6neriliyor.\n\n\u00d6te yandan, t\u00fcketiciler yaln\u0131zca ma\u011faza ziyaretleriyle de\u011fil, online platformlar \u00fczerinden de kataloglara eri\u015fim sa\u011flayabiliyor. B\u00f6ylece al\u0131\u015fveri\u015f \u00f6ncesinde \u00fcr\u00fcnleri kar\u015f\u0131la\u015ft\u0131rmak ve b\u00fct\u00e7eye uygun bir planlama yapmak daha kolay hale geliyor. Fiyat kar\u015f\u0131la\u015ft\u0131rma siteleri ve resmi katalog sayfalar\u0131, bu s\u00fcre\u00e7te kullan\u0131c\u0131lar\u0131n en \u00e7ok ba\u015fvurdu\u011fu kaynaklar aras\u0131nda yer al\u0131yor.\n\nSonu\u00e7 olarak, 28 Nisan \u2013 1 May\u0131s 2026 tarihli B\u0130M akt\u00fcel katalo\u011fu, hem elektronik hem de g\u0131da kategorisinde sundu\u011fu geni\u015f \u00fcr\u00fcn yelpazesi ve uygun fiyatlar\u0131yla dikkat \u00e7ekiyor. \u00d6zellikle k\u00fc\u00e7\u00fck ev aletleri ve temel t\u00fcketim \u00fcr\u00fcnlerinde yap\u0131lan indirimler, t\u00fcketicilere b\u00fct\u00e7e dostu al\u0131\u015fveri\u015f imk\u00e2n\u0131 sunuyor. Kampanyadan yararlanmak isteyenlerin ise stok durumunu g\u00f6z \u00f6n\u00fcnde bulundurarak planl\u0131 hareket etmeleri \u00f6nem ta\u015f\u0131yor.\n\n\n\t\t\t\t<\/dd><\/dl>\n\t\t\t<br style='clear: both' \/>\n\t\t<\/div>\n\n","protected":false},"excerpt":{"rendered":"","protected":false},"author":1,"featured_media":6001,"comment_status":"open","ping_status":"open","sticky":false,"template":"","format":"standard","meta":{"footnotes":""},"categories":[9],"tags":[],"class_list":["post-6000","post","type-post","status-publish","format-standard","has-post-thumbnail","hentry","category-foto-galeri"],"_links":{"self":[{"href":"https:\/\/bilgitarif.com\/yeni\/wp-json\/wp\/v2\/posts\/6000","targetHints":{"allow":["GET"]}}],"collection":[{"href":"https:\/\/bilgitarif.com\/yeni\/wp-json\/wp\/v2\/posts"}],"about":[{"href":"https:\/\/bilgitarif.com\/yeni\/wp-json\/wp\/v2\/types\/post"}],"author":[{"embeddable":true,"href":"https:\/\/bilgitarif.com\/yeni\/wp-json\/wp\/v2\/users\/1"}],"replies":[{"embeddable":true,"href":"https:\/\/bilgitarif.com\/yeni\/wp-json\/wp\/v2\/comments?post=6000"}],"version-history":[{"count":1,"href":"https:\/\/bilgitarif.com\/yeni\/wp-json\/wp\/v2\/posts\/6000\/revisions"}],"predecessor-version":[{"id":6003,"href":"https:\/\/bilgitarif.com\/yeni\/wp-json\/wp\/v2\/posts\/6000\/revisions\/6003"}],"wp:featuredmedia":[{"embeddable":true,"href":"https:\/\/bilgitarif.com\/yeni\/wp-json\/wp\/v2\/media\/6001"}],"wp:attachment":[{"href":"https:\/\/bilgitarif.com\/yeni\/wp-json\/wp\/v2\/media?parent=6000"}],"wp:term":[{"taxonomy":"category","embeddable":true,"href":"https:\/\/bilgitarif.com\/yeni\/wp-json\/wp\/v2\/categories?post=6000"},{"taxonomy":"post_tag","embeddable":true,"href":"https:\/\/bilgitarif.com\/yeni\/wp-json\/wp\/v2\/tags?post=6000"}],"curies":[{"name":"wp","href":"https:\/\/api.w.org\/{rel}","templated":true}]}}