{"id":5979,"date":"2026-04-28T19:45:46","date_gmt":"2026-04-28T19:45:46","guid":{"rendered":"https:\/\/bilgitarif.com\/yeni\/?p=5979"},"modified":"2026-04-28T19:45:46","modified_gmt":"2026-04-28T19:45:46","slug":"yeni-dogan-bebegimi-eve-getirdim-gunler-sonra-esimin-telefonunda-gordugum-mesaj-her-seyi-altust-etti","status":"publish","type":"post","link":"https:\/\/bilgitarif.com\/yeni\/yeni-dogan-bebegimi-eve-getirdim-gunler-sonra-esimin-telefonunda-gordugum-mesaj-her-seyi-altust-etti\/","title":{"rendered":"Yeni Do\u011fan Bebe\u011fimi Eve Getirdim\u2026 G\u00fcnler Sonra E\u015fimin Telefonunda G\u00f6rd\u00fc\u011f\u00fcm Mesaj Her \u015eeyi Alt\u00fcst Etti"},"content":{"rendered":"\n\t\t<style type=\"text\/css\">\n\t\t\t#gallery-1 {\n\t\t\t\tmargin: auto;\n\t\t\t}\n\t\t\t#gallery-1 .gallery-item {\n\t\t\t\tfloat: left;\n\t\t\t\tmargin-top: 10px;\n\t\t\t\ttext-align: center;\n\t\t\t\twidth: 33%;\n\t\t\t}\n\t\t\t#gallery-1 img {\n\t\t\t\tborder: 2px solid #cfcfcf;\n\t\t\t}\n\t\t\t#gallery-1 .gallery-caption {\n\t\t\t\tmargin-left: 0;\n\t\t\t}\n\t\t\t\/* see gallery_shortcode() in wp-includes\/media.php *\/\n\t\t<\/style>\n\t\t<div id='gallery-1' class='gallery galleryid-5979 gallery-columns-3 gallery-size-thumbnail'><dl class='gallery-item'>\n\t\t\t<dt class='gallery-icon portrait'>\n\t\t\t\t<a href='https:\/\/bilgitarif.com\/yeni\/yeni-dogan-bebegimi-eve-getirdim-gunler-sonra-esimin-telefonunda-gordugum-mesaj-her-seyi-altust-etti\/g-6\/'><img loading=\"lazy\" decoding=\"async\" width=\"150\" height=\"150\" src=\"https:\/\/bilgitarif.com\/yeni\/wp-content\/uploads\/2026\/04\/g-150x150.jpg\" class=\"attachment-thumbnail size-thumbnail\" alt=\"\" aria-describedby=\"gallery-1-5980\" \/><\/a>\n\t\t\t<\/dt>\n\t\t\t\t<dd class='wp-caption-text gallery-caption' id='gallery-1-5980'>\n\t\t\t\t\u201cG\u00f6z\u00fcn\u00fcz ayd\u0131n, bir k\u0131z\u0131n\u0131z oldu,\u201d dediklerinde a\u011flamaktan kendimi alamam\u0131\u015ft\u0131m. Y\u0131llard\u0131r anne olmay\u0131 hayal ediyordum. Ama eve d\u00f6nd\u00fckten sonra i\u00e7imde a\u00e7\u0131klayamad\u0131\u011f\u0131m bir huzursuzluk ba\u015flad\u0131. K\u0131z\u0131m\u0131n kula\u011f\u0131n\u0131n alt\u0131ndaki k\u00fc\u00e7\u00fck k\u0131rm\u0131z\u0131 izi hat\u0131rl\u0131yordum\u2026 ama be\u015fikte yatan bebekte o iz yoktu. Sa\u00e7lar\u0131 farkl\u0131yd\u0131, a\u011flamas\u0131 bile bana yabanc\u0131 geliyordu. E\u015fim Murat\u2019a s\u00f6yledi\u011fimde beni ge\u00e7i\u015ftirdi. Ama onun da davran\u0131\u015flar\u0131 de\u011fi\u015fmi\u015fti. Sonra o mesaj\u0131 g\u00f6rd\u00fcm: \u201cE\u015fin asla de\u011fi\u015fimi \u00f6\u011frenmemeli.\u201d Hi\u00e7 d\u00fc\u015f\u00fcnmeden bebe\u011fi al\u0131p hastaneye gittim. Ba\u015fhem\u015firenin odas\u0131na girdi\u011fimde kar\u015f\u0131mdaki ki\u015fiyi g\u00f6r\u00fcnce \u00e7\u0131\u011fl\u0131k att\u0131m.\n\nKar\u015f\u0131mda Murat\u2019\u0131n eski sevgilisi duruyordu. Ad\u0131n\u0131 y\u0131llar \u00f6nce duymu\u015ftum ama hi\u00e7 kar\u015f\u0131la\u015fmam\u0131\u015ft\u0131k. \u00dczerinde hem\u015fire \u00fcniformas\u0131 vard\u0131. Bir an g\u00f6z g\u00f6ze geldik. Y\u00fcz\u00fcndeki panik her \u015feyi ele veriyordu. \u201cSen\u2026\u201d dedim, nefesim kesilmi\u015fti. \u201cBurada ne yap\u0131yorsun?\u201d Kad\u0131n bir ad\u0131m geri \u00e7ekildi. Kap\u0131y\u0131 kapatan g\u00f6revli sessizce d\u0131\u015far\u0131 \u00e7\u0131kt\u0131. Oda bir anda a\u011f\u0131r bir sessizli\u011fe b\u00fcr\u00fcnd\u00fc.\n\n\u201cBu\u2026 bir yanl\u0131\u015f anla\u015f\u0131lma,\u201d dedi kad\u0131n. Ama sesi titriyordu. Elimdeki bebe\u011fe bakt\u0131, sonra g\u00f6zlerini ka\u00e7\u0131rd\u0131. \u201cYanl\u0131\u015f anla\u015f\u0131lma m\u0131?\u201d diye ba\u011f\u0131rd\u0131m. \u201cBenim bebe\u011fim nerede?\u201d Sesim o kadar y\u00fcksekti ki koridordan ayak sesleri geldi ama kimse i\u00e7eri girmedi. Kad\u0131n dudaklar\u0131n\u0131 \u0131s\u0131rd\u0131. \u201cL\u00fctfen sakin ol,\u201d dedi. \u201cHer \u015feyi a\u00e7\u0131klayabilirim.\u201d\n\n\u201c\u015eimdi,\u201d dedim di\u015flerimi s\u0131karak. \u201cHemen.\u201d\n\nKad\u0131n derin bir nefes ald\u0131. \u201cMurat\u2026 bana ula\u015ft\u0131,\u201d dedi sonunda. Bu c\u00fcmleyle birlikte i\u00e7imdeki son umut k\u0131r\u0131nt\u0131s\u0131 da yok oldu. \u201cDo\u011fumdan \u00f6nce beni buldu. Y\u0131llard\u0131r konu\u015fmuyorduk ama\u2026\u201d sustu. \u201cAma ne?\u201d diye bast\u0131rd\u0131m.\n\n\u201cBen de hamileydim,\u201d dedi.\n\nD\u00fcnya bir an durdu.\n\n\u201cElimdeki bebek\u2026\u201d diye f\u0131s\u0131ldad\u0131m.\n\nKad\u0131n g\u00f6zlerini kapatt\u0131. \u201cBenim k\u0131z\u0131m,\u201d dedi.\n\nO an dizlerimin ba\u011f\u0131 \u00e7\u00f6z\u00fcld\u00fc. Sandalyeye tutunarak ayakta kalabildim. \u201cBu nas\u0131l m\u00fcmk\u00fcn olabilir?\u201d diye f\u0131s\u0131ldad\u0131m. \u201cBenim bebe\u011fim nerede?\u201d\n\nKad\u0131n a\u011flamaya ba\u015flad\u0131. \u201cSenin bebe\u011fin\u2026 yo\u011fun bak\u0131mda,\u201d dedi.\n\nKalbim g\u00f6\u011fs\u00fcmden \u00e7\u0131kacak gibi oldu. \u201cNe?\u201d\n\n\u201cDo\u011fumdan sonra bir komplikasyon oldu. Nefes almakta zorland\u0131. Doktorlar m\u00fcdahale etti. Ama Murat\u2026 bunu sana s\u00f6ylememi istemedi.\u201d\n\nG\u00f6zlerim karard\u0131. \u201cO y\u00fczden mi bebe\u011fimi de\u011fi\u015ftirdiniz?\u201d\n\nKad\u0131n ba\u015f\u0131n\u0131 sallad\u0131. \u201cMurat, senin bunu kald\u0131ramayaca\u011f\u0131n\u0131 d\u00fc\u015f\u00fcnd\u00fc. Seni korudu\u011funu sand\u0131. Ben de\u2026 ben de hata yapt\u0131m. Kendi bebe\u011fimi sana verdim. Senin bebe\u011fini de hastanede tuttuk. Sadece birka\u00e7 g\u00fcnl\u00fc\u011f\u00fcne\u2026 her \u015fey d\u00fczelene kadar.\u201d\n\n\u201cBirka\u00e7 g\u00fcn m\u00fc?\u201d diye ba\u011f\u0131rd\u0131m. \u201cBu bir bebek! Bu benim k\u0131z\u0131m!\u201d\n\nKap\u0131 a\u00e7\u0131ld\u0131. \u0130\u00e7eri ya\u015fl\u0131 bir doktor girdi. Y\u00fcz\u00fc ciddi ve yorgundu. \u201cHer \u015feyi duydum,\u201d dedi sakin ama kararl\u0131 bir sesle. \u201cBu durum kontrol\u00fcm\u00fczden \u00e7\u0131kt\u0131.\u201d Bana d\u00f6nd\u00fc. \u201cBebe\u011finiz hayatta. Yo\u011fun bak\u0131mda ama durumu stabil.\u201d\n\nG\u00f6zya\u015flar\u0131m akmaya ba\u015flad\u0131. \u201cOnu g\u00f6rmek istiyorum,\u201d dedim..\n\t\t\t\t<\/dd><\/dl><dl class='gallery-item'>\n\t\t\t<dt class='gallery-icon portrait'>\n\t\t\t\t<a href='https:\/\/bilgitarif.com\/yeni\/yeni-dogan-bebegimi-eve-getirdim-gunler-sonra-esimin-telefonunda-gordugum-mesaj-her-seyi-altust-etti\/yeni-dogan\/'><img loading=\"lazy\" decoding=\"async\" width=\"150\" height=\"150\" src=\"https:\/\/bilgitarif.com\/yeni\/wp-content\/uploads\/2026\/04\/yeni-dogan-150x150.jpg\" class=\"attachment-thumbnail size-thumbnail\" alt=\"\" aria-describedby=\"gallery-1-5981\" \/><\/a>\n\t\t\t<\/dt>\n\t\t\t\t<dd class='wp-caption-text gallery-caption' id='gallery-1-5981'>\n\t\t\t\tDoktor ba\u015f\u0131n\u0131 sallad\u0131. \u201cHemen.\u201d\n\nKoridor boyunca y\u00fcr\u00fcrken bacaklar\u0131m titriyordu. Kalbim par\u00e7alanm\u0131\u015ft\u0131. Beni yo\u011fun bak\u0131m \u00fcnitesine g\u00f6t\u00fcrd\u00fcler. Cam\u0131n arkas\u0131nda k\u00fc\u00e7\u00fck bir bebek yat\u0131yordu. T\u00fcp ve cihazlarla \u00e7evriliydi. Ama\u2026 kula\u011f\u0131n\u0131n alt\u0131nda k\u00fc\u00e7\u00fck k\u0131rm\u0131z\u0131 bir iz vard\u0131.\n\nBenim bebe\u011fimdi.\n\nCam\u0131n \u00f6n\u00fcnde \u00e7\u00f6kt\u00fcm. Ellerimi cama koydum. \u201cBuraday\u0131m,\u201d diye f\u0131s\u0131ldad\u0131m. \u201cAnne burada.\u201d\n\nArkamdan ayak sesleri geldi. Murat\u2019t\u0131. Y\u00fcz\u00fc bembeyazd\u0131. Bana yakla\u015fmaya \u00e7al\u0131\u015ft\u0131. \u201cDinle beni,\u201d dedi.\n\nArkam\u0131 d\u00f6nd\u00fcm. G\u00f6zlerimdeki \u00f6fke onu durdurdu. \u201cSen ne yapt\u0131\u011f\u0131n\u0131 biliyor musun?\u201d dedim.\n\n\u201cSeni korumaya \u00e7al\u0131\u015ft\u0131m,\u201d dedi.\n\n\u201cHay\u0131r,\u201d dedim. \u201cBeni kand\u0131rd\u0131n.\u201d\n\nSessizlik oldu.\n\n\u201cBana g\u00fcvenmedin,\u201d diye devam ettim. \u201cBenim \u00e7ocu\u011fum i\u00e7in sava\u015fmama izin vermedin.\u201d\n\nMurat\u2019\u0131n g\u00f6zleri doldu. Ama bu art\u0131k hi\u00e7bir \u015feyi de\u011fi\u015ftirmiyordu.\n\nO g\u00fcn hastanede kald\u0131m. Saatlerce cam\u0131n \u00f6n\u00fcnden ayr\u0131lmad\u0131m. G\u00fcnler ge\u00e7ti. Bebe\u011fim g\u00fc\u00e7lendi. Nihayet onu kuca\u011f\u0131ma alabildi\u011fim g\u00fcn\u2026 hayat\u0131m\u0131n en ger\u00e7ek an\u0131yd\u0131.\n\nDi\u011fer bebek\u2026 yani Murat\u2019\u0131n eski sevgilisinin k\u0131z\u0131\u2026 annesine verildi.\n\nOlanlar ara\u015ft\u0131r\u0131ld\u0131. Hastane y\u00f6netimi devreye girdi. B\u00fcy\u00fck bir skandal patlad\u0131.\n\nAma benim i\u00e7in mesele skandal de\u011fildi.\n\nMesele g\u00fcvendi\u011fim insan\u0131n\u2026 beni en b\u00fcy\u00fck korkumla ba\u015f ba\u015fa b\u0131rakmas\u0131yd\u0131.\n\nBir s\u00fcre sonra Murat\u2019la yollar\u0131m\u0131z\u0131 ay\u0131rd\u0131m.\n\n\u00c7\u00fcnk\u00fc bir anne olarak \u00f6\u011frendi\u011fim en \u00f6nemli \u015fey \u015fuydu:\n\nGer\u00e7ek, ne kadar ac\u0131 olursa olsun\u2026 yalandan her zaman daha g\u00fcvenlidir.\n\nVe o k\u00fc\u00e7\u00fck k\u0131rm\u0131z\u0131 iz\u2026\n\nBana her zaman \u015funu hat\u0131rlatt\u0131:\n\nBir anne, \u00e7ocu\u011funu her durumda tan\u0131r.\n\t\t\t\t<\/dd><\/dl>\n\t\t\t<br style='clear: both' \/>\n\t\t<\/div>\n\n","protected":false},"excerpt":{"rendered":"","protected":false},"author":1,"featured_media":5980,"comment_status":"open","ping_status":"open","sticky":false,"template":"","format":"standard","meta":{"footnotes":""},"categories":[9],"tags":[],"class_list":["post-5979","post","type-post","status-publish","format-standard","has-post-thumbnail","hentry","category-foto-galeri"],"_links":{"self":[{"href":"https:\/\/bilgitarif.com\/yeni\/wp-json\/wp\/v2\/posts\/5979","targetHints":{"allow":["GET"]}}],"collection":[{"href":"https:\/\/bilgitarif.com\/yeni\/wp-json\/wp\/v2\/posts"}],"about":[{"href":"https:\/\/bilgitarif.com\/yeni\/wp-json\/wp\/v2\/types\/post"}],"author":[{"embeddable":true,"href":"https:\/\/bilgitarif.com\/yeni\/wp-json\/wp\/v2\/users\/1"}],"replies":[{"embeddable":true,"href":"https:\/\/bilgitarif.com\/yeni\/wp-json\/wp\/v2\/comments?post=5979"}],"version-history":[{"count":1,"href":"https:\/\/bilgitarif.com\/yeni\/wp-json\/wp\/v2\/posts\/5979\/revisions"}],"predecessor-version":[{"id":5982,"href":"https:\/\/bilgitarif.com\/yeni\/wp-json\/wp\/v2\/posts\/5979\/revisions\/5982"}],"wp:featuredmedia":[{"embeddable":true,"href":"https:\/\/bilgitarif.com\/yeni\/wp-json\/wp\/v2\/media\/5980"}],"wp:attachment":[{"href":"https:\/\/bilgitarif.com\/yeni\/wp-json\/wp\/v2\/media?parent=5979"}],"wp:term":[{"taxonomy":"category","embeddable":true,"href":"https:\/\/bilgitarif.com\/yeni\/wp-json\/wp\/v2\/categories?post=5979"},{"taxonomy":"post_tag","embeddable":true,"href":"https:\/\/bilgitarif.com\/yeni\/wp-json\/wp\/v2\/tags?post=5979"}],"curies":[{"name":"wp","href":"https:\/\/api.w.org\/{rel}","templated":true}]}}