{"id":5975,"date":"2026-04-28T19:43:00","date_gmt":"2026-04-28T19:43:00","guid":{"rendered":"https:\/\/bilgitarif.com\/yeni\/?p=5975"},"modified":"2026-04-28T19:43:00","modified_gmt":"2026-04-28T19:43:00","slug":"uyku-problemleri-icin-ne-zaman-doktora-gorunmelisiniz","status":"publish","type":"post","link":"https:\/\/bilgitarif.com\/yeni\/uyku-problemleri-icin-ne-zaman-doktora-gorunmelisiniz\/","title":{"rendered":"Uyku Problemleri \u0130\u00e7in Ne Zaman Doktora G\u00f6r\u00fcnmelisiniz."},"content":{"rendered":"\n\t\t<style type=\"text\/css\">\n\t\t\t#gallery-1 {\n\t\t\t\tmargin: auto;\n\t\t\t}\n\t\t\t#gallery-1 .gallery-item {\n\t\t\t\tfloat: left;\n\t\t\t\tmargin-top: 10px;\n\t\t\t\ttext-align: center;\n\t\t\t\twidth: 33%;\n\t\t\t}\n\t\t\t#gallery-1 img {\n\t\t\t\tborder: 2px solid #cfcfcf;\n\t\t\t}\n\t\t\t#gallery-1 .gallery-caption {\n\t\t\t\tmargin-left: 0;\n\t\t\t}\n\t\t\t\/* see gallery_shortcode() in wp-includes\/media.php *\/\n\t\t<\/style>\n\t\t<div id='gallery-1' class='gallery galleryid-5975 gallery-columns-3 gallery-size-thumbnail'><dl class='gallery-item'>\n\t\t\t<dt class='gallery-icon portrait'>\n\t\t\t\t<a href='https:\/\/bilgitarif.com\/yeni\/uyku-problemleri-icin-ne-zaman-doktora-gorunmelisiniz\/bb-2\/'><img loading=\"lazy\" decoding=\"async\" width=\"150\" height=\"150\" src=\"https:\/\/bilgitarif.com\/yeni\/wp-content\/uploads\/2026\/04\/bb-150x150.jpg\" class=\"attachment-thumbnail size-thumbnail\" alt=\"\" aria-describedby=\"gallery-1-5976\" \/><\/a>\n\t\t\t<\/dt>\n\t\t\t\t<dd class='wp-caption-text gallery-caption' id='gallery-1-5976'>\n\t\t\t\tUyku Sorunlar\u0131 Ne Zaman Ciddiye Al\u0131nmal\u0131?\nUyku, hem fiziksel hem de zihinsel sa\u011fl\u0131\u011f\u0131 korumada hayati bir rol oynar. Ara s\u0131ra uykunun b\u00f6l\u00fcnmesi normal olsa da, devam eden sorunlar daha derin sa\u011fl\u0131k problemlerinin habercisi olabilir. Uzun vadeli sonu\u00e7lar\u0131 \u00f6nlemek ve sa\u011fl\u0131kl\u0131 uyku d\u00fczenine yeniden kavu\u015fmak i\u00e7in ne zaman t\u0131bbi yard\u0131m alman\u0131z gerekti\u011fini bilmek \u00e7ok \u00f6nemlidir.\n\nHaftalarca S\u00fcren \u0130nat\u00e7\u0131 Uyku Sorunlar\u0131\nE\u011fer birka\u00e7 haftadan uzun bir s\u00fcredir uykuya dalmakta zorluk \u00e7ekiyor, gece boyu uykuda kalam\u0131yor veya \u00e7ok erken uyan\u0131yorsan\u0131z, bu durum ge\u00e7ici bir stresten daha fazlas\u0131 olabilir. Bu belirtiler genellikle uykusuzluk hastal\u0131\u011f\u0131 (insomnia) ile ili\u015fkilendirilir ve g\u00f6z ard\u0131 edilmemelidir.\n\nKronik uyku sorunlar\u0131 \u015funlara yol a\u00e7abilir.\n\t\t\t\t<\/dd><\/dl><dl class='gallery-item'>\n\t\t\t<dt class='gallery-icon landscape'>\n\t\t\t\t<a href='https:\/\/bilgitarif.com\/yeni\/uyku-problemleri-icin-ne-zaman-doktora-gorunmelisiniz\/uyk\/'><img loading=\"lazy\" decoding=\"async\" width=\"150\" height=\"150\" src=\"https:\/\/bilgitarif.com\/yeni\/wp-content\/uploads\/2026\/04\/uyk-150x150.jpg\" class=\"attachment-thumbnail size-thumbnail\" alt=\"\" aria-describedby=\"gallery-1-5977\" \/><\/a>\n\t\t\t<\/dt>\n\t\t\t\t<dd class='wp-caption-text gallery-caption' id='gallery-1-5977'>\n\t\t\t\tG\u00fcn Boyu S\u00fcren Bitkinlik Hali\nGece tam s\u00fcre uyuman\u0131za ra\u011fmen g\u00fcn i\u00e7inde kendinizi a\u015f\u0131r\u0131 yorgun hissetmek, \u00f6nemli bir uyar\u0131 i\u015faretidir. Bu durum genellikle uyku s\u00fcresinin azl\u0131\u011f\u0131ndan ziyade, uyku kalitesinin d\u00fc\u015f\u00fckl\u00fc\u011f\u00fcne i\u015faret eder. Uyku Apnesi gibi durumlar, siz fark\u0131nda olmadan gece boyu nefesinizi keserek uykunuzun s\u0131k s\u0131k b\u00f6l\u00fcnmesine neden olabilir.\n\n\u015eu belirtilere dikkat edin:\n\n\u015eiddetli horlama\n\nGece nefessiz kalarak uyanma\n\nSabahlar\u0131 g\u00f6r\u00fclen ba\u015f a\u011fr\u0131lar\u0131\n\nUyand\u0131\u011f\u0131n\u0131zda a\u011f\u0131z kurulu\u011fu\n\n3. Ruh Sa\u011fl\u0131\u011f\u0131n\u0131 Etkileyen Uyku Sorunlar\u0131\nUyku ve ruh sa\u011fl\u0131\u011f\u0131 birbirine derinden ba\u011fl\u0131d\u0131r. E\u011fer uyku sorunlar\u0131n\u0131za \u015funlar e\u015flik ediyorsa profesyonel yard\u0131m alman\u0131z \u00f6nemlidir:\n\nKayg\u0131 ve endi\u015fe hali\n\nKaramsarl\u0131k ve depresif hisler\n\nDuygu durum dalgalanmalar\u0131\n\nY\u00fcksek stres seviyeleri\n\nYetersiz uyku, ruhsal durumlar\u0131 k\u00f6t\u00fcle\u015ftirerek i\u00e7inden \u00e7\u0131k\u0131lmas\u0131 zor, zararl\u0131 bir d\u00f6ng\u00fc yaratabilir.\n\n4. Gece Ya\u015fanan Fiziksel Rahats\u0131zl\u0131klar\nBaz\u0131 fiziksel durumlar konforlu bir uykuyu imkans\u0131z hale getirebilir. Yayg\u0131n \u00f6rnekler \u015funlard\u0131r:\n\nBacaklarda hareket etme iste\u011fi uyand\u0131ran Huzursuz Bacak Sendromu\n\nKronik a\u011fr\u0131lar\n\nMide yanmas\u0131 ve refl\u00fc\n\nGeceleri s\u0131k idrar \u00e7\u0131kma\n\nE\u011fer v\u00fccudunuz d\u00fczg\u00fcn dinlenmenize izin vermiyorsa, t\u0131bbi bir de\u011ferlendirme \u015fartt\u0131r.\n\n5. Ola\u011fand\u0131\u015f\u0131 Uyku Davran\u0131\u015flar\u0131 veya Kabuslar\nUyku bozukluklar\u0131 sadece uykusuzluktan ibaret de\u011fildir. Baz\u0131 durumlar \u015fu garip davran\u0131\u015flar\u0131 i\u00e7erebilir:\n\nUyurgezerlik\n\nUykuda konu\u015fma\n\nR\u00fcyalar\u0131 fiziksel olarak ya\u015fama (hareket etme)\n\nS\u0131k ve yo\u011fun kabuslar\n\nBunlar, derinlerde yatan n\u00f6rolojik veya psikolojik durumlar\u0131n i\u015fareti olabilir ve bir doktor taraf\u0131ndan incelenmelidir.\n\n6. Uyku D\u00fczenindeki Ani De\u011fi\u015fimler\nE\u011fer uyku program\u0131n\u0131z belirgin bir sebep olmaks\u0131z\u0131n aniden de\u011fi\u015firse (\u00f6rne\u011fin her gece ayn\u0131 saatte uyanmaya ba\u015flarsan\u0131z), bu durum \u015funlarla ba\u011flant\u0131l\u0131 olabilir:\n\nHormonal dengesizlikler\n\nYo\u011fun stres\n\nAltta yatan ba\u015fka sa\u011fl\u0131k sorunlar\u0131\n\n\u00d6zellikle kal\u0131c\u0131 hale gelen ani kesintiler asla g\u00f6rmezden gelinmemelidir.\n\n7. Ya\u015fam Tarz\u0131 De\u011fi\u015fikliklerine Ra\u011fmen \u0130yile\u015fme Olmamas\u0131\nPek \u00e7ok insan uyku sorunlar\u0131n\u0131 \u015fu yollarla \u00e7\u00f6zmeye \u00e7al\u0131\u015f\u0131r:\n\nKafein t\u00fcketimini azaltmak\n\nYatmadan \u00f6nce ekran kullan\u0131m\u0131n\u0131 s\u0131n\u0131rlamak\n\nUyku \u00f6ncesi rutinlerini iyile\u015ftirmek\n\n\u00d6rne\u011fin Samsun\u2019da ya\u015fayan Bahar, t\u00fcm bu y\u00f6ntemleri denemesine ra\u011fmen uykusuzluk \u00e7ekmeye devam edince Ondokuz May\u0131s \u00dcniversitesi Hastanesi\u2019ndeki uzmanlara ba\u015fvurarak \u00e7\u00f6z\u00fcm bulmu\u015ftur. E\u011fer bu t\u00fcr de\u011fi\u015fiklikler i\u015fe yaram\u0131yorsa, sorun t\u0131bbi bir te\u015fhis ve tedavi gerektiriyor olabilir.\n\nSonu\u00e7\nAra s\u0131ra ya\u015fanan uyku problemleri normaldir ancak kal\u0131c\u0131 veya \u015fiddetli sorunlar asla hafife al\u0131nmamal\u0131d\u0131r. E\u011fer uyku g\u00fc\u00e7l\u00fckleriniz haftalarca s\u00fcr\u00fcyorsa, g\u00fcnl\u00fck hayat\u0131n\u0131z\u0131 etkiliyorsa, al\u0131\u015f\u0131lmad\u0131k belirtiler i\u00e7eriyorsa ve basit al\u0131\u015fkanl\u0131klarla d\u00fczelmiyorsa, bir doktora g\u00f6r\u00fcnme vaktiniz gelmi\u015f demektir.\n\nErken m\u00fcdahale, temel nedeni belirlemenize, uyku kalitenizi art\u0131rman\u0131za ve genel sa\u011fl\u0131\u011f\u0131n\u0131z\u0131 koruman\u0131za yard\u0131mc\u0131 olur.\n\n\n\t\t\t\t<\/dd><\/dl>\n\t\t\t<br style='clear: both' \/>\n\t\t<\/div>\n\n","protected":false},"excerpt":{"rendered":"","protected":false},"author":1,"featured_media":5976,"comment_status":"open","ping_status":"open","sticky":false,"template":"","format":"standard","meta":{"footnotes":""},"categories":[9],"tags":[],"class_list":["post-5975","post","type-post","status-publish","format-standard","has-post-thumbnail","hentry","category-foto-galeri"],"_links":{"self":[{"href":"https:\/\/bilgitarif.com\/yeni\/wp-json\/wp\/v2\/posts\/5975","targetHints":{"allow":["GET"]}}],"collection":[{"href":"https:\/\/bilgitarif.com\/yeni\/wp-json\/wp\/v2\/posts"}],"about":[{"href":"https:\/\/bilgitarif.com\/yeni\/wp-json\/wp\/v2\/types\/post"}],"author":[{"embeddable":true,"href":"https:\/\/bilgitarif.com\/yeni\/wp-json\/wp\/v2\/users\/1"}],"replies":[{"embeddable":true,"href":"https:\/\/bilgitarif.com\/yeni\/wp-json\/wp\/v2\/comments?post=5975"}],"version-history":[{"count":1,"href":"https:\/\/bilgitarif.com\/yeni\/wp-json\/wp\/v2\/posts\/5975\/revisions"}],"predecessor-version":[{"id":5978,"href":"https:\/\/bilgitarif.com\/yeni\/wp-json\/wp\/v2\/posts\/5975\/revisions\/5978"}],"wp:featuredmedia":[{"embeddable":true,"href":"https:\/\/bilgitarif.com\/yeni\/wp-json\/wp\/v2\/media\/5976"}],"wp:attachment":[{"href":"https:\/\/bilgitarif.com\/yeni\/wp-json\/wp\/v2\/media?parent=5975"}],"wp:term":[{"taxonomy":"category","embeddable":true,"href":"https:\/\/bilgitarif.com\/yeni\/wp-json\/wp\/v2\/categories?post=5975"},{"taxonomy":"post_tag","embeddable":true,"href":"https:\/\/bilgitarif.com\/yeni\/wp-json\/wp\/v2\/tags?post=5975"}],"curies":[{"name":"wp","href":"https:\/\/api.w.org\/{rel}","templated":true}]}}