{"id":5888,"date":"2026-04-26T21:06:15","date_gmt":"2026-04-26T21:06:15","guid":{"rendered":"https:\/\/bilgitarif.com\/yeni\/?p=5888"},"modified":"2026-04-26T21:06:15","modified_gmt":"2026-04-26T21:06:15","slug":"ak-partili-belediyeye-operasyon","status":"publish","type":"post","link":"https:\/\/bilgitarif.com\/yeni\/ak-partili-belediyeye-operasyon\/","title":{"rendered":"Ak Partili belediyeye operasyon"},"content":{"rendered":"\n\t\t<style type=\"text\/css\">\n\t\t\t#gallery-1 {\n\t\t\t\tmargin: auto;\n\t\t\t}\n\t\t\t#gallery-1 .gallery-item {\n\t\t\t\tfloat: left;\n\t\t\t\tmargin-top: 10px;\n\t\t\t\ttext-align: center;\n\t\t\t\twidth: 33%;\n\t\t\t}\n\t\t\t#gallery-1 img {\n\t\t\t\tborder: 2px solid #cfcfcf;\n\t\t\t}\n\t\t\t#gallery-1 .gallery-caption {\n\t\t\t\tmargin-left: 0;\n\t\t\t}\n\t\t\t\/* see gallery_shortcode() in wp-includes\/media.php *\/\n\t\t<\/style>\n\t\t<div id='gallery-1' class='gallery galleryid-5888 gallery-columns-3 gallery-size-thumbnail'><dl class='gallery-item'>\n\t\t\t<dt class='gallery-icon landscape'>\n\t\t\t\t<a href='https:\/\/bilgitarif.com\/yeni\/ak-partili-belediyeye-operasyon\/bbs-70\/'><img loading=\"lazy\" decoding=\"async\" width=\"150\" height=\"150\" src=\"https:\/\/bilgitarif.com\/yeni\/wp-content\/uploads\/2026\/04\/bbs-24-150x150.jpg\" class=\"attachment-thumbnail size-thumbnail\" alt=\"\" aria-describedby=\"gallery-1-5889\" \/><\/a>\n\t\t\t<\/dt>\n\t\t\t\t<dd class='wp-caption-text gallery-caption' id='gallery-1-5889'>\n\t\t\t\tS\u0131cak Geli\u015fme: AK Partili Belediyeye Yolsuzluk Operasyonu. AK Partili Belediyeye y\u00f6nelik ihalelerde yolsuzluk iddias\u0131yla d\u00fczenlenen \u015fafak operasyonunda, aralar\u0131nda eski Belediye Ba\u015fkan\u0131 \u015eeref Albayrak, y\u00f6neticiler ve teknik personelin de bulundu\u011fu 47 ki\u015fi g\u00f6zalt\u0131na al\u0131nd\u0131.\n\t\t\t\t<\/dd><\/dl><dl class='gallery-item'>\n\t\t\t<dt class='gallery-icon landscape'>\n\t\t\t\t<a href='https:\/\/bilgitarif.com\/yeni\/ak-partili-belediyeye-operasyon\/akp-4\/'><img loading=\"lazy\" decoding=\"async\" width=\"150\" height=\"150\" src=\"https:\/\/bilgitarif.com\/yeni\/wp-content\/uploads\/2026\/04\/akp-150x150.webp\" class=\"attachment-thumbnail size-thumbnail\" alt=\"\" aria-describedby=\"gallery-1-5890\" \/><\/a>\n\t\t\t<\/dt>\n\t\t\t\t<dd class='wp-caption-text gallery-caption' id='gallery-1-5890'>\n\t\t\t\tHalfeti Belediyesi\u2019ne y\u00f6nelik sabah saatlerinde geni\u015f \u00e7apl\u0131 bir operasyon d\u00fczenlendi. Y\u00fcr\u00fct\u00fclen soru\u015fturma kapsam\u0131nda, aralar\u0131nda eski belediye ba\u015fkan\u0131n\u0131n da bulundu\u011fu toplam 47 ki\u015fi g\u00f6zalt\u0131na al\u0131nd\u0131.\nEdinilen bilgilere g\u00f6re operasyon, \u015eanl\u0131urfa \u0130l Emniyet M\u00fcd\u00fcrl\u00fc\u011f\u00fc Ka\u00e7ak\u00e7\u0131l\u0131k ve Organize Su\u00e7larla M\u00fccadele \u015eube M\u00fcd\u00fcrl\u00fc\u011f\u00fc ile Birecik \u0130l\u00e7e Emniyet M\u00fcd\u00fcrl\u00fc\u011f\u00fc ekipleri taraf\u0131ndan ger\u00e7ekle\u015ftirildi. Operasyonun, Birecik Cumhuriyet Ba\u015fsavc\u0131l\u0131\u011f\u0131 taraf\u0131ndan y\u00fcr\u00fct\u00fclen soru\u015fturma kapsam\u0131nda ba\u015flat\u0131ld\u0131\u011f\u0131 \u00f6\u011frenildi.\n\u0130haleler mercek alt\u0131na al\u0131nd\u0131\nSoru\u015fturman\u0131n oda\u011f\u0131nda, belediyede farkl\u0131 d\u00f6nemlerde ger\u00e7ekle\u015ftirilen ihale s\u00fcre\u00e7leri yer ald\u0131. \u0130ddialara g\u00f6re, hem kayyum y\u00f6netimi d\u00f6neminde hem de 2019 yerel se\u00e7imlerinden 2024 y\u0131l\u0131na kadar devam eden belediye y\u00f6netimi s\u00fcrecinde \u00e7e\u015fitli usuls\u00fczl\u00fckler ve yolsuzluk iddialar\u0131 tespit edildi.\nEmniyet birimlerinin uzun s\u00fcredir teknik ve fiziki takip y\u00fcr\u00fctt\u00fc\u011f\u00fc, elde edilen bulgular do\u011frultusunda e\u015f zamanl\u0131 operasyon karar\u0131 al\u0131nd\u0131\u011f\u0131 belirtildi.\n\u00c7ok say\u0131da adrese bask\u0131n\nSabah\u0131n erken saatlerinde \u00e7ok say\u0131da adrese yap\u0131lan bask\u0131nlarda belediye ile ba\u011flant\u0131l\u0131 isimler g\u00f6zalt\u0131na al\u0131nd\u0131. G\u00f6zalt\u0131na al\u0131nanlar aras\u0131nda eski belediye y\u00f6neticileri, ihale s\u00fcre\u00e7lerinde ad\u0131 ge\u00e7en ki\u015filer ve baz\u0131 \u015firket temsilcilerinin de bulundu\u011fu \u00f6\u011frenildi.\n\u015e\u00fcphelilerin emniyetteki i\u015flemlerinin s\u00fcrd\u00fc\u011f\u00fc ve soru\u015fturman\u0131n kapsam\u0131n\u0131n geni\u015fleyebilece\u011fi ifade ediliyor.\nYeni g\u00f6zalt\u0131lar olabilir\nYetkililer, dosyada yer alan belge ve delillerin incelenmeye devam etti\u011fini belirtirken, \u00f6n\u00fcm\u00fczdeki g\u00fcnlerde yeni g\u00f6zalt\u0131 kararlar\u0131n\u0131n da g\u00fcndeme gelebilece\u011fi konu\u015fuluyor.\nHalfeti Belediyesi\u2019ne y\u00f6nelik operasyon, b\u00f6lgede b\u00fcy\u00fck yank\u0131 uyand\u0131r\u0131rken, soru\u015fturman\u0131n ilerleyen s\u00fcre\u00e7te nas\u0131l \u015fekillenece\u011fi merakla takip ediliyor.\n\t\t\t\t<\/dd><\/dl>\n\t\t\t<br style='clear: both' \/>\n\t\t<\/div>\n\n","protected":false},"excerpt":{"rendered":"","protected":false},"author":1,"featured_media":5889,"comment_status":"open","ping_status":"open","sticky":false,"template":"","format":"standard","meta":{"footnotes":""},"categories":[9],"tags":[],"class_list":["post-5888","post","type-post","status-publish","format-standard","has-post-thumbnail","hentry","category-foto-galeri"],"_links":{"self":[{"href":"https:\/\/bilgitarif.com\/yeni\/wp-json\/wp\/v2\/posts\/5888","targetHints":{"allow":["GET"]}}],"collection":[{"href":"https:\/\/bilgitarif.com\/yeni\/wp-json\/wp\/v2\/posts"}],"about":[{"href":"https:\/\/bilgitarif.com\/yeni\/wp-json\/wp\/v2\/types\/post"}],"author":[{"embeddable":true,"href":"https:\/\/bilgitarif.com\/yeni\/wp-json\/wp\/v2\/users\/1"}],"replies":[{"embeddable":true,"href":"https:\/\/bilgitarif.com\/yeni\/wp-json\/wp\/v2\/comments?post=5888"}],"version-history":[{"count":1,"href":"https:\/\/bilgitarif.com\/yeni\/wp-json\/wp\/v2\/posts\/5888\/revisions"}],"predecessor-version":[{"id":5891,"href":"https:\/\/bilgitarif.com\/yeni\/wp-json\/wp\/v2\/posts\/5888\/revisions\/5891"}],"wp:featuredmedia":[{"embeddable":true,"href":"https:\/\/bilgitarif.com\/yeni\/wp-json\/wp\/v2\/media\/5889"}],"wp:attachment":[{"href":"https:\/\/bilgitarif.com\/yeni\/wp-json\/wp\/v2\/media?parent=5888"}],"wp:term":[{"taxonomy":"category","embeddable":true,"href":"https:\/\/bilgitarif.com\/yeni\/wp-json\/wp\/v2\/categories?post=5888"},{"taxonomy":"post_tag","embeddable":true,"href":"https:\/\/bilgitarif.com\/yeni\/wp-json\/wp\/v2\/tags?post=5888"}],"curies":[{"name":"wp","href":"https:\/\/api.w.org\/{rel}","templated":true}]}}