{"id":5884,"date":"2026-04-26T21:04:26","date_gmt":"2026-04-26T21:04:26","guid":{"rendered":"https:\/\/bilgitarif.com\/yeni\/?p=5884"},"modified":"2026-04-26T21:04:26","modified_gmt":"2026-04-26T21:04:26","slug":"gulistan-doku-dosyasinda-sicak-gelisme-gozler-suleyman-soyluda","status":"publish","type":"post","link":"https:\/\/bilgitarif.com\/yeni\/gulistan-doku-dosyasinda-sicak-gelisme-gozler-suleyman-soyluda\/","title":{"rendered":"G\u00fclistan Doku dosyas\u0131nda s\u0131cak geli\u015fme: G\u00f6zler S\u00fcleyman Soylu&#8217;da"},"content":{"rendered":"\n\t\t<style type=\"text\/css\">\n\t\t\t#gallery-1 {\n\t\t\t\tmargin: auto;\n\t\t\t}\n\t\t\t#gallery-1 .gallery-item {\n\t\t\t\tfloat: left;\n\t\t\t\tmargin-top: 10px;\n\t\t\t\ttext-align: center;\n\t\t\t\twidth: 33%;\n\t\t\t}\n\t\t\t#gallery-1 img {\n\t\t\t\tborder: 2px solid #cfcfcf;\n\t\t\t}\n\t\t\t#gallery-1 .gallery-caption {\n\t\t\t\tmargin-left: 0;\n\t\t\t}\n\t\t\t\/* see gallery_shortcode() in wp-includes\/media.php *\/\n\t\t<\/style>\n\t\t<div id='gallery-1' class='gallery galleryid-5884 gallery-columns-3 gallery-size-thumbnail'><dl class='gallery-item'>\n\t\t\t<dt class='gallery-icon landscape'>\n\t\t\t\t<a href='https:\/\/bilgitarif.com\/yeni\/gulistan-doku-dosyasinda-sicak-gelisme-gozler-suleyman-soyluda\/dv-91\/'><img loading=\"lazy\" decoding=\"async\" width=\"150\" height=\"150\" src=\"https:\/\/bilgitarif.com\/yeni\/wp-content\/uploads\/2026\/04\/dv-29-150x150.png\" class=\"attachment-thumbnail size-thumbnail\" alt=\"\" aria-describedby=\"gallery-1-5885\" \/><\/a>\n\t\t\t<\/dt>\n\t\t\t\t<dd class='wp-caption-text gallery-caption' id='gallery-1-5885'>\n\t\t\t\tY\u0131llar sonra ortaya \u00e7\u0131kan TBMM tutanaklar\u0131, G\u00fclistan Doku dosyas\u0131nda siyaset ve yarg\u0131 s\u00fcrecine dair dikkat \u00e7eken detaylar\u0131 g\u00fcn y\u00fcz\u00fcne \u00e7\u0131kard\u0131. S\u00fcleyman Soylu\u2019nun ifadeleri ve yan\u0131ts\u0131z kalan onlarca soru \u00f6nergesi yeniden tart\u0131\u015fma ba\u015flatt\u0131.\n\n\n\t\t\t\t<\/dd><\/dl><dl class='gallery-item'>\n\t\t\t<dt class='gallery-icon landscape'>\n\t\t\t\t<a href='https:\/\/bilgitarif.com\/yeni\/gulistan-doku-dosyasinda-sicak-gelisme-gozler-suleyman-soyluda\/soylu-2\/'><img loading=\"lazy\" decoding=\"async\" width=\"150\" height=\"150\" src=\"https:\/\/bilgitarif.com\/yeni\/wp-content\/uploads\/2026\/04\/soylu-150x150.webp\" class=\"attachment-thumbnail size-thumbnail\" alt=\"\" aria-describedby=\"gallery-1-5886\" \/><\/a>\n\t\t\t<\/dt>\n\t\t\t\t<dd class='wp-caption-text gallery-caption' id='gallery-1-5886'>\n\t\t\t\tG\u00fclistan Doku dosyas\u0131na ili\u015fkin T\u00fcrkiye B\u00fcy\u00fck Millet Meclisi tutanaklar\u0131 yeniden kamuoyunun dikkatini \u00e7ekti. 5 Ocak 2020 tarihinde Tunceli\u2019de kaybolan Munzur \u00dcniversitesi \u00f6\u011frencisi G\u00fclistan Doku hakk\u0131nda y\u00fcr\u00fct\u00fclen soru\u015fturman\u0131n y\u0131llarca sonu\u00e7suz kalmas\u0131, Meclis\u2019te defalarca g\u00fcndeme ta\u015f\u0131nmas\u0131na ra\u011fmen tart\u0131\u015fmalar\u0131 sona erdirmedi.\nYap\u0131lan incelemelere g\u00f6re dosya, farkl\u0131 muhalefet partilerinin milletvekilleri taraf\u0131ndan toplam 94 kez TBMM g\u00fcndemine getirildi. Bunlar\u0131n 78\u2019i Genel Kurul oturumlar\u0131nda, 16\u2019s\u0131 ise komisyon toplant\u0131lar\u0131nda kay\u0131tlara ge\u00e7ti.\n32 soru \u00f6nergesi yan\u0131ts\u0131z kald\u0131\nMuhalefet milletvekilleri taraf\u0131ndan d\u00f6nemin Adalet Bakanlar\u0131 Bekir Bozda\u011f ve Abd\u00fclhamit G\u00fcl ile Cumhurba\u015fkan\u0131 Yard\u0131mc\u0131s\u0131 Fuat Oktay\u2019a y\u00f6neltilen toplam 32 soru \u00f6nergesinin yan\u0131ts\u0131z kald\u0131\u011f\u0131 belirtildi.\nSadece d\u00f6nemin \u0130\u00e7i\u015fleri Bakan\u0131 S\u00fcleyman Soylu taraf\u0131ndan verilen tek bir resmi yan\u0131t dikkat \u00e7ekti.\nSoylu, cevab\u0131nda Tunceli Cumhuriyet Ba\u015fsavc\u0131l\u0131\u011f\u0131 taraf\u0131ndan soru\u015fturman\u0131n s\u00fcrd\u00fcr\u00fcld\u00fc\u011f\u00fcn\u00fc belirterek, d\u00f6nemin valisi Tuncay Sonel hakk\u0131ndaki iddialar\u0131n as\u0131ls\u0131z oldu\u011funun de\u011ferlendirildi\u011fini ifade etti.\nAyr\u0131ca Doku\u2019nun en son Uzun\u00e7ay\u0131r Baraj G\u00f6l\u00fc \u00fczerindeki Sar\u0131 Saltuk Viyad\u00fc\u011f\u00fc civar\u0131nda g\u00f6r\u00fcld\u00fc\u011f\u00fcn\u00fc ve telefon sinyalinin de ayn\u0131 noktada kesildi\u011finin tespit edildi\u011fini aktard\u0131.\n\u201cBu siyaset meselesi de\u011fildir\u201d\n2021 y\u0131l\u0131nda kurulan Meclis Ara\u015ft\u0131rma Komisyonu\u2019nda konu\u015fan Soylu, olayla ilgili t\u00fcm soru\u015fturmalar\u0131n y\u00fcr\u00fct\u00fcld\u00fc\u011f\u00fcn\u00fc savunarak, dosyan\u0131n siyasi tart\u0131\u015fmalara d\u00f6n\u00fc\u015ft\u00fcr\u00fclmesine kar\u015f\u0131 \u00e7\u0131kt\u0131.\nSoylu, a\u00e7\u0131klamas\u0131nda \u201cBu konuyu PKK ve HDP siyasalla\u015ft\u0131rmaya \u00e7al\u0131\u015ft\u0131. Bu siyaset meselesi de\u011fildir\u201d ifadelerini kullan\u0131rken, olayda bir cinayet bulgusuna rastlanmad\u0131\u011f\u0131n\u0131 da dile getirdi.\nMeclis\u2019te tart\u0131\u015fma yaratan s\u00f6zler\nDosyan\u0131n g\u00f6r\u00fc\u015f\u00fcld\u00fc\u011f\u00fc oturumlarda baz\u0131 milletvekillerinin kulland\u0131\u011f\u0131 ifadeler de dikkat \u00e7ekti. AK Parti Diyarbak\u0131r Milletvekili Oya Eronat, 1 Temmuz 2020 tarihli oturumda \u201cYeter art\u0131k. Her a\u015fk intihar\u0131n\u0131 burada m\u0131 konu\u015faca\u011f\u0131z?\u201d s\u00f6zleriyle tepki toplad\u0131.\nAK Parti Denizli Milletvekili Cahit \u00d6zkan ise \u201cKatillerin kolluk g\u00fc\u00e7leri taraf\u0131ndan korundu\u011funu iddia etmek cinayete ortak olmakt\u0131r\u201d ifadelerini kulland\u0131.\n23 \u015eubat 2022 tarihli Genel Kurul g\u00f6r\u00fc\u015fmelerinde ise AK Parti Van Milletvekili Osman Nuri G\u00fcla\u00e7ar, konunun tekrar g\u00fcndeme ta\u015f\u0131nmas\u0131na ili\u015fkin \u201cHDP\u2019nin yeni bir provokasyonu mu bu?\u201d de\u011ferlendirmesinde bulundu.\nSoru\u015fturma h\u00e2l\u00e2 yan\u0131t bekliyor\nY\u0131llard\u0131r kamuoyunun g\u00fcndeminden d\u00fc\u015fmeyen G\u00fclistan Doku dosyas\u0131, hem adli hem de siyasi y\u00f6n\u00fcyle \u00f6nemini korumaya devam ediyor. Meclis tutanaklar\u0131, dosyan\u0131n yaln\u0131zca bir kay\u0131p vakas\u0131 de\u011fil; ayn\u0131 zamanda uzun s\u00fcredir cevap bekleyen toplumsal bir adalet meselesi haline geldi\u011fini bir kez daha ortaya koyuyor.\n\t\t\t\t<\/dd><\/dl>\n\t\t\t<br style='clear: both' \/>\n\t\t<\/div>\n\n","protected":false},"excerpt":{"rendered":"","protected":false},"author":1,"featured_media":5885,"comment_status":"open","ping_status":"open","sticky":false,"template":"","format":"standard","meta":{"footnotes":""},"categories":[9],"tags":[],"class_list":["post-5884","post","type-post","status-publish","format-standard","has-post-thumbnail","hentry","category-foto-galeri"],"_links":{"self":[{"href":"https:\/\/bilgitarif.com\/yeni\/wp-json\/wp\/v2\/posts\/5884","targetHints":{"allow":["GET"]}}],"collection":[{"href":"https:\/\/bilgitarif.com\/yeni\/wp-json\/wp\/v2\/posts"}],"about":[{"href":"https:\/\/bilgitarif.com\/yeni\/wp-json\/wp\/v2\/types\/post"}],"author":[{"embeddable":true,"href":"https:\/\/bilgitarif.com\/yeni\/wp-json\/wp\/v2\/users\/1"}],"replies":[{"embeddable":true,"href":"https:\/\/bilgitarif.com\/yeni\/wp-json\/wp\/v2\/comments?post=5884"}],"version-history":[{"count":1,"href":"https:\/\/bilgitarif.com\/yeni\/wp-json\/wp\/v2\/posts\/5884\/revisions"}],"predecessor-version":[{"id":5887,"href":"https:\/\/bilgitarif.com\/yeni\/wp-json\/wp\/v2\/posts\/5884\/revisions\/5887"}],"wp:featuredmedia":[{"embeddable":true,"href":"https:\/\/bilgitarif.com\/yeni\/wp-json\/wp\/v2\/media\/5885"}],"wp:attachment":[{"href":"https:\/\/bilgitarif.com\/yeni\/wp-json\/wp\/v2\/media?parent=5884"}],"wp:term":[{"taxonomy":"category","embeddable":true,"href":"https:\/\/bilgitarif.com\/yeni\/wp-json\/wp\/v2\/categories?post=5884"},{"taxonomy":"post_tag","embeddable":true,"href":"https:\/\/bilgitarif.com\/yeni\/wp-json\/wp\/v2\/tags?post=5884"}],"curies":[{"name":"wp","href":"https:\/\/api.w.org\/{rel}","templated":true}]}}