{"id":5880,"date":"2026-04-26T21:02:54","date_gmt":"2026-04-26T21:02:54","guid":{"rendered":"https:\/\/bilgitarif.com\/yeni\/?p=5880"},"modified":"2026-04-26T21:02:54","modified_gmt":"2026-04-26T21:02:54","slug":"istanbul-havalimaninda-gergin-anlar-erkam-yildirim-ve-mehmet-cengizin","status":"publish","type":"post","link":"https:\/\/bilgitarif.com\/yeni\/istanbul-havalimaninda-gergin-anlar-erkam-yildirim-ve-mehmet-cengizin\/","title":{"rendered":"\u0130stanbul Havaliman\u0131\u2019nda Gergin Anlar: Erkam Y\u0131ld\u0131r\u0131m ve Mehmet Cengiz\u2019in"},"content":{"rendered":"\n\t\t<style type=\"text\/css\">\n\t\t\t#gallery-1 {\n\t\t\t\tmargin: auto;\n\t\t\t}\n\t\t\t#gallery-1 .gallery-item {\n\t\t\t\tfloat: left;\n\t\t\t\tmargin-top: 10px;\n\t\t\t\ttext-align: center;\n\t\t\t\twidth: 33%;\n\t\t\t}\n\t\t\t#gallery-1 img {\n\t\t\t\tborder: 2px solid #cfcfcf;\n\t\t\t}\n\t\t\t#gallery-1 .gallery-caption {\n\t\t\t\tmargin-left: 0;\n\t\t\t}\n\t\t\t\/* see gallery_shortcode() in wp-includes\/media.php *\/\n\t\t<\/style>\n\t\t<div id='gallery-1' class='gallery galleryid-5880 gallery-columns-3 gallery-size-thumbnail'><dl class='gallery-item'>\n\t\t\t<dt class='gallery-icon landscape'>\n\t\t\t\t<a href='https:\/\/bilgitarif.com\/yeni\/istanbul-havalimaninda-gergin-anlar-erkam-yildirim-ve-mehmet-cengizin\/ff-73\/'><img loading=\"lazy\" decoding=\"async\" width=\"150\" height=\"150\" src=\"https:\/\/bilgitarif.com\/yeni\/wp-content\/uploads\/2026\/04\/ff-21-150x150.webp\" class=\"attachment-thumbnail size-thumbnail\" alt=\"\" aria-describedby=\"gallery-1-5881\" \/><\/a>\n\t\t\t<\/dt>\n\t\t\t\t<dd class='wp-caption-text gallery-caption' id='gallery-1-5881'>\n\t\t\t\t\u0130stanbul Havaliman\u0131\u2019nda son g\u00fcnlerde ya\u015fand\u0131\u011f\u0131 \u00f6ne s\u00fcr\u00fclen iki ayr\u0131 olay, kamuoyunda \u201cayr\u0131cal\u0131kl\u0131 i\u015flem\u201d tart\u0131\u015fmas\u0131n\u0131 yeniden alevlendirdi. \u0130ddialar\u0131n merkezinde, eski Ba\u015fbakan Binali Y\u0131ld\u0131r\u0131m\u2019\u0131n o\u011flu Erkam Y\u0131ld\u0131r\u0131m ile i\u015f insan\u0131 Mehmet Cengiz\u2019in o\u011flu yer ald\u0131.\n\t\t\t\t<\/dd><\/dl><dl class='gallery-item'>\n\t\t\t<dt class='gallery-icon landscape'>\n\t\t\t\t<a href='https:\/\/bilgitarif.com\/yeni\/istanbul-havalimaninda-gergin-anlar-erkam-yildirim-ve-mehmet-cengizin\/binali\/'><img loading=\"lazy\" decoding=\"async\" width=\"150\" height=\"150\" src=\"https:\/\/bilgitarif.com\/yeni\/wp-content\/uploads\/2026\/04\/binali-150x150.webp\" class=\"attachment-thumbnail size-thumbnail\" alt=\"\" aria-describedby=\"gallery-1-5882\" \/><\/a>\n\t\t\t<\/dt>\n\t\t\t\t<dd class='wp-caption-text gallery-caption' id='gallery-1-5882'>\n\t\t\t\tG\u00fcmr\u00fck muhafaza memurlar\u0131na y\u00f6nelik bask\u0131 ve hakaret iddialar\u0131, havaliman\u0131nda g\u00f6rev yapan personel aras\u0131nda da geni\u015f yank\u0131 uyand\u0131rd\u0131.\nValiz kontrol\u00fcnde tart\u0131\u015fma ya\u015fand\u0131\u011f\u0131 \u00f6ne s\u00fcr\u00fcld\u00fc\nGazeteci Timur Soykan\u2019\u0131n aktard\u0131\u011f\u0131 bilgilere g\u00f6re, yakla\u015f\u0131k iki hafta \u00f6nce ya\u015fanan ilk olayda Erkam Y\u0131ld\u0131r\u0131m, yurtd\u0131\u015f\u0131ndan d\u00f6n\u00fc\u015f\u00fc s\u0131ras\u0131nda yan\u0131nda bulunan be\u015f b\u00fcy\u00fck valiz nedeniyle g\u00fcmr\u00fck kontrol\u00fcne tak\u0131ld\u0131.\n\u0130ddiaya g\u00f6re memurlar standart prosed\u00fcr gere\u011fi arama yapmak isteyince Y\u0131ld\u0131r\u0131m buna sert tepki g\u00f6sterdi. Tart\u0131\u015fma s\u0131ras\u0131nda, \u201cBen Binali Y\u0131ld\u0131r\u0131m\u2019\u0131n o\u011fluyum, bana bu muameleyi nas\u0131l yapars\u0131n\u0131z?\u201d ifadelerinin kullan\u0131ld\u0131\u011f\u0131 \u00f6ne s\u00fcr\u00fcld\u00fc.\nOlay\u0131n b\u00fcy\u00fcmesi \u00fczerine durumun \u00fcst amirlere bildirildi\u011fi, havaliman\u0131ndaki m\u00fcd\u00fcr yard\u0131mc\u0131lar\u0131n\u0131n devreye girdi\u011fi ve sonras\u0131nda valizlerin kontrol edilmesine izin verildi\u011fi iddia edildi.\n15 koli porselen krizi\nK\u0131sa s\u00fcre sonra ya\u015fand\u0131\u011f\u0131 belirtilen ikinci olayda ise, Cengiz Holding patronu Mehmet Cengiz\u2019in o\u011flunun \u00f6zel jetle havaliman\u0131na ini\u015f yapt\u0131\u011f\u0131 ve beraberinde getirdi\u011fi 15 koli porselen e\u015fyan\u0131n g\u00fcmr\u00fck i\u015flemlerine tak\u0131ld\u0131\u011f\u0131 \u00f6ne s\u00fcr\u00fcld\u00fc.\nG\u00fcmr\u00fck g\u00f6revlilerinin, s\u00f6z konusu e\u015fyalar\u0131n vergi ve belge a\u00e7\u0131s\u0131ndan i\u015fleme tabi oldu\u011funu belirtmesi \u00fczerine kolilerin depoya kald\u0131r\u0131ld\u0131\u011f\u0131 ifade edildi.\nBu duruma tepki g\u00f6steren ki\u015finin memurlarla tart\u0131\u015ft\u0131\u011f\u0131 ve hakaret i\u00e7erikli s\u00f6zler kulland\u0131\u011f\u0131 ileri s\u00fcr\u00fcld\u00fc. Daha sonra havaliman\u0131ndan ayr\u0131ld\u0131\u011f\u0131, yakla\u015f\u0131k iki saat sonra geri d\u00f6nerek kolileri teslim ald\u0131\u011f\u0131 iddia edildi.\n\u201cKural herkes i\u00e7in ayn\u0131 olmal\u0131\u201d\nHer iki olay\u0131n da g\u00fcmr\u00fck personeli aras\u0131nda ciddi rahats\u0131zl\u0131k yaratt\u0131\u011f\u0131 belirtiliyor. Baz\u0131 \u00e7al\u0131\u015fanlar\u0131n, kurallar\u0131n herkes i\u00e7in e\u015fit \u015fekilde uygulanmas\u0131 gerekti\u011fini savundu\u011fu ve ya\u015fananlar\u0131n kurum i\u00e7inde de konu\u015fuldu\u011fu \u00f6ne s\u00fcr\u00fcld\u00fc.\n\u0130ddialara g\u00f6re olaylarla ilgili resmi tutanaklar tutulurken, baz\u0131 i\u00e7 raporlara da bu geli\u015fmelerin yans\u0131d\u0131\u011f\u0131 belirtiliyor.\nKamuoyunda tart\u0131\u015fma b\u00fcy\u00fcyor\nHen\u00fcz resmi makamlardan konuyla ilgili kapsaml\u0131 bir a\u00e7\u0131klama yap\u0131lmazken, ortaya at\u0131lan iddialar sosyal medyada geni\u015f yank\u0131 buldu. \u00d6zellikle kamu g\u00f6revlilerine kar\u015f\u0131 sergilendi\u011fi \u00f6ne s\u00fcr\u00fclen tav\u0131rlar ve \u201cayr\u0131cal\u0131kl\u0131 muamele\u201d tart\u0131\u015fmalar\u0131, yeniden g\u00fcndemin en \u00e7ok konu\u015fulan ba\u015fl\u0131klar\u0131ndan biri haline geldi.\n\t\t\t\t<\/dd><\/dl>\n\t\t\t<br style='clear: both' \/>\n\t\t<\/div>\n\n","protected":false},"excerpt":{"rendered":"","protected":false},"author":1,"featured_media":5881,"comment_status":"open","ping_status":"open","sticky":false,"template":"","format":"standard","meta":{"footnotes":""},"categories":[9],"tags":[],"class_list":["post-5880","post","type-post","status-publish","format-standard","has-post-thumbnail","hentry","category-foto-galeri"],"_links":{"self":[{"href":"https:\/\/bilgitarif.com\/yeni\/wp-json\/wp\/v2\/posts\/5880","targetHints":{"allow":["GET"]}}],"collection":[{"href":"https:\/\/bilgitarif.com\/yeni\/wp-json\/wp\/v2\/posts"}],"about":[{"href":"https:\/\/bilgitarif.com\/yeni\/wp-json\/wp\/v2\/types\/post"}],"author":[{"embeddable":true,"href":"https:\/\/bilgitarif.com\/yeni\/wp-json\/wp\/v2\/users\/1"}],"replies":[{"embeddable":true,"href":"https:\/\/bilgitarif.com\/yeni\/wp-json\/wp\/v2\/comments?post=5880"}],"version-history":[{"count":1,"href":"https:\/\/bilgitarif.com\/yeni\/wp-json\/wp\/v2\/posts\/5880\/revisions"}],"predecessor-version":[{"id":5883,"href":"https:\/\/bilgitarif.com\/yeni\/wp-json\/wp\/v2\/posts\/5880\/revisions\/5883"}],"wp:featuredmedia":[{"embeddable":true,"href":"https:\/\/bilgitarif.com\/yeni\/wp-json\/wp\/v2\/media\/5881"}],"wp:attachment":[{"href":"https:\/\/bilgitarif.com\/yeni\/wp-json\/wp\/v2\/media?parent=5880"}],"wp:term":[{"taxonomy":"category","embeddable":true,"href":"https:\/\/bilgitarif.com\/yeni\/wp-json\/wp\/v2\/categories?post=5880"},{"taxonomy":"post_tag","embeddable":true,"href":"https:\/\/bilgitarif.com\/yeni\/wp-json\/wp\/v2\/tags?post=5880"}],"curies":[{"name":"wp","href":"https:\/\/api.w.org\/{rel}","templated":true}]}}