{"id":5876,"date":"2026-04-26T21:01:04","date_gmt":"2026-04-26T21:01:04","guid":{"rendered":"https:\/\/bilgitarif.com\/yeni\/?p=5876"},"modified":"2026-04-26T21:01:04","modified_gmt":"2026-04-26T21:01:04","slug":"ankarayi-ayaga-kaldirin-kaymakam-bakin-kim-cikti","status":"publish","type":"post","link":"https:\/\/bilgitarif.com\/yeni\/ankarayi-ayaga-kaldirin-kaymakam-bakin-kim-cikti\/","title":{"rendered":"Ankara&#8217;y\u0131 aya\u011fa kald\u0131r\u0131n kaymakam bak\u0131n kim \u00e7\u0131kt\u0131"},"content":{"rendered":"\n\t\t<style type=\"text\/css\">\n\t\t\t#gallery-1 {\n\t\t\t\tmargin: auto;\n\t\t\t}\n\t\t\t#gallery-1 .gallery-item {\n\t\t\t\tfloat: left;\n\t\t\t\tmargin-top: 10px;\n\t\t\t\ttext-align: center;\n\t\t\t\twidth: 33%;\n\t\t\t}\n\t\t\t#gallery-1 img {\n\t\t\t\tborder: 2px solid #cfcfcf;\n\t\t\t}\n\t\t\t#gallery-1 .gallery-caption {\n\t\t\t\tmargin-left: 0;\n\t\t\t}\n\t\t\t\/* see gallery_shortcode() in wp-includes\/media.php *\/\n\t\t<\/style>\n\t\t<div id='gallery-1' class='gallery galleryid-5876 gallery-columns-3 gallery-size-thumbnail'><dl class='gallery-item'>\n\t\t\t<dt class='gallery-icon landscape'>\n\t\t\t\t<a href='https:\/\/bilgitarif.com\/yeni\/ankarayi-ayaga-kaldirin-kaymakam-bakin-kim-cikti\/d-2-52\/'><img loading=\"lazy\" decoding=\"async\" width=\"150\" height=\"150\" src=\"https:\/\/bilgitarif.com\/yeni\/wp-content\/uploads\/2026\/04\/d-2-16-150x150.jpg\" class=\"attachment-thumbnail size-thumbnail\" alt=\"\" aria-describedby=\"gallery-1-5877\" \/><\/a>\n\t\t\t<\/dt>\n\t\t\t\t<dd class='wp-caption-text gallery-caption' id='gallery-1-5877'>\n\t\t\t\tAya\u015f\u2019ta 23 Nisan Ulusal Egemenlik ve \u00c7ocuk Bayram\u0131 kapsam\u0131nda d\u00fczenlenen resmi t\u00f6ren sonras\u0131 ya\u015fanan geli\u015fmeler kamuoyunda geni\u015f yank\u0131 uyand\u0131rd\u0131. Belediye bas\u0131n sorumlusunun t\u00f6ren alan\u0131na al\u0131nmad\u0131\u011f\u0131 iddias\u0131 \u00fczerine g\u00fcndeme gelen Muharrem Elig\u00fcl, sosyal medya \u00fczerinden yapt\u0131\u011f\u0131 a\u00e7\u0131klamayla ele\u015ftirilerin oda\u011f\u0131 haline geldi.\n\t\t\t\t<\/dd><\/dl><dl class='gallery-item'>\n\t\t\t<dt class='gallery-icon landscape'>\n\t\t\t\t<a href='https:\/\/bilgitarif.com\/yeni\/ankarayi-ayaga-kaldirin-kaymakam-bakin-kim-cikti\/sdf-7\/'><img loading=\"lazy\" decoding=\"async\" width=\"150\" height=\"150\" src=\"https:\/\/bilgitarif.com\/yeni\/wp-content\/uploads\/2026\/04\/sdf-150x150.webp\" class=\"attachment-thumbnail size-thumbnail\" alt=\"\" aria-describedby=\"gallery-1-5878\" \/><\/a>\n\t\t\t<\/dt>\n\t\t\t\t<dd class='wp-caption-text gallery-caption' id='gallery-1-5878'>\n\t\t\t\t\u0130ddiaya g\u00f6re, t\u00f6ren s\u0131ras\u0131nda belediyede g\u00f6revli bas\u0131n sorumlusunun etkinlik alan\u0131na giri\u015fine izin verilmedi. Olay\u0131n k\u0131sa s\u00fcrede sosyal medyada yay\u0131lmas\u0131 \u00fczerine g\u00f6zler Aya\u015f Kaymakaml\u0131\u011f\u0131\u2019na \u00e7evrildi.\nSosyal medya payla\u015f\u0131m\u0131 tepki \u00e7ekti\nKaymakam Muharrem Elig\u00fcl\u2019\u00fcn ki\u015fisel sosyal medya hesab\u0131ndan yapt\u0131\u011f\u0131 a\u00e7\u0131klama ise tart\u0131\u015fmay\u0131 daha da b\u00fcy\u00fctt\u00fc. Besmele ile ba\u015flayan payla\u015f\u0131mda yer alan ifadelerin siyasi g\u00f6ndermeler i\u00e7erdi\u011fi \u00f6ne s\u00fcr\u00fcld\u00fc.\n\u00d6zellikle muhalefet belediyelerine y\u00f6nelik dolayl\u0131 mesajlar verildi\u011fi iddialar\u0131 sosyal medyada yo\u011fun \u015fekilde konu\u015fuldu. Baz\u0131 kullan\u0131c\u0131lar, a\u00e7\u0131klaman\u0131n kamu g\u00f6revlisi tarafs\u0131zl\u0131\u011f\u0131 ilkesine uygun olmad\u0131\u011f\u0131n\u0131 savunarak \u201cDevletin kaymakam\u0131 siyaset yapar m\u0131?\u201d yorumlar\u0131nda bulundu.\nHesap gizliye al\u0131nd\u0131\nTepkilerin artmas\u0131n\u0131n ard\u0131ndan Kaymakam Elig\u00fcl\u2019\u00fcn sosyal medya hesab\u0131n\u0131 gizliye ald\u0131\u011f\u0131 g\u00f6r\u00fcld\u00fc. Payla\u015f\u0131m\u0131n i\u00e7eri\u011fi kadar metindeki baz\u0131 yaz\u0131m ve dil hatalar\u0131 da sosyal medyada dikkat \u00e7eken ba\u015fl\u0131klar aras\u0131nda yer ald\u0131.\nBaz\u0131 kullan\u0131c\u0131lar, resmi makam\u0131 temsil eden bir ismin yapt\u0131\u011f\u0131 a\u00e7\u0131klamada \u00e7ok say\u0131da T\u00fcrk\u00e7e hata bulunmas\u0131n\u0131 da ayr\u0131ca ele\u015ftirdi.\nAnkara Valili\u011fi inceleme ba\u015flatt\u0131\nYa\u015fanan tart\u0131\u015fmalar sonras\u0131 Ankara Valili\u011fi konuya ili\u015fkin resmi a\u00e7\u0131klama yapt\u0131. Valilik taraf\u0131ndan yap\u0131lan duyuruda, olayla ilgili gerekli incelemenin ba\u015flat\u0131ld\u0131\u011f\u0131 bildirildi.\nA\u00e7\u0131klamada \u015fu ifadelere yer verildi:\n\u201cAya\u015f il\u00e7emizde 23 Nisan kutlama programlar\u0131 kapsam\u0131nda ya\u015fanan bir konuya dair Kaymakaml\u0131\u011f\u0131n sosyal medya arac\u0131l\u0131\u011f\u0131yla yapm\u0131\u015f oldu\u011fu a\u00e7\u0131klama ile ilgili olarak valili\u011fimizce gerekli inceleme ba\u015flat\u0131lm\u0131\u015ft\u0131r.\u201d\nG\u00f6zler inceleme sonucunda\nKamuoyunda geni\u015f yank\u0131 uyand\u0131ran olay\u0131n ard\u0131ndan, yap\u0131lacak idari incelemenin sonucu merakla bekleniyor. Tart\u0131\u015fman\u0131n hem resmi t\u00f6ren d\u00fczeni hem de kamu g\u00f6revlilerinin sosyal medya kullan\u0131m\u0131 a\u00e7\u0131s\u0131ndan yeni de\u011ferlendirmeleri beraberinde getirebilece\u011fi belirtiliyor.\n\t\t\t\t<\/dd><\/dl>\n\t\t\t<br style='clear: both' \/>\n\t\t<\/div>\n\n","protected":false},"excerpt":{"rendered":"","protected":false},"author":1,"featured_media":5877,"comment_status":"open","ping_status":"open","sticky":false,"template":"","format":"standard","meta":{"footnotes":""},"categories":[9],"tags":[],"class_list":["post-5876","post","type-post","status-publish","format-standard","has-post-thumbnail","hentry","category-foto-galeri"],"_links":{"self":[{"href":"https:\/\/bilgitarif.com\/yeni\/wp-json\/wp\/v2\/posts\/5876","targetHints":{"allow":["GET"]}}],"collection":[{"href":"https:\/\/bilgitarif.com\/yeni\/wp-json\/wp\/v2\/posts"}],"about":[{"href":"https:\/\/bilgitarif.com\/yeni\/wp-json\/wp\/v2\/types\/post"}],"author":[{"embeddable":true,"href":"https:\/\/bilgitarif.com\/yeni\/wp-json\/wp\/v2\/users\/1"}],"replies":[{"embeddable":true,"href":"https:\/\/bilgitarif.com\/yeni\/wp-json\/wp\/v2\/comments?post=5876"}],"version-history":[{"count":1,"href":"https:\/\/bilgitarif.com\/yeni\/wp-json\/wp\/v2\/posts\/5876\/revisions"}],"predecessor-version":[{"id":5879,"href":"https:\/\/bilgitarif.com\/yeni\/wp-json\/wp\/v2\/posts\/5876\/revisions\/5879"}],"wp:featuredmedia":[{"embeddable":true,"href":"https:\/\/bilgitarif.com\/yeni\/wp-json\/wp\/v2\/media\/5877"}],"wp:attachment":[{"href":"https:\/\/bilgitarif.com\/yeni\/wp-json\/wp\/v2\/media?parent=5876"}],"wp:term":[{"taxonomy":"category","embeddable":true,"href":"https:\/\/bilgitarif.com\/yeni\/wp-json\/wp\/v2\/categories?post=5876"},{"taxonomy":"post_tag","embeddable":true,"href":"https:\/\/bilgitarif.com\/yeni\/wp-json\/wp\/v2\/tags?post=5876"}],"curies":[{"name":"wp","href":"https:\/\/api.w.org\/{rel}","templated":true}]}}