{"id":5872,"date":"2026-04-26T20:55:55","date_gmt":"2026-04-26T20:55:55","guid":{"rendered":"https:\/\/bilgitarif.com\/yeni\/?p=5872"},"modified":"2026-04-26T20:55:55","modified_gmt":"2026-04-26T20:55:55","slug":"fatih-altayli-unlu-siyasetemi-giriyor","status":"publish","type":"post","link":"https:\/\/bilgitarif.com\/yeni\/fatih-altayli-unlu-siyasetemi-giriyor\/","title":{"rendered":"Fatih Altayl\u0131 \u00dcnl\u00fc Siyasetemi Giriyor"},"content":{"rendered":"\n\t\t<style type=\"text\/css\">\n\t\t\t#gallery-1 {\n\t\t\t\tmargin: auto;\n\t\t\t}\n\t\t\t#gallery-1 .gallery-item {\n\t\t\t\tfloat: left;\n\t\t\t\tmargin-top: 10px;\n\t\t\t\ttext-align: center;\n\t\t\t\twidth: 33%;\n\t\t\t}\n\t\t\t#gallery-1 img {\n\t\t\t\tborder: 2px solid #cfcfcf;\n\t\t\t}\n\t\t\t#gallery-1 .gallery-caption {\n\t\t\t\tmargin-left: 0;\n\t\t\t}\n\t\t\t\/* see gallery_shortcode() in wp-includes\/media.php *\/\n\t\t<\/style>\n\t\t<div id='gallery-1' class='gallery galleryid-5872 gallery-columns-3 gallery-size-thumbnail'><dl class='gallery-item'>\n\t\t\t<dt class='gallery-icon landscape'>\n\t\t\t\t<a href='https:\/\/bilgitarif.com\/yeni\/fatih-altayli-unlu-siyasetemi-giriyor\/dv-90\/'><img loading=\"lazy\" decoding=\"async\" width=\"150\" height=\"150\" src=\"https:\/\/bilgitarif.com\/yeni\/wp-content\/uploads\/2026\/04\/dv-28-150x150.png\" class=\"attachment-thumbnail size-thumbnail\" alt=\"\" aria-describedby=\"gallery-1-5873\" \/><\/a>\n\t\t\t<\/dt>\n\t\t\t\t<dd class='wp-caption-text gallery-caption' id='gallery-1-5873'>\n\t\t\t\t\u00dcnl\u00fc Gazetei Hakk\u0131nda \u015eok \u0130ddia! Gazeteci Fatih Altayl\u0131, \u201csiyasete girece\u011fi\u201d ve \u201cGalatasaray y\u00f6netimine kat\u0131laca\u011f\u0131\u201d iddialar\u0131na yan\u0131t verdi. Televiyon yorumcusu Rasim Ozan K\u00fctahyal\u0131, gazeteci Fatih Altayl\u0131\u2019n\u0131n sa\u011fl\u0131\u011f\u0131n\u0131n k\u00f6t\u00fc oldu\u011funu s\u00f6ylerken, siyasete girece\u011fini de iddia etti.\nHakk\u0131ndaki iddialar\u0131ndan rahats\u0131zl\u0131k duydu\u011funu s\u00f6yleyen Fatih Altayl\u0131, \u201cBen her \u015feyden ve herkesten uzak durmaya \u00e7al\u0131\u015ft\u0131k\u00e7a her \u015fey ve herkes bana bula\u015f\u0131yor\u201d dedi, gazetecili\u011fe devam edece\u011fini bildirdi.\n\t\t\t\t<\/dd><\/dl><dl class='gallery-item'>\n\t\t\t<dt class='gallery-icon portrait'>\n\t\t\t\t<a href='https:\/\/bilgitarif.com\/yeni\/fatih-altayli-unlu-siyasetemi-giriyor\/vc-12\/'><img loading=\"lazy\" decoding=\"async\" width=\"150\" height=\"150\" src=\"https:\/\/bilgitarif.com\/yeni\/wp-content\/uploads\/2026\/04\/vc-150x150.jpg\" class=\"attachment-thumbnail size-thumbnail\" alt=\"\" aria-describedby=\"gallery-1-5874\" \/><\/a>\n\t\t\t<\/dt>\n\t\t\t\t<dd class='wp-caption-text gallery-caption' id='gallery-1-5874'>\n\t\t\t\tSiyasete girmesine ili\u015fkin bir teklif almad\u0131\u011f\u0131n\u0131 ve gelse dahi kabul etmeyece\u011fini s\u00f6yleyen Altayl\u0131, \u201cZaten benim gibi kontrol edemeyecekleri birini niye istesinler?\u201d dedi.  Siyasete girmesine ili\u015fkin bir teklif almad\u0131\u011f\u0131n\u0131 ve gelse dahi kabul etmeyece\u011fini s\u00f6yleyen Altayl\u0131, \u201cZaten benim gibi kontrol edemeyecekleri birini niye istesinler?\u201d dedi.\u201dE\u015e\u0130M VETO HAKKINI KULLANIR\u201d\n\nGalatasaray Spor Kul\u00fcb\u00fc y\u00f6netimine girece\u011fi y\u00f6n\u00fcndeki iddialar\u0131 da yan\u0131tlayan Altayl\u0131, \u201c2002 y\u0131l\u0131nda rahmetli \u00d6zhan Canayd\u0131n\u2019\u0131n 2. ba\u015fkanl\u0131k teklifine hay\u0131r dedim ve o g\u00fcn benim i\u00e7in konu kapand\u0131. Ben istesem bile \u00fczerimdeki tek yetkili organ olan e\u015fim veto hakk\u0131n\u0131 kullan\u0131r\u201d diye konu\u015ftu.\n\nDaha \u00f6nce YouTube yay\u0131nlar\u0131na ara verdi\u011fini duyuran Altayl\u0131, \u201cBiraz kafam\u0131 toparlad\u0131ktan sonra g\u00fcnl\u00fck programlara da ba\u015flayaca\u011f\u0131m\u201d dedi.\n\n\n\t\t\t\t<\/dd><\/dl>\n\t\t\t<br style='clear: both' \/>\n\t\t<\/div>\n\n","protected":false},"excerpt":{"rendered":"","protected":false},"author":1,"featured_media":5873,"comment_status":"open","ping_status":"open","sticky":false,"template":"","format":"standard","meta":{"footnotes":""},"categories":[9],"tags":[],"class_list":["post-5872","post","type-post","status-publish","format-standard","has-post-thumbnail","hentry","category-foto-galeri"],"_links":{"self":[{"href":"https:\/\/bilgitarif.com\/yeni\/wp-json\/wp\/v2\/posts\/5872","targetHints":{"allow":["GET"]}}],"collection":[{"href":"https:\/\/bilgitarif.com\/yeni\/wp-json\/wp\/v2\/posts"}],"about":[{"href":"https:\/\/bilgitarif.com\/yeni\/wp-json\/wp\/v2\/types\/post"}],"author":[{"embeddable":true,"href":"https:\/\/bilgitarif.com\/yeni\/wp-json\/wp\/v2\/users\/1"}],"replies":[{"embeddable":true,"href":"https:\/\/bilgitarif.com\/yeni\/wp-json\/wp\/v2\/comments?post=5872"}],"version-history":[{"count":1,"href":"https:\/\/bilgitarif.com\/yeni\/wp-json\/wp\/v2\/posts\/5872\/revisions"}],"predecessor-version":[{"id":5875,"href":"https:\/\/bilgitarif.com\/yeni\/wp-json\/wp\/v2\/posts\/5872\/revisions\/5875"}],"wp:featuredmedia":[{"embeddable":true,"href":"https:\/\/bilgitarif.com\/yeni\/wp-json\/wp\/v2\/media\/5873"}],"wp:attachment":[{"href":"https:\/\/bilgitarif.com\/yeni\/wp-json\/wp\/v2\/media?parent=5872"}],"wp:term":[{"taxonomy":"category","embeddable":true,"href":"https:\/\/bilgitarif.com\/yeni\/wp-json\/wp\/v2\/categories?post=5872"},{"taxonomy":"post_tag","embeddable":true,"href":"https:\/\/bilgitarif.com\/yeni\/wp-json\/wp\/v2\/tags?post=5872"}],"curies":[{"name":"wp","href":"https:\/\/api.w.org\/{rel}","templated":true}]}}