{"id":5868,"date":"2026-04-26T20:44:35","date_gmt":"2026-04-26T20:44:35","guid":{"rendered":"https:\/\/bilgitarif.com\/yeni\/?p=5868"},"modified":"2026-04-26T20:44:35","modified_gmt":"2026-04-26T20:44:35","slug":"necmeddin-nursacan","status":"publish","type":"post","link":"https:\/\/bilgitarif.com\/yeni\/necmeddin-nursacan\/","title":{"rendered":"Necmeddin Nursa\u00e7an"},"content":{"rendered":"\n\t\t<style type=\"text\/css\">\n\t\t\t#gallery-1 {\n\t\t\t\tmargin: auto;\n\t\t\t}\n\t\t\t#gallery-1 .gallery-item {\n\t\t\t\tfloat: left;\n\t\t\t\tmargin-top: 10px;\n\t\t\t\ttext-align: center;\n\t\t\t\twidth: 33%;\n\t\t\t}\n\t\t\t#gallery-1 img {\n\t\t\t\tborder: 2px solid #cfcfcf;\n\t\t\t}\n\t\t\t#gallery-1 .gallery-caption {\n\t\t\t\tmargin-left: 0;\n\t\t\t}\n\t\t\t\/* see gallery_shortcode() in wp-includes\/media.php *\/\n\t\t<\/style>\n\t\t<div id='gallery-1' class='gallery galleryid-5868 gallery-columns-3 gallery-size-thumbnail'><dl class='gallery-item'>\n\t\t\t<dt class='gallery-icon landscape'>\n\t\t\t\t<a href='https:\/\/bilgitarif.com\/yeni\/necmeddin-nursacan\/mm-98\/'><img loading=\"lazy\" decoding=\"async\" width=\"150\" height=\"150\" src=\"https:\/\/bilgitarif.com\/yeni\/wp-content\/uploads\/2026\/04\/mm-34-150x150.jpg\" class=\"attachment-thumbnail size-thumbnail\" alt=\"\" aria-describedby=\"gallery-1-5869\" \/><\/a>\n\t\t\t<\/dt>\n\t\t\t\t<dd class='wp-caption-text gallery-caption' id='gallery-1-5869'>\n\t\t\t\t\u00dcnl\u00fc ilahiyat\u00e7\u0131 86 ya\u015f\u0131ndaki Necmettin Nursa\u00e7an ikinci kez evlendi. Nursa\u00e7an\u2019\u0131n \u00e7ocuklar\u0131, evlili\u011fi onaylad\u0131klar\u0131na dair bir a\u00e7\u0131klama yay\u0131nlad\u0131.\nEvlenece\u011fi ki\u015fi kim ve ka\u00e7 ya\u015f\u0131nda Ge\u00e7ti\u011fimiz y\u0131l e\u015fini kaybeden 86 ya\u015f\u0131ndaki \u00fcnl\u00fc ilahiyat\u00e7\u0131 Necmettin Nursa\u00e7an yeniden evlendi.\nNursa\u00e7an\u2019\u0131n \u00e7ocuklar\u0131 Tahir, \u015eemsettin ve Mahmut Nursa\u00e7an ortak bir a\u00e7\u0131klama yaparak babalar\u0131n\u0131n karar\u0131na tam destek verdiklerini bildirdi. Nursa\u00e7an\u2019\u0131n ailesi taraf\u0131ndan yap\u0131lan a\u00e7\u0131klamada, bu karar\u0131n sadece \u015fahsi bir tercih de\u011fil, 86 ya\u015f\u0131ndaki bir baban\u0131n hayat\u0131n\u0131 daha huzurlu ve sa\u011fl\u0131kl\u0131 s\u00fcrd\u00fcrebilmesi i\u00e7in evlatlar\u0131n\u0131n ortak iradesi oldu\u011fu vurguland\u0131.\nA\u00e7\u0131klamada, \u201cBabam\u0131z\u0131n g\u00fcnl\u00fck ya\u015fam\u0131ndaki bak\u0131m\u0131n\u0131, manevi huzurunu ve d\u00fczenini en sa\u011fl\u0131kl\u0131 \u015fekilde sa\u011flamak ad\u0131na, aile meclisimizde yapt\u0131\u011f\u0131m\u0131z isti\u015fareler sonucunda bu ad\u0131m\u0131 atmay\u0131 uygun g\u00f6rd\u00fck\u201d denildi. Yap\u0131lan a\u00e7\u0131klaman\u0131n tamam\u0131 \u015f\u00f6yle;\n\n\t\t\t\t<\/dd><\/dl><dl class='gallery-item'>\n\t\t\t<dt class='gallery-icon landscape'>\n\t\t\t\t<a href='https:\/\/bilgitarif.com\/yeni\/necmeddin-nursacan\/necmettin\/'><img loading=\"lazy\" decoding=\"async\" width=\"150\" height=\"150\" src=\"https:\/\/bilgitarif.com\/yeni\/wp-content\/uploads\/2026\/04\/necmettin-150x150.png\" class=\"attachment-thumbnail size-thumbnail\" alt=\"\" aria-describedby=\"gallery-1-5870\" \/><\/a>\n\t\t\t<\/dt>\n\t\t\t\t<dd class='wp-caption-text gallery-caption' id='gallery-1-5870'>\n\t\t\t\tGe\u00e7ti\u011fimiz y\u0131l e\u015fini kaybeden 86 ya\u015f\u0131ndaki \u00fcnl\u00fc ilahiyat\u00e7\u0131 Necmettin Nursa\u00e7an yeniden evlendi.\nNursa\u00e7an\u2019\u0131n \u00e7ocuklar\u0131 Tahir, \u015eemsettin ve Mahmut Nursa\u00e7an ortak bir a\u00e7\u0131klama yaparak babalar\u0131n\u0131n karar\u0131na tam destek verdiklerini bildirdi. Nursa\u00e7an\u2019\u0131n ailesi taraf\u0131ndan yap\u0131lan a\u00e7\u0131klamada, bu karar\u0131n sadece \u015fahsi bir tercih de\u011fil, 86 ya\u015f\u0131ndaki bir baban\u0131n hayat\u0131n\u0131 daha huzurlu ve sa\u011fl\u0131kl\u0131 s\u00fcrd\u00fcrebilmesi i\u00e7in evlatlar\u0131n\u0131n ortak iradesi oldu\u011fu vurguland\u0131.\nA\u00e7\u0131klamada, \u201cBabam\u0131z\u0131n g\u00fcnl\u00fck ya\u015fam\u0131ndaki bak\u0131m\u0131n\u0131, manevi huzurunu ve d\u00fczenini en sa\u011fl\u0131kl\u0131 \u015fekilde sa\u011flamak ad\u0131na, aile meclisimizde yapt\u0131\u011f\u0131m\u0131z isti\u015fareler sonucunda bu ad\u0131m\u0131 atmay\u0131 uygun g\u00f6rd\u00fck\u201d denildi. Yap\u0131lan a\u00e7\u0131klaman\u0131n tamam\u0131 \u015f\u00f6yle;\nK\u0131ymetli Dostlar,\nBug\u00fcnlerde babam\u0131z hakk\u0131nda sosyal medya mecralar\u0131nda yer alan ve ger\u00e7e\u011fi yans\u0131tmayan yorumlar\u0131 derin bir teess\u00fcrle takip ediyoruz. \u00d6zellikle ifade etmek isteriz ki; babam\u0131z\u0131n yeniden evlilik karar\u0131, onun kendi \u015fahsi tasarrufu de\u011fil, 86 ya\u015f\u0131ndaki bir \u00e7\u0131nar\u0131n, hayat\u0131n\u0131n bu hassas d\u00f6nemini \u00e7ok daha huzurlu, sa\u011fl\u0131kl\u0131 ve bak\u0131ml\u0131 ge\u00e7irebilmesi ad\u0131na biz evlatlar\u0131n\u0131n ortak iradesi ve karar\u0131d\u0131r. Bizler, evlatlar\u0131 olarak babam\u0131z\u0131n her t\u00fcrl\u00fc ihtiyac\u0131n\u0131 kar\u015f\u0131lamay\u0131 bir vecibe biliyoruz; ancak onun g\u00fcnl\u00fck ya\u015fam\u0131ndaki bak\u0131m\u0131n\u0131, manevi huzurunu ve d\u00fczenini en sa\u011fl\u0131kl\u0131 \u015fekilde sa\u011flamak ad\u0131na, aile meclisimizde yapt\u0131\u011f\u0131m\u0131z isti\u015fareler sonucunda bu ad\u0131m\u0131 atmay\u0131 uygun g\u00f6rd\u00fck.\nBizim i\u00e7in babam\u0131z\u0131n yaln\u0131z kalmamas\u0131, en iyi \u015fartlarda bak\u0131lmas\u0131 ve huzurlu olmas\u0131 bir \u2018evlatl\u0131k g\u00f6revidir\u2019. Bu karar, tamamen ailemizin bilgisi ve r\u0131zas\u0131 dahilinde, babam\u0131z\u0131n refah\u0131n\u0131 ama\u00e7layan insani bir tasarruftur. Allah\u2019\u0131n emrine ve y\u00fcr\u00fcrl\u00fckteki kanunlara uygun olan bu me\u015fru durum hakk\u0131nda ba\u015fkalar\u0131n\u0131n s\u00f6z s\u00f6ylemesi, ne ahlaki ne de vicdani bir zemine oturmaktad\u0131r. Bu d\u00f6neminde muhterem babam\u0131z\u0131n huzuru i\u00e7in ald\u0131\u011f\u0131m\u0131z bu karar\u0131 dedikoduya ve haks\u0131z ithamlara konu etmek; sadece bizleri de\u011fil, babam\u0131z\u0131n y\u0131llar\u0131n\u0131 vakfetti\u011fi hizmetleri de incitmektedir.\nBir \u00f6mr\u00fc millete hizmetle ge\u00e7mi\u015f, sayg\u0131n bir ilim insan\u0131n\u0131n mahremiyetine ve biz evlatlar\u0131n\u0131n alm\u0131\u015f oldu\u011fu karara g\u00f6sterilecek sayg\u0131, asl\u0131nda bu milletin de\u011ferlerine g\u00f6sterilen bir h\u00fcrmettir. Ailemizin karar\u0131 \u00fczerinden yap\u0131lan her t\u00fcrl\u00fc haks\u0131z yorumun, ilahi adalet kat\u0131nda bir hesab\u0131 oldu\u011funu hat\u0131rlatmak isteriz. Bizler babam\u0131z\u0131n yan\u0131nday\u0131z ve onun huzuru i\u00e7in \u00fczerimize d\u00fc\u015fen her t\u00fcrl\u00fc sorumlulu\u011fu yerine getirmeye devam edece\u011fiz\u201d\n\u0130ddialara g\u00f6re yeni e\u015finin ya\u015f\u0131yla ilgili net ve do\u011frulanm\u0131\u015f bir bilgi yok. Bug\u00fcne kadar \u00e7\u0131kan haberlerde isim verilmedi\u011fi gibi ya\u015f da resmi olarak payla\u015f\u0131lmad\u0131. G\u00fcvenilir kaynaklar yaln\u0131zca \u201cyeniden evlendi\u201d iddias\u0131n\u0131 aktar\u0131yor, e\u015finin kimli\u011fi ve ya\u015f\u0131 gizli tutuluyor.\nSosyal medyada baz\u0131 ki\u015filer 50\u2019li, 60\u2019l\u0131 ya da 70\u2019li ya\u015flarda oldu\u011fu y\u00f6n\u00fcnde tahminler y\u00fcr\u00fct\u00fcyor; ancak bunlar\u0131n hi\u00e7biri teyit edilmi\u015f bilgi de\u011fil. Yani \u015fu an i\u00e7in \u201ciddialara g\u00f6re \u015fu ya\u015fta\u201d denebilecek sa\u011flam bir veri bulunmuyor.\nK\u0131sacas\u0131: Yeni e\u015finin ya\u015f\u0131 bilinmiyor, internette dola\u015fan rakamlar s\u00f6ylenti d\u00fczeyinde hen\u00fcz teyit edilmedi\n\nNecmettin Nursa\u00e7an, \u00f6mr\u00fcn\u00fc din hizmetine adam\u0131\u015f bir isimdir. 2005-2007 y\u0131llar\u0131 aras\u0131nda Diyanet \u0130\u015fleri Ba\u015fkan Yard\u0131mc\u0131l\u0131\u011f\u0131 g\u00f6revini y\u00fcr\u00fctm\u00fc\u015f, emeklili\u011finden sonra ise televizyon programlar\u0131yla geni\u015f kitlelere ula\u015fm\u0131\u015ft\u0131r.\n\nGer\u00e7ek Ad\u0131: As\u0131l ismi \u0130mdat Necmettin \u00c7even\u2019dir. Daha sonra mahkeme karar\u0131yla soyad\u0131n\u0131 \u201cNursa\u00e7an\u201d olarak de\u011fi\u015ftirmi\u015ftir.\nDo\u011fum Tarihi ve Ya\u015f\u0131: 15 May\u0131s 1942 do\u011fumludur. 2026 y\u0131l\u0131 itibar\u0131yla 84 ya\u015f\u0131ndad\u0131r.\nNereli (Memleketi): Aslen Kayserilidir. Kayseri\u2019nin Hac\u0131lar il\u00e7esi n\u00fcfusuna kay\u0131tl\u0131d\u0131r.\nAilesi: Mahmut ve Hikmet Han\u0131m\u2019\u0131n \u00e7ocu\u011fu olarak 9 karde\u015fli bir ailede d\u00fcnyaya gelmi\u015ftir. \u00c7ocukluk y\u0131llar\u0131 yoksulluk i\u00e7inde ge\u00e7mi\u015f, ancak azmiyle \u0130stanbul Y\u00fcksek \u0130slam Enstit\u00fcs\u00fc\u2019nden mezun olmay\u0131 ba\u015farm\u0131\u015ft\u0131r.\nNecmettin Nursa\u00e7an\u2019\u0131n E\u015fi ve \u00c7ocuklar\u0131\nNecmettin Nursa\u00e7an\u2019\u0131n aile hayat\u0131, sadakat ve vefa \u00f6rne\u011fi olarak g\u00f6r\u00fclmektedir.\n\n \n\n \n\nE\u015fi Kim?: E\u015fi Pakize Nursa\u00e7an\u2019d\u0131r. \u00c7ift, 1958 y\u0131l\u0131nda evlenmi\u015f ve tam 67 y\u0131l boyunca evli kalm\u0131\u015flard\u0131r. Pakize Han\u0131m, 28 Aral\u0131k 2025 tarihinde 86 ya\u015f\u0131nda vefat etmi\u015ftir.\nKa\u00e7 \u00c7ocu\u011fu Var?: Necmettin Nursa\u00e7an\u2019\u0131n bu evlilikten 5 \u00e7ocu\u011fu bulunmaktad\u0131r. \u00c7ocuklar\u0131ndan biri, Kayseri Organize Sanayi B\u00f6lgesi eski ba\u015fkan\u0131 Tahir Nursa\u00e7an\u2019d\u0131r.\nCenaze T\u00f6renindeki Duygusal Veda\n28 Aral\u0131k 2025 tarihinde Kayseri Hulusi Akar Camii\u2019nde d\u00fczenlenen cenaze t\u00f6reninde Necmettin Nursa\u00e7an, e\u015fine olan vefas\u0131n\u0131 cenaze namaz\u0131n\u0131 bizzat k\u0131ld\u0131rarak g\u00f6stermi\u015ftir. Helallik istedi\u011fi s\u0131rada yapt\u0131\u011f\u0131 \u015fu konu\u015fma haf\u0131zalara kaz\u0131nm\u0131\u015ft\u0131r:\n\n\u201cEbediyete u\u011furlanmak \u00fczere bulundu\u011fumuz iki muhterem ki\u015fiden biri benim 67 y\u0131ll\u0131k hayat arkada\u015f\u0131md\u0131r\u2026 Bu kad\u0131n benim \u00e7ocuklar\u0131m\u0131n hem anas\u0131 oldu hem babas\u0131 oldu. Ben ondan raz\u0131y\u0131m, Allah da raz\u0131 olsun.\u201d\n\nEn b\u00fcy\u00fck merak konusu olan \u201cKiminle evlendi?\u201d sorusuna dair somut bir isim kamuoyuyla payla\u015f\u0131lmad\u0131. Aile, yeni e\u015fin mahremiyetini korumaya \u00f6zen g\u00f6steriyor ve kimlik bilgilerini gizli tutuyor. Haberlerde sadece evlili\u011fin ger\u00e7ekle\u015fti\u011fi bilgisi teyit edilmi\u015f durumda.\n\n\u00d6zetle; ortadaki temel iddia bu evlili\u011fin \u201cerken ve gereksiz\u201d oldu\u011fu y\u00f6n\u00fcndeyken, ailenin cevab\u0131 bunun \u201cbak\u0131m ve huzur ama\u00e7l\u0131 bir zorunluluk\/h\u00fcrmet\u201d oldu\u011fu y\u00f6n\u00fcndedir.\n\n\n\t\t\t\t<\/dd><\/dl>\n\t\t\t<br style='clear: both' \/>\n\t\t<\/div>\n\n","protected":false},"excerpt":{"rendered":"","protected":false},"author":1,"featured_media":5869,"comment_status":"open","ping_status":"open","sticky":false,"template":"","format":"standard","meta":{"footnotes":""},"categories":[9],"tags":[],"class_list":["post-5868","post","type-post","status-publish","format-standard","has-post-thumbnail","hentry","category-foto-galeri"],"_links":{"self":[{"href":"https:\/\/bilgitarif.com\/yeni\/wp-json\/wp\/v2\/posts\/5868","targetHints":{"allow":["GET"]}}],"collection":[{"href":"https:\/\/bilgitarif.com\/yeni\/wp-json\/wp\/v2\/posts"}],"about":[{"href":"https:\/\/bilgitarif.com\/yeni\/wp-json\/wp\/v2\/types\/post"}],"author":[{"embeddable":true,"href":"https:\/\/bilgitarif.com\/yeni\/wp-json\/wp\/v2\/users\/1"}],"replies":[{"embeddable":true,"href":"https:\/\/bilgitarif.com\/yeni\/wp-json\/wp\/v2\/comments?post=5868"}],"version-history":[{"count":1,"href":"https:\/\/bilgitarif.com\/yeni\/wp-json\/wp\/v2\/posts\/5868\/revisions"}],"predecessor-version":[{"id":5871,"href":"https:\/\/bilgitarif.com\/yeni\/wp-json\/wp\/v2\/posts\/5868\/revisions\/5871"}],"wp:featuredmedia":[{"embeddable":true,"href":"https:\/\/bilgitarif.com\/yeni\/wp-json\/wp\/v2\/media\/5869"}],"wp:attachment":[{"href":"https:\/\/bilgitarif.com\/yeni\/wp-json\/wp\/v2\/media?parent=5868"}],"wp:term":[{"taxonomy":"category","embeddable":true,"href":"https:\/\/bilgitarif.com\/yeni\/wp-json\/wp\/v2\/categories?post=5868"},{"taxonomy":"post_tag","embeddable":true,"href":"https:\/\/bilgitarif.com\/yeni\/wp-json\/wp\/v2\/tags?post=5868"}],"curies":[{"name":"wp","href":"https:\/\/api.w.org\/{rel}","templated":true}]}}