{"id":4985,"date":"2026-03-24T21:13:45","date_gmt":"2026-03-24T21:13:45","guid":{"rendered":"https:\/\/bilgitarif.com\/yeni\/?p=4985"},"modified":"2026-03-24T21:13:45","modified_gmt":"2026-03-24T21:13:45","slug":"yeni-parti-mi-kuruluyor-kulisler-hareketlendi","status":"publish","type":"post","link":"https:\/\/bilgitarif.com\/yeni\/yeni-parti-mi-kuruluyor-kulisler-hareketlendi\/","title":{"rendered":"\u201cYeni parti mi kuruluyor?\u201d Kulisler hareketlendi\u2026"},"content":{"rendered":"\n\t\t<style type=\"text\/css\">\n\t\t\t#gallery-1 {\n\t\t\t\tmargin: auto;\n\t\t\t}\n\t\t\t#gallery-1 .gallery-item {\n\t\t\t\tfloat: left;\n\t\t\t\tmargin-top: 10px;\n\t\t\t\ttext-align: center;\n\t\t\t\twidth: 33%;\n\t\t\t}\n\t\t\t#gallery-1 img {\n\t\t\t\tborder: 2px solid #cfcfcf;\n\t\t\t}\n\t\t\t#gallery-1 .gallery-caption {\n\t\t\t\tmargin-left: 0;\n\t\t\t}\n\t\t\t\/* see gallery_shortcode() in wp-includes\/media.php *\/\n\t\t<\/style>\n\t\t<div id='gallery-1' class='gallery galleryid-4985 gallery-columns-3 gallery-size-thumbnail'><dl class='gallery-item'>\n\t\t\t<dt class='gallery-icon landscape'>\n\t\t\t\t<a href='https:\/\/bilgitarif.com\/yeni\/yeni-parti-mi-kuruluyor-kulisler-hareketlendi\/mm-58\/'><img loading=\"lazy\" decoding=\"async\" width=\"150\" height=\"150\" src=\"https:\/\/bilgitarif.com\/yeni\/wp-content\/uploads\/2026\/03\/mm-24-150x150.jpg\" class=\"attachment-thumbnail size-thumbnail\" alt=\"\" aria-describedby=\"gallery-1-4986\" \/><\/a>\n\t\t\t<\/dt>\n\t\t\t\t<dd class='wp-caption-text gallery-caption' id='gallery-1-4986'>\n\t\t\t\tAnkara kulislerinde son g\u00fcnlerde konu\u015fulan iddialar, siyaset sahnesinde yeni bir d\u00f6nemin kap\u0131s\u0131n\u0131 aralayabilir. Cumhuriyet Halk Partisi i\u00e7inde ya\u015fanan geli\u015fmeler, sadece bir i\u00e7 tart\u0131\u015fma de\u011fil, daha b\u00fcy\u00fck bir ayr\u0131\u015fman\u0131n sinyali olarak yorumlan\u0131yor.\n\nMahkemenin kurultayla ilgili verdi\u011fi karar\u0131n ard\u0131ndan g\u00f6zler parti i\u00e7indeki dengelere \u00e7evrildi. \u00d6zellikle eski Genel Ba\u015fkan Kemal K\u0131l\u0131\u00e7daro\u011flu\u2019na yak\u0131n isimlerin nas\u0131l bir yol izleyece\u011fi merak konusu oldu.\n\nKulis bilgilerine g\u00f6re baz\u0131 parti i\u00e7i akt\u00f6rler, mevcut yap\u0131 ile devam etmenin zorla\u015ft\u0131\u011f\u0131n\u0131 d\u00fc\u015f\u00fcn\u00fcrken, yeni bir siyasi olu\u015fum ihtimali giderek daha y\u00fcksek sesle konu\u015fulmaya ba\u015fland\u0131.\n\n&#x1f4cc; \u201cArt\u0131k bu yap\u0131 i\u00e7inde siyaset yapmak m\u00fcmk\u00fcn m\u00fc?\u201d\n&#x1f4cc; \u201cYeni bir merkez sol hareket do\u011far m\u0131?\u201d\n\nBu sorular Ankara\u2019da en \u00e7ok konu\u015fulan ba\u015fl\u0131klar aras\u0131nda yer al\u0131yor.\n\n&#x1f449; Peki perde arkas\u0131nda neler ya\u015fan\u0131yor?\n&#x1f449; Hangi isimler yeni olu\u015fum i\u00e7in nab\u0131z yokluyor?\n\t\t\t\t<\/dd><\/dl><dl class='gallery-item'>\n\t\t\t<dt class='gallery-icon landscape'>\n\t\t\t\t<a href='https:\/\/bilgitarif.com\/yeni\/yeni-parti-mi-kuruluyor-kulisler-hareketlendi\/fd-2-44\/'><img loading=\"lazy\" decoding=\"async\" width=\"150\" height=\"150\" src=\"https:\/\/bilgitarif.com\/yeni\/wp-content\/uploads\/2026\/03\/fd-2-4-150x150.webp\" class=\"attachment-thumbnail size-thumbnail\" alt=\"\" aria-describedby=\"gallery-1-4987\" \/><\/a>\n\t\t\t<\/dt>\n\t\t\t\t<dd class='wp-caption-text gallery-caption' id='gallery-1-4987'>\n\t\t\t\tGazeteci Sinan Burhan\u2019\u0131n de\u011ferlendirmelerine g\u00f6re, mahkeme karar\u0131n\u0131n ard\u0131ndan parti i\u00e7inde ciddi bir hareketlilik ba\u015flad\u0131. Bu durum, \u00d6zg\u00fcr \u00d6zel liderli\u011fini g\u00fc\u00e7lendirirken, di\u011fer tarafta rahats\u0131zl\u0131k yaratt\u0131.\n\n\u0130ddialara g\u00f6re:\n\nEski y\u00f6neticiler ve baz\u0131 milletvekilleri yeni bir yol aray\u0131\u015f\u0131nda\nK\u0131l\u0131\u00e7daro\u011flu\u2019na yak\u0131n ekip i\u00e7inde \u201cayr\u0131\u015fma\u201d fikri konu\u015fuluyor\n\u201cYeni bir sosyal demokrat hareket\u201d se\u00e7ene\u011fi masaya geliyor\n\nBu geli\u015fmeler, T\u00fcrk siyasetinde yeni bir parti ihtimalini yeniden g\u00fcndeme ta\u015f\u0131d\u0131.\n\n&#x1f7e1; \u0130mamo\u011flu dengesi de\u011fi\u015febilir\n\n\u00d6te yandan s\u00fcre\u00e7, Ekrem \u0130mamo\u011flu\u2019nun parti i\u00e7indeki konumunu da etkileyebilir. Kulislerde, g\u00fc\u00e7 dengesinin giderek genel merkez etraf\u0131nda topland\u0131\u011f\u0131 ve bunun adayl\u0131k senaryolar\u0131n\u0131 de\u011fi\u015ftirebilece\u011fi konu\u015fuluyor.\n\n&#x1f7e1; G\u00f6zler yap\u0131lacak a\u00e7\u0131klamalarda\n\nSiyasi kulislerde en \u00e7ok merak edilen konu ise Kemal K\u0131l\u0131\u00e7daro\u011flu ve B\u00fclent Ku\u015fo\u011flu cephesinden gelecek a\u00e7\u0131klamalar.\n\n\u0130ddialara g\u00f6re bu iki isim:\n\nParti i\u00e7indeki geli\u015fmelere dair net mesajlar verebilir\nKamuoyuna kapsaml\u0131 bir de\u011ferlendirme sunabilir\n&#x1f7e1; Yeni d\u00f6nem mi ba\u015fl\u0131yor?\n\nUzmanlara g\u00f6re olas\u0131 bir ayr\u0131\u015fma:\n\nSadece CHP\u2019yi de\u011fil\nT\u00fcrkiye\u2019de merkez sol siyasetin tamam\u0131n\u0131 etkileyebilir\n\n&#x1f4cc; Kimilerine g\u00f6re bu yeni bir ba\u015flang\u0131\u00e7,\n&#x1f4cc; Kimilerine g\u00f6re ise derin bir b\u00f6l\u00fcnme anlam\u0131na geliyor.\n\t\t\t\t<\/dd><\/dl>\n\t\t\t<br style='clear: both' \/>\n\t\t<\/div>\n\n","protected":false},"excerpt":{"rendered":"","protected":false},"author":1,"featured_media":4986,"comment_status":"open","ping_status":"open","sticky":false,"template":"","format":"standard","meta":{"footnotes":""},"categories":[9],"tags":[],"class_list":["post-4985","post","type-post","status-publish","format-standard","has-post-thumbnail","hentry","category-foto-galeri"],"_links":{"self":[{"href":"https:\/\/bilgitarif.com\/yeni\/wp-json\/wp\/v2\/posts\/4985","targetHints":{"allow":["GET"]}}],"collection":[{"href":"https:\/\/bilgitarif.com\/yeni\/wp-json\/wp\/v2\/posts"}],"about":[{"href":"https:\/\/bilgitarif.com\/yeni\/wp-json\/wp\/v2\/types\/post"}],"author":[{"embeddable":true,"href":"https:\/\/bilgitarif.com\/yeni\/wp-json\/wp\/v2\/users\/1"}],"replies":[{"embeddable":true,"href":"https:\/\/bilgitarif.com\/yeni\/wp-json\/wp\/v2\/comments?post=4985"}],"version-history":[{"count":1,"href":"https:\/\/bilgitarif.com\/yeni\/wp-json\/wp\/v2\/posts\/4985\/revisions"}],"predecessor-version":[{"id":4988,"href":"https:\/\/bilgitarif.com\/yeni\/wp-json\/wp\/v2\/posts\/4985\/revisions\/4988"}],"wp:featuredmedia":[{"embeddable":true,"href":"https:\/\/bilgitarif.com\/yeni\/wp-json\/wp\/v2\/media\/4986"}],"wp:attachment":[{"href":"https:\/\/bilgitarif.com\/yeni\/wp-json\/wp\/v2\/media?parent=4985"}],"wp:term":[{"taxonomy":"category","embeddable":true,"href":"https:\/\/bilgitarif.com\/yeni\/wp-json\/wp\/v2\/categories?post=4985"},{"taxonomy":"post_tag","embeddable":true,"href":"https:\/\/bilgitarif.com\/yeni\/wp-json\/wp\/v2\/tags?post=4985"}],"curies":[{"name":"wp","href":"https:\/\/api.w.org\/{rel}","templated":true}]}}