{"id":4761,"date":"2026-03-11T02:44:56","date_gmt":"2026-03-11T02:44:56","guid":{"rendered":"https:\/\/bilgitarif.com\/yeni\/?p=4761"},"modified":"2026-03-11T02:45:09","modified_gmt":"2026-03-11T02:45:09","slug":"istanbulda-elektrik-kesintisi-saatlerce-surecek","status":"publish","type":"post","link":"https:\/\/bilgitarif.com\/yeni\/istanbulda-elektrik-kesintisi-saatlerce-surecek\/","title":{"rendered":"\u0130stanbul\u2019da Elektrik Kesintisi! Saatlerce S\u00fcrecek\u2026"},"content":{"rendered":"\n\t\t<style type=\"text\/css\">\n\t\t\t#gallery-1 {\n\t\t\t\tmargin: auto;\n\t\t\t}\n\t\t\t#gallery-1 .gallery-item {\n\t\t\t\tfloat: left;\n\t\t\t\tmargin-top: 10px;\n\t\t\t\ttext-align: center;\n\t\t\t\twidth: 33%;\n\t\t\t}\n\t\t\t#gallery-1 img {\n\t\t\t\tborder: 2px solid #cfcfcf;\n\t\t\t}\n\t\t\t#gallery-1 .gallery-caption {\n\t\t\t\tmargin-left: 0;\n\t\t\t}\n\t\t\t\/* see gallery_shortcode() in wp-includes\/media.php *\/\n\t\t<\/style>\n\t\t<div id='gallery-1' class='gallery galleryid-4761 gallery-columns-3 gallery-size-thumbnail'><dl class='gallery-item'>\n\t\t\t<dt class='gallery-icon landscape'>\n\t\t\t\t<a href='https:\/\/bilgitarif.com\/yeni\/istanbulda-elektrik-kesintisi-saatlerce-surecek\/tt-29\/'><img loading=\"lazy\" decoding=\"async\" width=\"150\" height=\"150\" src=\"https:\/\/bilgitarif.com\/yeni\/wp-content\/uploads\/2026\/03\/tt-5-150x150.jpg\" class=\"attachment-thumbnail size-thumbnail\" alt=\"\" aria-describedby=\"gallery-1-4763\" \/><\/a>\n\t\t\t<\/dt>\n\t\t\t\t<dd class='wp-caption-text gallery-caption' id='gallery-1-4763'>\n\t\t\t\tEnerji nakil hatlar\u0131nda y\u00fcr\u00fct\u00fclen bak\u0131m ve iyile\u015ftirme \u00e7al\u0131\u015fmalar\u0131 nedeniyle \u0130stanbul\u2019un baz\u0131 il\u00e7elerinde planl\u0131 elektrik kesintileri ya\u015fanacak.\n\nDa\u011f\u0131t\u0131m \u015firketi taraf\u0131ndan yay\u0131mlanan takvime g\u00f6re kesintiler sabah saatlerinde ba\u015flayacak ve baz\u0131 b\u00f6lgelerde ak\u015fam saatlerine kadar devam edecek.\n\nVatanda\u015flar ise \u201cElektrikler ne zaman gelecek?\u201d sorusunun yan\u0131t\u0131n\u0131 ara\u015ft\u0131rmaya ba\u015flad\u0131. \u00d6zellikle hafta ba\u015f\u0131nda ger\u00e7ekle\u015fecek kesintilerin g\u00fcnl\u00fck ya\u015fam\u0131 etkileyebilece\u011fi belirtiliyor.\n\nYetkililer, \u00e7al\u0131\u015fmalar\u0131n enerji altyap\u0131s\u0131n\u0131 g\u00fc\u00e7lendirmek amac\u0131yla yap\u0131ld\u0131\u011f\u0131n\u0131 ve belirli saat aral\u0131klar\u0131nda elektrik verilemeyece\u011fini a\u00e7\u0131klad\u0131.\n\t\t\t\t<\/dd><\/dl><dl class='gallery-item'>\n\t\t\t<dt class='gallery-icon landscape'>\n\t\t\t\t<a href='https:\/\/bilgitarif.com\/yeni\/istanbulda-elektrik-kesintisi-saatlerce-surecek\/sevki-23\/'><img loading=\"lazy\" decoding=\"async\" width=\"150\" height=\"150\" src=\"https:\/\/bilgitarif.com\/yeni\/wp-content\/uploads\/2026\/03\/sevki-1-150x150.png\" class=\"attachment-thumbnail size-thumbnail\" alt=\"\" aria-describedby=\"gallery-1-4762\" \/><\/a>\n\t\t\t<\/dt>\n\t\t\t\t<dd class='wp-caption-text gallery-caption' id='gallery-1-4762'>\n\t\t\t\t\u0130stanbul\u2019da enerji nakil hatlar\u0131nda yap\u0131lacak bak\u0131m ve iyile\u015ftirme \u00e7al\u0131\u015fmalar\u0131 kapsam\u0131nda baz\u0131 il\u00e7elerde planl\u0131 elektrik kesintileri uygulanacak. Elektrik da\u011f\u0131t\u0131m \u015firketi Bo\u011fazi\u00e7i Elektrik Da\u011f\u0131t\u0131m A.\u015e. taraf\u0131ndan yay\u0131mlanan duyuruya g\u00f6re kesintiler belirli mahallelerde g\u00fcn boyunca s\u00fcrebilecek.\n\nYetkililer, \u00e7al\u0131\u015fmalar\u0131n elektrik \u015febekesinin daha g\u00fcvenli ve kesintisiz hizmet verebilmesi amac\u0131yla ger\u00e7ekle\u015ftirildi\u011fini belirtti.\n\nKesintiler Sabah Ba\u015flayacak\n\nPayla\u015f\u0131lan bilgilere g\u00f6re planl\u0131 kesintiler \u00e7o\u011fu b\u00f6lgede sabah saatlerinde ba\u015flayacak ve \u00e7al\u0131\u015fmalar\u0131n tamamlanmas\u0131na ba\u011fl\u0131 olarak ak\u015fam saatlerine kadar devam edebilecek.\n\nKesinti ya\u015fanacak b\u00f6lgelerde ya\u015fayan vatanda\u015flar\u0131n elektrikli cihazlar konusunda tedbirli olmalar\u0131 ve gerekli \u00f6nlemleri almalar\u0131 \u00f6neriliyor.\n\n\u0130l\u00e7e \u0130l\u00e7e Kesinti Bilgileri\n\nElektrik kesintilerinin \u0130stanbul\u2019un baz\u0131 il\u00e7elerinde belirli mahalleleri kapsayaca\u011f\u0131 bildirildi. \u00c7al\u0131\u015fmalar\u0131n tamamlanmas\u0131n\u0131n ard\u0131ndan enerji yeniden verilecek.\n\nVatanda\u015flar, kendi mahallelerine ait kesinti saatlerini \u00f6\u011frenmek i\u00e7in elektrik da\u011f\u0131t\u0131m \u015firketinin resmi internet sitesi veya \u00e7a\u011fr\u0131 merkezinden bilgi alabiliyor.\n\nYetkililerden Uyar\u0131\n\nElektrik da\u011f\u0131t\u0131m yetkilileri, bak\u0131m ve yenileme \u00e7al\u0131\u015fmalar\u0131n\u0131n \u015fehirdeki enerji altyap\u0131s\u0131n\u0131 g\u00fc\u00e7lendirmek amac\u0131yla d\u00fczenli olarak ger\u00e7ekle\u015ftirildi\u011fini ifade etti.\n\nKesintilerin planl\u0131 oldu\u011fu ve \u00e7al\u0131\u015fmalar tamamland\u0131\u011f\u0131nda elektrik ak\u0131\u015f\u0131n\u0131n yeniden sa\u011flanaca\u011f\u0131 belirtildi.\n\t\t\t\t<\/dd><\/dl>\n\t\t\t<br style='clear: both' \/>\n\t\t<\/div>\n\n","protected":false},"excerpt":{"rendered":"","protected":false},"author":1,"featured_media":4763,"comment_status":"open","ping_status":"open","sticky":false,"template":"","format":"standard","meta":{"footnotes":""},"categories":[9],"tags":[],"class_list":["post-4761","post","type-post","status-publish","format-standard","has-post-thumbnail","hentry","category-foto-galeri"],"_links":{"self":[{"href":"https:\/\/bilgitarif.com\/yeni\/wp-json\/wp\/v2\/posts\/4761","targetHints":{"allow":["GET"]}}],"collection":[{"href":"https:\/\/bilgitarif.com\/yeni\/wp-json\/wp\/v2\/posts"}],"about":[{"href":"https:\/\/bilgitarif.com\/yeni\/wp-json\/wp\/v2\/types\/post"}],"author":[{"embeddable":true,"href":"https:\/\/bilgitarif.com\/yeni\/wp-json\/wp\/v2\/users\/1"}],"replies":[{"embeddable":true,"href":"https:\/\/bilgitarif.com\/yeni\/wp-json\/wp\/v2\/comments?post=4761"}],"version-history":[{"count":2,"href":"https:\/\/bilgitarif.com\/yeni\/wp-json\/wp\/v2\/posts\/4761\/revisions"}],"predecessor-version":[{"id":4765,"href":"https:\/\/bilgitarif.com\/yeni\/wp-json\/wp\/v2\/posts\/4761\/revisions\/4765"}],"wp:featuredmedia":[{"embeddable":true,"href":"https:\/\/bilgitarif.com\/yeni\/wp-json\/wp\/v2\/media\/4763"}],"wp:attachment":[{"href":"https:\/\/bilgitarif.com\/yeni\/wp-json\/wp\/v2\/media?parent=4761"}],"wp:term":[{"taxonomy":"category","embeddable":true,"href":"https:\/\/bilgitarif.com\/yeni\/wp-json\/wp\/v2\/categories?post=4761"},{"taxonomy":"post_tag","embeddable":true,"href":"https:\/\/bilgitarif.com\/yeni\/wp-json\/wp\/v2\/tags?post=4761"}],"curies":[{"name":"wp","href":"https:\/\/api.w.org\/{rel}","templated":true}]}}