{"id":4753,"date":"2026-03-11T01:33:33","date_gmt":"2026-03-11T01:33:33","guid":{"rendered":"https:\/\/bilgitarif.com\/yeni\/?p=4753"},"modified":"2026-03-11T01:33:33","modified_gmt":"2026-03-11T01:33:33","slug":"akdenizde-hareketli-saatlar-yasaniyor","status":"publish","type":"post","link":"https:\/\/bilgitarif.com\/yeni\/akdenizde-hareketli-saatlar-yasaniyor\/","title":{"rendered":"Akdenizde hareketli saatlar ya\u015fan\u0131yor"},"content":{"rendered":"\n\t\t<style type=\"text\/css\">\n\t\t\t#gallery-1 {\n\t\t\t\tmargin: auto;\n\t\t\t}\n\t\t\t#gallery-1 .gallery-item {\n\t\t\t\tfloat: left;\n\t\t\t\tmargin-top: 10px;\n\t\t\t\ttext-align: center;\n\t\t\t\twidth: 33%;\n\t\t\t}\n\t\t\t#gallery-1 img {\n\t\t\t\tborder: 2px solid #cfcfcf;\n\t\t\t}\n\t\t\t#gallery-1 .gallery-caption {\n\t\t\t\tmargin-left: 0;\n\t\t\t}\n\t\t\t\/* see gallery_shortcode() in wp-includes\/media.php *\/\n\t\t<\/style>\n\t\t<div id='gallery-1' class='gallery galleryid-4753 gallery-columns-3 gallery-size-thumbnail'><dl class='gallery-item'>\n\t\t\t<dt class='gallery-icon landscape'>\n\t\t\t\t<a href='https:\/\/bilgitarif.com\/yeni\/akdenizde-hareketli-saatlar-yasaniyor\/vr-23\/'><img loading=\"lazy\" decoding=\"async\" width=\"150\" height=\"150\" src=\"https:\/\/bilgitarif.com\/yeni\/wp-content\/uploads\/2026\/03\/vr-10-150x150.jpg\" class=\"attachment-thumbnail size-thumbnail\" alt=\"\" aria-describedby=\"gallery-1-4754\" \/><\/a>\n\t\t\t<\/dt>\n\t\t\t\t<dd class='wp-caption-text gallery-caption' id='gallery-1-4754'>\n\t\t\t\tAkdenizde hareketli saatlar ya\u015fan\u0131yor.T\u00fcrkiye uzun s\u00fcredir Do\u011fu Akdeniz\u2019de kendi k\u0131ta sahanl\u0131\u011f\u0131 ve Kuzey K\u0131br\u0131s T\u00fcrk Cumhuriyeti\u2019nin haklar\u0131n\u0131n korunmas\u0131 gerekti\u011fini vurgulayan a\u00e7\u0131klamalar yap\u0131yor. Ankara, bu konudaki politikalar\u0131n\u0131n uluslararas\u0131 hukuk \u00e7er\u00e7evesinde oldu\u011funu belirtiyor.Bunu kabul etmeyen 3 \u00fclkeden hareketli saatler ya\u015fan\u0131yor.\u0130\u015f\u2019te son geli\u015fmeler\u2026\n\t\t\t\t<\/dd><\/dl><dl class='gallery-item'>\n\t\t\t<dt class='gallery-icon landscape'>\n\t\t\t\t<a href='https:\/\/bilgitarif.com\/yeni\/akdenizde-hareketli-saatlar-yasaniyor\/akdeniz\/'><img loading=\"lazy\" decoding=\"async\" width=\"150\" height=\"150\" src=\"https:\/\/bilgitarif.com\/yeni\/wp-content\/uploads\/2026\/03\/akdeniz-150x150.jpg\" class=\"attachment-thumbnail size-thumbnail\" alt=\"\" aria-describedby=\"gallery-1-4755\" \/><\/a>\n\t\t\t<\/dt>\n\t\t\t\t<dd class='wp-caption-text gallery-caption' id='gallery-1-4755'>\n\t\t\t\tSon d\u00f6nemde Do\u011fu Akdeniz\u2019de ya\u015fanan geli\u015fmeler b\u00f6lgedeki siyasi ve askeri hareketlili\u011fi yeniden g\u00fcndemin merkezine ta\u015f\u0131d\u0131. Enerji kaynaklar\u0131, deniz yetki alanlar\u0131 ve g\u00fcvenlik meseleleri nedeniyle uzun s\u00fcredir dikkatle takip edilen b\u00f6lgede yeni bir diplomatik hareketlilik ya\u015fand\u0131\u011f\u0131 belirtiliyor. Gelen bilgilere g\u00f6re \u00fc\u00e7 \u00fclkenin T\u00fcrkiye ile ilgili geli\u015fmeler \u00fczerine ortak temaslarda bulundu\u011fu iddialar\u0131 uluslararas\u0131 bas\u0131nda ve siyasi kulislerde konu\u015fulmaya ba\u015fland\u0131.\n\nBu geli\u015fmelerin merkezinde yer alan b\u00f6lge ise Do\u011fu Akdeniz. Son y\u0131llarda burada ke\u015ffedilen do\u011fal gaz rezervleri ve deniz yetki alanlar\u0131 tart\u0131\u015fmalar\u0131, b\u00f6lge \u00fclkeleri aras\u0131nda zaman zaman gerginli\u011fe neden oluyor. \u00d6zellikle enerji arama faaliyetleri ve deniz s\u0131n\u0131rlar\u0131 konusundaki anla\u015fmazl\u0131klar bir\u00e7ok \u00fclkenin politikalar\u0131n\u0131 do\u011frudan etkiliyor.\n\nKulislerde konu\u015fulanlara g\u00f6re Yunanistan, K\u0131br\u0131s Cumhuriyeti ve \u0130srail aras\u0131nda T\u00fcrkiye\u2019nin b\u00f6lgedeki hamlelerini de\u011ferlendirmek amac\u0131yla diplomatik g\u00f6r\u00fc\u015fmeler ger\u00e7ekle\u015ftirildi\u011fi \u00f6ne s\u00fcr\u00fcl\u00fcyor. Bu g\u00f6r\u00fc\u015fmelerde Do\u011fu Akdeniz\u2019deki enerji projeleri, g\u00fcvenlik i\u015f birlikleri ve deniz yetki alanlar\u0131na ili\u015fkin geli\u015fmelerin ele al\u0131nd\u0131\u011f\u0131 iddia ediliyor.\n\nT\u00fcrkiye ise b\u00f6lgede hem enerji arama faaliyetleri hem de deniz yetki alanlar\u0131 konusundaki haklar\u0131n\u0131 savundu\u011funu s\u0131k s\u0131k dile getiriyor. T\u00fcrkiye uzun s\u00fcredir Do\u011fu Akdeniz\u2019de kendi k\u0131ta sahanl\u0131\u011f\u0131 ve Kuzey K\u0131br\u0131s T\u00fcrk Cumhuriyeti\u2019nin haklar\u0131n\u0131n korunmas\u0131 gerekti\u011fini vurgulayan a\u00e7\u0131klamalar yap\u0131yor. Ankara, bu konudaki politikalar\u0131n\u0131n uluslararas\u0131 hukuk \u00e7er\u00e7evesinde oldu\u011funu belirtiyor.\n\nUzmanlara g\u00f6re Do\u011fu Akdeniz\u2019deki geli\u015fmeler yaln\u0131zca b\u00f6lge \u00fclkeleriyle s\u0131n\u0131rl\u0131 de\u011fil. Enerji hatlar\u0131, do\u011fal gaz projeleri ve k\u00fcresel enerji g\u00fcvenli\u011fi nedeniyle bir\u00e7ok b\u00fcy\u00fck \u00fclke de bu b\u00f6lgedeki geli\u015fmeleri yak\u0131ndan takip ediyor. Bu nedenle b\u00f6lgede at\u0131lan her diplomatik ad\u0131m uluslararas\u0131 siyasette geni\u015f yank\u0131 bulabiliyor.\n\n\u00d6n\u00fcm\u00fczdeki d\u00f6nemde Do\u011fu Akdeniz\u2019deki temaslar\u0131n ve diplomatik g\u00f6r\u00fc\u015fmelerin artmas\u0131 bekleniyor. Uzmanlar, b\u00f6lgede zaman zaman tansiyon y\u00fckselse de diyalog kanallar\u0131n\u0131n a\u00e7\u0131k tutulmas\u0131n\u0131n b\u00fcy\u00fck \u00f6nem ta\u015f\u0131d\u0131\u011f\u0131n\u0131 vurguluyor. Bu nedenle b\u00f6lgedeki geli\u015fmelerin hem diplomatik hem de ekonomik a\u00e7\u0131dan yak\u0131ndan takip edilmesi gerekti\u011fi ifade ediliyor.\n\n\n\t\t\t\t<\/dd><\/dl>\n\t\t\t<br style='clear: both' \/>\n\t\t<\/div>\n\n","protected":false},"excerpt":{"rendered":"","protected":false},"author":1,"featured_media":4754,"comment_status":"open","ping_status":"open","sticky":false,"template":"","format":"standard","meta":{"footnotes":""},"categories":[9],"tags":[],"class_list":["post-4753","post","type-post","status-publish","format-standard","has-post-thumbnail","hentry","category-foto-galeri"],"_links":{"self":[{"href":"https:\/\/bilgitarif.com\/yeni\/wp-json\/wp\/v2\/posts\/4753","targetHints":{"allow":["GET"]}}],"collection":[{"href":"https:\/\/bilgitarif.com\/yeni\/wp-json\/wp\/v2\/posts"}],"about":[{"href":"https:\/\/bilgitarif.com\/yeni\/wp-json\/wp\/v2\/types\/post"}],"author":[{"embeddable":true,"href":"https:\/\/bilgitarif.com\/yeni\/wp-json\/wp\/v2\/users\/1"}],"replies":[{"embeddable":true,"href":"https:\/\/bilgitarif.com\/yeni\/wp-json\/wp\/v2\/comments?post=4753"}],"version-history":[{"count":1,"href":"https:\/\/bilgitarif.com\/yeni\/wp-json\/wp\/v2\/posts\/4753\/revisions"}],"predecessor-version":[{"id":4756,"href":"https:\/\/bilgitarif.com\/yeni\/wp-json\/wp\/v2\/posts\/4753\/revisions\/4756"}],"wp:featuredmedia":[{"embeddable":true,"href":"https:\/\/bilgitarif.com\/yeni\/wp-json\/wp\/v2\/media\/4754"}],"wp:attachment":[{"href":"https:\/\/bilgitarif.com\/yeni\/wp-json\/wp\/v2\/media?parent=4753"}],"wp:term":[{"taxonomy":"category","embeddable":true,"href":"https:\/\/bilgitarif.com\/yeni\/wp-json\/wp\/v2\/categories?post=4753"},{"taxonomy":"post_tag","embeddable":true,"href":"https:\/\/bilgitarif.com\/yeni\/wp-json\/wp\/v2\/tags?post=4753"}],"curies":[{"name":"wp","href":"https:\/\/api.w.org\/{rel}","templated":true}]}}