{"id":4720,"date":"2026-03-09T23:17:39","date_gmt":"2026-03-09T23:17:39","guid":{"rendered":"https:\/\/bilgitarif.com\/yeni\/?p=4720"},"modified":"2026-03-09T23:17:39","modified_gmt":"2026-03-09T23:17:39","slug":"yunan-bakandan-kustah-turkiye-sozleri-ankaradan-tokat-gibi-yanit","status":"publish","type":"post","link":"https:\/\/bilgitarif.com\/yeni\/yunan-bakandan-kustah-turkiye-sozleri-ankaradan-tokat-gibi-yanit\/","title":{"rendered":"Yunan Bakandan k\u00fcstah T\u00fcrkiye s\u00f6zleri! Ankara\u2019dan tokat gibi yan\u0131t"},"content":{"rendered":"\n\t\t<style type=\"text\/css\">\n\t\t\t#gallery-1 {\n\t\t\t\tmargin: auto;\n\t\t\t}\n\t\t\t#gallery-1 .gallery-item {\n\t\t\t\tfloat: left;\n\t\t\t\tmargin-top: 10px;\n\t\t\t\ttext-align: center;\n\t\t\t\twidth: 33%;\n\t\t\t}\n\t\t\t#gallery-1 img {\n\t\t\t\tborder: 2px solid #cfcfcf;\n\t\t\t}\n\t\t\t#gallery-1 .gallery-caption {\n\t\t\t\tmargin-left: 0;\n\t\t\t}\n\t\t\t\/* see gallery_shortcode() in wp-includes\/media.php *\/\n\t\t<\/style>\n\t\t<div id='gallery-1' class='gallery galleryid-4720 gallery-columns-3 gallery-size-thumbnail'><dl class='gallery-item'>\n\t\t\t<dt class='gallery-icon landscape'>\n\t\t\t\t<a href='https:\/\/bilgitarif.com\/yeni\/yunan-bakandan-kustah-turkiye-sozleri-ankaradan-tokat-gibi-yanit\/mm-46\/'><img loading=\"lazy\" decoding=\"async\" width=\"150\" height=\"150\" src=\"https:\/\/bilgitarif.com\/yeni\/wp-content\/uploads\/2026\/03\/mm-12-150x150.jpg\" class=\"attachment-thumbnail size-thumbnail\" alt=\"\" aria-describedby=\"gallery-1-4721\" \/><\/a>\n\t\t\t<\/dt>\n\t\t\t\t<dd class='wp-caption-text gallery-caption' id='gallery-1-4721'>\n\t\t\t\tYunansitan Savunma Bakan\u0131 Dendias\u2019tan KKTC ve T\u00fcrkiye konusunda tepki \u00e7eken s\u00f6zler geldi. Dendias\u2019a D\u0131\u015fi\u015fleri Bakanl\u0131\u011f\u0131 ve Milli Savunma Bakanl\u0131\u011f\u0131 yan\u0131t verdi. Yunanistan Savunma Bakan\u0131 Nikos Dendias tepki \u00e7eken bir a\u00e7\u0131klama yapt\u0131. Yunanistan\u2019\u0131n Alpha TV kanal\u0131n\u0131n ana haber b\u00fclteninde canl\u0131 yay\u0131nda konu\u015fan Dendias, \u201cYunanistan\u2019\u0131n GKRY\u2019ye asker konu\u015fland\u0131rmas\u0131, KKTC taraf\u0131nda g\u00fc\u00e7 bulundurmak i\u00e7in T\u00fcrkiye\u2019ye iyi bir bahane olabilir mi? Biz buna nas\u0131l tepki veririz?\u201d \u015feklindeki soruya; T\u00fcrkiye\u2019nin KKTC\u2019de muazzam bir askeri g\u00fcze sahip oldu\u011funu (40 bin) belirterek Yunan kuvvetlerinin b\u00f6lgeye geli\u015finin T\u00fcrk askerinin \u00e7ekilmesi i\u00e7in iyi bir f\u0131rsat oldu\u011funu iddia etti.\n\n\n\t\t\t\t<\/dd><\/dl><dl class='gallery-item'>\n\t\t\t<dt class='gallery-icon landscape'>\n\t\t\t\t<a href='https:\/\/bilgitarif.com\/yeni\/yunan-bakandan-kustah-turkiye-sozleri-ankaradan-tokat-gibi-yanit\/yunanistam\/'><img loading=\"lazy\" decoding=\"async\" width=\"150\" height=\"150\" src=\"https:\/\/bilgitarif.com\/yeni\/wp-content\/uploads\/2026\/03\/yunanistam-150x150.webp\" class=\"attachment-thumbnail size-thumbnail\" alt=\"\" aria-describedby=\"gallery-1-4722\" \/><\/a>\n\t\t\t<\/dt>\n\t\t\t\t<dd class='wp-caption-text gallery-caption' id='gallery-1-4722'>\n\t\t\t\tDI\u015e\u0130\u015eLER\u0130 BAKANLI\u011eI\u2019NDAN YANIT GELD\u0130\n\nYunan bakan\u0131n a\u00e7\u0131klamalar\u0131na D\u0131\u015fi\u015fleri Bakanl\u0131\u011f\u0131 yan\u0131t verdi. Bakanl\u0131k s\u00f6zc\u00fcs\u00fc \u00d6nc\u00fc Ke\u00e7eli \u201cSon g\u00fcnlerde Ege Adalar\u0131n\u0131n Silahs\u0131zland\u0131r\u0131lm\u0131\u015f Stat\u00fcs\u00fc hilaf\u0131na yap\u0131lan a\u00e7\u0131klamalar\u0131 gayriciddi, talihsiz ve zamans\u0131z buluyoruz\u201d ifadelerini kulland\u0131\n\nSosyal medya hesab\u0131ndan a\u00e7\u0131klama yapan Ke\u00e7eli, Dendias\u2019\u0131n b\u00f6lgede ya\u015fan\u0131lan geli\u015fmeleri f\u0131rsata \u00e7evirdi\u011fini belirterek, \u201c1923 tarihli Lozan Bar\u0131\u015f Antla\u015fmas\u0131 ve 1947 tarihli Paris Bar\u0131\u015f Antla\u015fmas\u0131 \u00e7er\u00e7evesinde gayriaskeri stat\u00fc alt\u0131na al\u0131nan Do\u011fu Ege Adalar\u0131 ve Oniki Adalar\u0131n objektif hukuki stat\u00fcs\u00fcnde tart\u0131\u015fmaya a\u00e7\u0131k bir husus bulunmamaktad\u0131r.\n\nHal b\u00f6yleyken, b\u00f6lgemizde ya\u015fanan son geli\u015fmeleri f\u0131rsata \u00e7evirmek isteyen ve her vesileyle NATO m\u00fcttefikimiz Yunanistan\u2019la ikili ili\u015fkilerimizi zehirlemeye gayret g\u00f6steren baz\u0131 \u00e7evrelerin yeni bir oldubitti te\u015febb\u00fcs\u00fcnde bulunmalar\u0131 esasen \u015fa\u015f\u0131rt\u0131c\u0131 de\u011fildir\u201d dedi\n\nD\u00dcN T\u00dcRKLER\u0130 TOPLU HALDE YOK ETMEK \u0130STERKEN BUG\u00dcN KORUYACAKLARINI \u0130DD\u0130A ED\u0130YORLAR\u201d\n\nKe\u00e7eli, ge\u00e7mi\u015fte Rumlar\u0131n yapt\u0131\u011f\u0131 katliamlar\u0131 hat\u0131rlatarak, \u201cT\u00fcrkiye\u2019yi revizyonizmle su\u00e7layan bu \u00e7evrelerin uluslararas\u0131 hukuk hilaf\u0131na atacaklar\u0131 her ad\u0131m yok h\u00fckm\u00fcndedir. Daha da ibret verici olan husus ise bu zihniyetin ge\u00e7mi\u015fte K\u0131br\u0131s Adas\u0131n\u0131n ortak sahibi olan K\u0131br\u0131sl\u0131 T\u00fcrkleri toplu halde yok etmek isterken bug\u00fcn onlar\u0131 da koruyacaklar\u0131n\u0131 iddia etmeleridir\u201d ifadelerine yer verdi.\n\nT\u00fcrkiye\u2019nin garant\u00f6r oldu\u011funu vurgulayan \u00d6nc\u00fc Ke\u00e7eli, \u201cBilinmesini isteriz ki, K\u0131br\u0131sl\u0131 T\u00fcrkler ve Kuzey K\u0131br\u0131s T\u00fcrk Cumhuriyeti, Anavatan ve Garant\u00f6r T\u00fcrkiye\u2019nin de deste\u011fiyle kendi g\u00fcvenli\u011fini sa\u011flamaya muktedir olup ba\u015fka hi\u00e7 kimseye muhta\u00e7 de\u011fildir. B\u00f6lgemizde ya\u015fanan geli\u015fmeler bar\u0131\u015f ve istikrara olan samimi ba\u011fl\u0131l\u0131\u011f\u0131n \u00f6nemini bir kez daha ortaya koymaktad\u0131r. \u0130\u00e7 politikaya y\u00f6nelik saiklerle mesnetsiz iddialarda bulunmay\u0131 ve \u00fclkemiz aleyhine dezenformasyon yapmay\u0131 adet haline getiren \u00e7evrelere, oldubittilere izin vermeyece\u011fimizi bu vesileyle tekrar hat\u0131rlat\u0131yor ve kendilerini sa\u011fduyuya davet ediyoruz\u201d dedi\n\nM\u0130LL\u0130 SAVUNMA BAKANLI\u011eI DA YANIT VERD\u0130\n\nDendias\u2019\u0131n s\u00f6zlerine bir yan\u0131t da Milli Savunma Bakanl\u0131\u011f\u0131\u2019ndan geldi. Bakanl\u0131\u011f\u0131n haftal\u0131k bas\u0131n toplant\u0131s\u0131nda T\u00fcrkiye\u2019nin d\u00fcn oldu\u011fu gibi bug\u00fcn de KKTC\u2019nin yan\u0131nda ve destek\u00e7isi oldu\u011fu vurgulanarak, T\u00fcrkiye olarak K\u0131br\u0131s T\u00fcrklerinin g\u00fcvenli\u011fini tehdit eden hasmane tutumlara kar\u015f\u0131 garant\u00f6rl\u00fc\u011f\u00fcn verdi\u011fi yetkileri kullanmaktan \u00e7ekinilmeyece\u011fine de dikkat \u00e7ekildi.\n\n\n\t\t\t\t<\/dd><\/dl>\n\t\t\t<br style='clear: both' \/>\n\t\t<\/div>\n\n","protected":false},"excerpt":{"rendered":"","protected":false},"author":1,"featured_media":4721,"comment_status":"open","ping_status":"open","sticky":false,"template":"","format":"standard","meta":{"footnotes":""},"categories":[9],"tags":[],"class_list":["post-4720","post","type-post","status-publish","format-standard","has-post-thumbnail","hentry","category-foto-galeri"],"_links":{"self":[{"href":"https:\/\/bilgitarif.com\/yeni\/wp-json\/wp\/v2\/posts\/4720","targetHints":{"allow":["GET"]}}],"collection":[{"href":"https:\/\/bilgitarif.com\/yeni\/wp-json\/wp\/v2\/posts"}],"about":[{"href":"https:\/\/bilgitarif.com\/yeni\/wp-json\/wp\/v2\/types\/post"}],"author":[{"embeddable":true,"href":"https:\/\/bilgitarif.com\/yeni\/wp-json\/wp\/v2\/users\/1"}],"replies":[{"embeddable":true,"href":"https:\/\/bilgitarif.com\/yeni\/wp-json\/wp\/v2\/comments?post=4720"}],"version-history":[{"count":1,"href":"https:\/\/bilgitarif.com\/yeni\/wp-json\/wp\/v2\/posts\/4720\/revisions"}],"predecessor-version":[{"id":4723,"href":"https:\/\/bilgitarif.com\/yeni\/wp-json\/wp\/v2\/posts\/4720\/revisions\/4723"}],"wp:featuredmedia":[{"embeddable":true,"href":"https:\/\/bilgitarif.com\/yeni\/wp-json\/wp\/v2\/media\/4721"}],"wp:attachment":[{"href":"https:\/\/bilgitarif.com\/yeni\/wp-json\/wp\/v2\/media?parent=4720"}],"wp:term":[{"taxonomy":"category","embeddable":true,"href":"https:\/\/bilgitarif.com\/yeni\/wp-json\/wp\/v2\/categories?post=4720"},{"taxonomy":"post_tag","embeddable":true,"href":"https:\/\/bilgitarif.com\/yeni\/wp-json\/wp\/v2\/tags?post=4720"}],"curies":[{"name":"wp","href":"https:\/\/api.w.org\/{rel}","templated":true}]}}