{"id":4585,"date":"2026-03-05T21:37:11","date_gmt":"2026-03-05T21:37:11","guid":{"rendered":"https:\/\/bilgitarif.com\/yeni\/?p=4585"},"modified":"2026-03-05T21:37:11","modified_gmt":"2026-03-05T21:37:11","slug":"abbden-melih-gokcek-hakkinda-suc-duyurusu-hazirligi","status":"publish","type":"post","link":"https:\/\/bilgitarif.com\/yeni\/abbden-melih-gokcek-hakkinda-suc-duyurusu-hazirligi\/","title":{"rendered":"ABB\u2019den Melih G\u00f6k\u00e7ek Hakk\u0131nda Su\u00e7 Duyurusu Haz\u0131rl\u0131\u011f\u0131"},"content":{"rendered":"\n\t\t<style type=\"text\/css\">\n\t\t\t#gallery-1 {\n\t\t\t\tmargin: auto;\n\t\t\t}\n\t\t\t#gallery-1 .gallery-item {\n\t\t\t\tfloat: left;\n\t\t\t\tmargin-top: 10px;\n\t\t\t\ttext-align: center;\n\t\t\t\twidth: 33%;\n\t\t\t}\n\t\t\t#gallery-1 img {\n\t\t\t\tborder: 2px solid #cfcfcf;\n\t\t\t}\n\t\t\t#gallery-1 .gallery-caption {\n\t\t\t\tmargin-left: 0;\n\t\t\t}\n\t\t\t\/* see gallery_shortcode() in wp-includes\/media.php *\/\n\t\t<\/style>\n\t\t<div id='gallery-1' class='gallery galleryid-4585 gallery-columns-3 gallery-size-thumbnail'><dl class='gallery-item'>\n\t\t\t<dt class='gallery-icon landscape'>\n\t\t\t\t<a href='https:\/\/bilgitarif.com\/yeni\/abbden-melih-gokcek-hakkinda-suc-duyurusu-hazirligi\/blg-34\/'><img loading=\"lazy\" decoding=\"async\" width=\"150\" height=\"150\" src=\"https:\/\/bilgitarif.com\/yeni\/wp-content\/uploads\/2026\/03\/blg-3-150x150.jpg\" class=\"attachment-thumbnail size-thumbnail\" alt=\"\" aria-describedby=\"gallery-1-4586\" \/><\/a>\n\t\t\t<\/dt>\n\t\t\t\t<dd class='wp-caption-text gallery-caption' id='gallery-1-4586'>\n\t\t\t\tAnkara B\u00fcy\u00fck\u015fehir Belediyesi ile eski ba\u015fkan Melih G\u00f6k\u00e7ek aras\u0131nda yeni bir tart\u0131\u015fma g\u00fcndeme geldi.\n\nBelediyeden yap\u0131lan a\u00e7\u0131klamada, sosyal medyada payla\u015f\u0131lan baz\u0131 g\u00f6rsellerin g\u00fcncelmi\u015f gibi servis edildi\u011fi ve bu durumun vatanda\u015flarda panik olu\u015fturabilece\u011fi ifade edildi.\n\nA\u00e7\u0131klamaya g\u00f6re s\u00f6z konusu payla\u015f\u0131mlar\u0131n ger\u00e7e\u011fi yans\u0131tmad\u0131\u011f\u0131 ve altyap\u0131 \u00e7al\u0131\u015fmalar\u0131yla ilgili yanl\u0131\u015f alg\u0131 olu\u015fturdu\u011fu \u00f6ne s\u00fcr\u00fcl\u00fcyor.\n\nBelediye yetkilileri konuyla ilgili hukuki s\u00fcre\u00e7 ba\u015flatmaya haz\u0131rland\u0131klar\u0131n\u0131 duyurdu.\n\t\t\t\t<\/dd><\/dl><dl class='gallery-item'>\n\t\t\t<dt class='gallery-icon landscape'>\n\t\t\t\t<a href='https:\/\/bilgitarif.com\/yeni\/abbden-melih-gokcek-hakkinda-suc-duyurusu-hazirligi\/vcv-3\/'><img loading=\"lazy\" decoding=\"async\" width=\"150\" height=\"90\" src=\"https:\/\/bilgitarif.com\/yeni\/wp-content\/uploads\/2026\/03\/vcv.avif\" class=\"attachment-thumbnail size-thumbnail\" alt=\"\" aria-describedby=\"gallery-1-4587\" \/><\/a>\n\t\t\t<\/dt>\n\t\t\t\t<dd class='wp-caption-text gallery-caption' id='gallery-1-4587'>\n\t\t\t\tABB: \u201cYan\u0131lt\u0131c\u0131 Payla\u015f\u0131mlar Panik Olu\u015fturuyor\u201d\n\nAnkara B\u00fcy\u00fck\u015fehir Belediyesi taraf\u0131ndan yap\u0131lan a\u00e7\u0131klamada, sosyal medyada payla\u015f\u0131lan baz\u0131 foto\u011fraflar\u0131n eski tarihlere ait oldu\u011fu ve g\u00fcncel bir olay gibi sunuldu\u011fu iddia edildi.\n\nBelediye, \u00f6zellikle Ankara\u2019daki su altyap\u0131s\u0131yla ilgili yap\u0131lan payla\u015f\u0131mlar\u0131n vatanda\u015flar aras\u0131nda yanl\u0131\u015f bilgi yay\u0131lmas\u0131na neden olabilece\u011fini belirtti.\n\nA\u00e7\u0131klamada, kentte ya\u015fanan bir ar\u0131zan\u0131n ekipler taraf\u0131ndan k\u0131sa s\u00fcrede giderildi\u011fi ve \u015fu anda \u015fehir genelinde herhangi bir su kesintisi bulunmad\u0131\u011f\u0131 ifade edildi.\n\nASK\u0130 Ekiplerinin \u00c7al\u0131\u015fmalar\u0131 Vurguland\u0131\n\nBelediye yetkilileri, altyap\u0131 sorununa m\u00fcdahale eden ASK\u0130 ekiplerinin k\u0131sa s\u00fcrede gerekli onar\u0131m\u0131 yapt\u0131\u011f\u0131n\u0131 belirtti.\n\nYap\u0131lan a\u00e7\u0131klamada \u015fu ifadelere yer verildi:\n\n\u201cKamuoyunu yan\u0131ltan payla\u015f\u0131mlar, hem vatanda\u015flar\u0131m\u0131z\u0131n do\u011fru bilgiye ula\u015fmas\u0131n\u0131 zorla\u015ft\u0131rmakta hem de sahada \u00f6zveriyle \u00e7al\u0131\u015fan ekiplerimizin eme\u011fini hedef almaktad\u0131r.\u201d\n\nHukuki S\u00fcre\u00e7 Ba\u015flat\u0131labilir\n\nABB Hukuk M\u00fc\u015favirli\u011fi taraf\u0131ndan haz\u0131rlanan dosyan\u0131n savc\u0131l\u0131\u011fa sunulabilece\u011fi belirtilirken, s\u00fcrecin dezenformasyonla m\u00fccadele kapsam\u0131nda de\u011ferlendirildi\u011fi ifade edildi.\n\nUzmanlara g\u00f6re \u00f6zellikle sosyal medya \u00fczerinden yay\u0131lan yanl\u0131\u015f bilgilerin kamu d\u00fczeni \u00fczerinde etkili olabilece\u011fi ve bu t\u00fcr durumlarda hukuki s\u00fcre\u00e7lerin devreye girebilece\u011fi belirtiliyor.\n\nG\u00fcncel G\u00f6rseller Payla\u015f\u0131ld\u0131\n\nBelediye ayr\u0131ca s\u00f6z konusu altyap\u0131 hatt\u0131n\u0131n son durumuna ili\u015fkin g\u00fcncel g\u00f6r\u00fcnt\u00fcleri de payla\u015ft\u0131. Payla\u015f\u0131lan g\u00f6rsellerde hatt\u0131n \u00e7al\u0131\u015f\u0131r durumda oldu\u011fu ve sorunun giderildi\u011fi g\u00f6r\u00fcl\u00fcyor.\n\nYetkililer, vatanda\u015flar\u0131n resmi kurumlar\u0131n a\u00e7\u0131klamalar\u0131n\u0131 takip etmeleri gerekti\u011fini belirterek yanl\u0131\u015f bilgilere kar\u015f\u0131 dikkatli olunmas\u0131 \u00e7a\u011fr\u0131s\u0131nda bulundu.\n\t\t\t\t<\/dd><\/dl>\n\t\t\t<br style='clear: both' \/>\n\t\t<\/div>\n\n","protected":false},"excerpt":{"rendered":"","protected":false},"author":1,"featured_media":4586,"comment_status":"open","ping_status":"open","sticky":false,"template":"","format":"standard","meta":{"footnotes":""},"categories":[9],"tags":[],"class_list":["post-4585","post","type-post","status-publish","format-standard","has-post-thumbnail","hentry","category-foto-galeri"],"_links":{"self":[{"href":"https:\/\/bilgitarif.com\/yeni\/wp-json\/wp\/v2\/posts\/4585","targetHints":{"allow":["GET"]}}],"collection":[{"href":"https:\/\/bilgitarif.com\/yeni\/wp-json\/wp\/v2\/posts"}],"about":[{"href":"https:\/\/bilgitarif.com\/yeni\/wp-json\/wp\/v2\/types\/post"}],"author":[{"embeddable":true,"href":"https:\/\/bilgitarif.com\/yeni\/wp-json\/wp\/v2\/users\/1"}],"replies":[{"embeddable":true,"href":"https:\/\/bilgitarif.com\/yeni\/wp-json\/wp\/v2\/comments?post=4585"}],"version-history":[{"count":1,"href":"https:\/\/bilgitarif.com\/yeni\/wp-json\/wp\/v2\/posts\/4585\/revisions"}],"predecessor-version":[{"id":4588,"href":"https:\/\/bilgitarif.com\/yeni\/wp-json\/wp\/v2\/posts\/4585\/revisions\/4588"}],"wp:featuredmedia":[{"embeddable":true,"href":"https:\/\/bilgitarif.com\/yeni\/wp-json\/wp\/v2\/media\/4586"}],"wp:attachment":[{"href":"https:\/\/bilgitarif.com\/yeni\/wp-json\/wp\/v2\/media?parent=4585"}],"wp:term":[{"taxonomy":"category","embeddable":true,"href":"https:\/\/bilgitarif.com\/yeni\/wp-json\/wp\/v2\/categories?post=4585"},{"taxonomy":"post_tag","embeddable":true,"href":"https:\/\/bilgitarif.com\/yeni\/wp-json\/wp\/v2\/tags?post=4585"}],"curies":[{"name":"wp","href":"https:\/\/api.w.org\/{rel}","templated":true}]}}