{"id":4557,"date":"2026-03-05T21:11:39","date_gmt":"2026-03-05T21:11:39","guid":{"rendered":"https:\/\/bilgitarif.com\/yeni\/?p=4557"},"modified":"2026-03-05T21:11:39","modified_gmt":"2026-03-05T21:11:39","slug":"yanindaki-kisi-kim-cikti","status":"publish","type":"post","link":"https:\/\/bilgitarif.com\/yeni\/yanindaki-kisi-kim-cikti\/","title":{"rendered":"Yan\u0131ndaki Ki\u015fi Kim \u00c7\u0131kt\u0131."},"content":{"rendered":"\n\t\t<style type=\"text\/css\">\n\t\t\t#gallery-1 {\n\t\t\t\tmargin: auto;\n\t\t\t}\n\t\t\t#gallery-1 .gallery-item {\n\t\t\t\tfloat: left;\n\t\t\t\tmargin-top: 10px;\n\t\t\t\ttext-align: center;\n\t\t\t\twidth: 33%;\n\t\t\t}\n\t\t\t#gallery-1 img {\n\t\t\t\tborder: 2px solid #cfcfcf;\n\t\t\t}\n\t\t\t#gallery-1 .gallery-caption {\n\t\t\t\tmargin-left: 0;\n\t\t\t}\n\t\t\t\/* see gallery_shortcode() in wp-includes\/media.php *\/\n\t\t<\/style>\n\t\t<div id='gallery-1' class='gallery galleryid-4557 gallery-columns-3 gallery-size-thumbnail'><dl class='gallery-item'>\n\t\t\t<dt class='gallery-icon landscape'>\n\t\t\t\t<a href='https:\/\/bilgitarif.com\/yeni\/yanindaki-kisi-kim-cikti\/dv-30\/'><img loading=\"lazy\" decoding=\"async\" width=\"150\" height=\"150\" src=\"https:\/\/bilgitarif.com\/yeni\/wp-content\/uploads\/2026\/03\/dv-4-150x150.png\" class=\"attachment-thumbnail size-thumbnail\" alt=\"\" aria-describedby=\"gallery-1-4558\" \/><\/a>\n\t\t\t<\/dt>\n\t\t\t\t<dd class='wp-caption-text gallery-caption' id='gallery-1-4558'>\n\t\t\t\tY\u0131llar \u00f6ncesine ait oldu\u011fu belirtilen foto\u011frafta, T\u00fcrkiye siyasetinin en \u00f6nemli isimlerinden biri dikkat \u00e7ekerken, as\u0131l merak uyand\u0131ran detay ise hemen solunda duran gen\u00e7 isim oldu. O d\u00f6nem hen\u00fcz kimsenin tan\u0131mad\u0131\u011f\u0131 bu \u201cb\u0131\u00e7k\u0131n delikanl\u0131\u201d, bug\u00fcn kamuoyunun yak\u0131ndan bildi\u011fi bir fig\u00fcr m\u00fc? Foto\u011fraf\u0131n ortaya \u00e7\u0131kmas\u0131yla birlikte kulislerde ve sosyal medyada tahminler pe\u015f pe\u015fe gelmeye ba\u015flad\u0131. Peki Cumhurba\u015fkan\u0131\u2019n\u0131n solundaki o gen\u00e7 kim?.\n\t\t\t\t<\/dd><\/dl><dl class='gallery-item'>\n\t\t\t<dt class='gallery-icon landscape'>\n\t\t\t\t<a href='https:\/\/bilgitarif.com\/yeni\/yanindaki-kisi-kim-cikti\/dggdg\/'><img loading=\"lazy\" decoding=\"async\" width=\"150\" height=\"150\" src=\"https:\/\/bilgitarif.com\/yeni\/wp-content\/uploads\/2026\/03\/dggdg-150x150.jpg\" class=\"attachment-thumbnail size-thumbnail\" alt=\"\" aria-describedby=\"gallery-1-4559\" \/><\/a>\n\t\t\t<\/dt>\n\t\t\t\t<dd class='wp-caption-text gallery-caption' id='gallery-1-4559'>\n\t\t\t\tBak\u0131n o Ki\u015fi Kim \u00c7\u0131kt\u0131 Recep Tayyip Erdo\u011fan\u2019\u0131n do\u011fum g\u00fcn\u00fc dolay\u0131s\u0131yla dikkat \u00e7eken bir payla\u015f\u0131m geldi. Davut G\u00fcl, Cumhurba\u015fkan\u0131 Erdo\u011fan\u2019\u0131n gen\u00e7lik y\u0131llar\u0131na ait bir foto\u011fraf\u0131 sosyal medya hesab\u0131ndan yay\u0131mlad\u0131. Nostaljik kare k\u0131sa s\u00fcrede b\u00fcy\u00fck ilgi g\u00f6r\u00fcrken, payla\u015f\u0131m devlet erkan\u0131ndan gelen kutlama mesajlar\u0131 aras\u0131nda \u00f6ne \u00e7\u0131kt\u0131. \u201cYorgunlu\u011fu kendine, umudu milletimize\u2026\u201d Vali G\u00fcl, payla\u015ft\u0131\u011f\u0131 foto\u011frafa \u015fu notu d\u00fc\u015ft\u00fc: \u201cYorgunlu\u011fu kendine, umudu milletimize saklayan bir \u00f6m\u00fcr\u2026 \u015eahidiz. Do\u011fum g\u00fcn\u00fcn\u00fcz kutlu olsun Say\u0131n Cumhurba\u015fkan\u0131m.\u201d Mesaj k\u0131sa s\u00fcrede \u00e7ok say\u0131da be\u011feni ve yorum ald\u0131. Gen\u00e7lik Y\u0131llar\u0131ndan Kare Ar\u015fivden \u00e7\u0131kan ve Erdo\u011fan\u2019\u0131n siyasi hayat\u0131n\u0131n ilk d\u00f6nemlerine ait oldu\u011fu g\u00f6r\u00fclen foto\u011fraf, do\u011fum g\u00fcn\u00fc vesilesiyle yeniden g\u00fcndeme ta\u015f\u0131nd\u0131. Sosyal medyada payla\u015f\u0131lan kare, kamuoyunda merak uyand\u0131rd\u0131. \u00d6te yandan B\u00fclent Turan da ayn\u0131 g\u00fcne ait bir ba\u015fka foto\u011fraf karesini yay\u0131mlad\u0131. Turan payla\u015f\u0131m\u0131na \u201cDevam\u0131 da b\u00f6yle\u2026\u201d notunu ekledi. Payla\u015f\u0131mlar, Cumhurba\u015fkan\u0131 Erdo\u011fan\u2019\u0131n do\u011fum g\u00fcn\u00fc dolay\u0131s\u0131yla yap\u0131lan kutlamalar aras\u0131nda dikkat \u00e7eken i\u00e7erikler aras\u0131nda yer ald\u0131.\n\n\n\t\t\t\t<\/dd><\/dl>\n\t\t\t<br style='clear: both' \/>\n\t\t<\/div>\n\n","protected":false},"excerpt":{"rendered":"","protected":false},"author":1,"featured_media":4558,"comment_status":"open","ping_status":"open","sticky":false,"template":"","format":"standard","meta":{"footnotes":""},"categories":[9],"tags":[],"class_list":["post-4557","post","type-post","status-publish","format-standard","has-post-thumbnail","hentry","category-foto-galeri"],"_links":{"self":[{"href":"https:\/\/bilgitarif.com\/yeni\/wp-json\/wp\/v2\/posts\/4557","targetHints":{"allow":["GET"]}}],"collection":[{"href":"https:\/\/bilgitarif.com\/yeni\/wp-json\/wp\/v2\/posts"}],"about":[{"href":"https:\/\/bilgitarif.com\/yeni\/wp-json\/wp\/v2\/types\/post"}],"author":[{"embeddable":true,"href":"https:\/\/bilgitarif.com\/yeni\/wp-json\/wp\/v2\/users\/1"}],"replies":[{"embeddable":true,"href":"https:\/\/bilgitarif.com\/yeni\/wp-json\/wp\/v2\/comments?post=4557"}],"version-history":[{"count":1,"href":"https:\/\/bilgitarif.com\/yeni\/wp-json\/wp\/v2\/posts\/4557\/revisions"}],"predecessor-version":[{"id":4560,"href":"https:\/\/bilgitarif.com\/yeni\/wp-json\/wp\/v2\/posts\/4557\/revisions\/4560"}],"wp:featuredmedia":[{"embeddable":true,"href":"https:\/\/bilgitarif.com\/yeni\/wp-json\/wp\/v2\/media\/4558"}],"wp:attachment":[{"href":"https:\/\/bilgitarif.com\/yeni\/wp-json\/wp\/v2\/media?parent=4557"}],"wp:term":[{"taxonomy":"category","embeddable":true,"href":"https:\/\/bilgitarif.com\/yeni\/wp-json\/wp\/v2\/categories?post=4557"},{"taxonomy":"post_tag","embeddable":true,"href":"https:\/\/bilgitarif.com\/yeni\/wp-json\/wp\/v2\/tags?post=4557"}],"curies":[{"name":"wp","href":"https:\/\/api.w.org\/{rel}","templated":true}]}}