{"id":4240,"date":"2025-08-13T18:49:03","date_gmt":"2025-08-13T18:49:03","guid":{"rendered":"https:\/\/bilgitarif.com\/yeni\/?p=4240"},"modified":"2025-08-13T18:49:03","modified_gmt":"2025-08-13T18:49:03","slug":"mal-varligina-el-konuldu","status":"publish","type":"post","link":"https:\/\/bilgitarif.com\/yeni\/mal-varligina-el-konuldu\/","title":{"rendered":"Mal Varl\u0131\u011f\u0131na EL Konuldu"},"content":{"rendered":"\n\t\t<style type=\"text\/css\">\n\t\t\t#gallery-1 {\n\t\t\t\tmargin: auto;\n\t\t\t}\n\t\t\t#gallery-1 .gallery-item {\n\t\t\t\tfloat: left;\n\t\t\t\tmargin-top: 10px;\n\t\t\t\ttext-align: center;\n\t\t\t\twidth: 33%;\n\t\t\t}\n\t\t\t#gallery-1 img {\n\t\t\t\tborder: 2px solid #cfcfcf;\n\t\t\t}\n\t\t\t#gallery-1 .gallery-caption {\n\t\t\t\tmargin-left: 0;\n\t\t\t}\n\t\t\t\/* see gallery_shortcode() in wp-includes\/media.php *\/\n\t\t<\/style>\n\t\t<div id='gallery-1' class='gallery galleryid-4240 gallery-columns-3 gallery-size-thumbnail'><dl class='gallery-item'>\n\t\t\t<dt class='gallery-icon landscape'>\n\t\t\t\t<a href='https:\/\/bilgitarif.com\/yeni\/mal-varligina-el-konuldu\/b-22\/'><img loading=\"lazy\" decoding=\"async\" width=\"150\" height=\"150\" src=\"https:\/\/bilgitarif.com\/yeni\/wp-content\/uploads\/2025\/08\/B-2-150x150.jpg\" class=\"attachment-thumbnail size-thumbnail\" alt=\"\" aria-describedby=\"gallery-1-4241\" \/><\/a>\n\t\t\t<\/dt>\n\t\t\t\t<dd class='wp-caption-text gallery-caption' id='gallery-1-4241'>\n\t\t\t\tSabah saatlerinde ba\u015flayan operasyon, belediye binas\u0131nda adeta so\u011fuk du\u015f etkisi yaratt\u0131. Yolsuzluk ve ter\u00f6r soru\u015fturmas\u0131 kapsam\u0131nda onlarca adrese bask\u0131n yap\u0131ld\u0131, \u00e7ok say\u0131da ki\u015fi g\u00f6zalt\u0131na al\u0131nd\u0131. \u015e\u00fcphelilerin mal varl\u0131klar\u0131na el konulmas\u0131yla birlikte, olay \u00fclke g\u00fcndemine oturdu.\n\nG\u00f6zalt\u0131na al\u0131nanlar aras\u0131nda belediye y\u00f6netiminde kritik g\u00f6revlerde bulunan isimlerin oldu\u011fu \u00f6\u011frenildi. Operasyonun kapsam\u0131 geni\u015flerken, soru\u015fturman\u0131n perde arkas\u0131ndaki iddialar kulislerde f\u0131s\u0131lt\u0131 halinde yay\u0131l\u0131yor.\n\nYetkililer hen\u00fcz resmi a\u00e7\u0131klama yapmazken, kamuoyu tek bir soruya kilitlendi: Bu operasyonun sonunda belediyede hangi ger\u00e7ekler g\u00fcn y\u00fcz\u00fcne \u00e7\u0131kacak?\n\n\n\t\t\t\t<\/dd><\/dl><dl class='gallery-item'>\n\t\t\t<dt class='gallery-icon landscape'>\n\t\t\t\t<a href='https:\/\/bilgitarif.com\/yeni\/mal-varligina-el-konuldu\/mal-varligi\/'><img loading=\"lazy\" decoding=\"async\" width=\"150\" height=\"150\" src=\"https:\/\/bilgitarif.com\/yeni\/wp-content\/uploads\/2025\/08\/mal-varligi-150x150.png\" class=\"attachment-thumbnail size-thumbnail\" alt=\"\" aria-describedby=\"gallery-1-4242\" \/><\/a>\n\t\t\t<\/dt>\n\t\t\t\t<dd class='wp-caption-text gallery-caption' id='gallery-1-4242'>\n\t\t\t\t\u0130stanbul\u2019da sabah\u0131n erken saatlerinde ba\u015flayan operasyon, kentin y\u00f6netim kadrosunu derinden sarst\u0131. Yolsuzluk ve ter\u00f6r ba\u011flant\u0131s\u0131 iddialar\u0131yla y\u00fcr\u00fct\u00fclen soru\u015fturma kapsam\u0131nda belediye binas\u0131, ba\u011fl\u0131 i\u015ftirakler ve baz\u0131 \u00f6zel adresler e\u015f zamanl\u0131 olarak polis ekiplerince arand\u0131.\n\nG\u00f6zalt\u0131 Say\u0131s\u0131 Art\u0131yor\nOperasyonun ilk saatlerinde 80\u2019in \u00fczerinde ki\u015fi g\u00f6zalt\u0131na al\u0131n\u0131rken, g\u00fcn i\u00e7inde bu say\u0131n\u0131n artabilece\u011fi belirtiliyor. G\u00f6zalt\u0131na al\u0131nanlar\u0131n bir k\u0131sm\u0131n\u0131n belediyede y\u00f6netim kademesinde g\u00f6rev yapt\u0131\u011f\u0131, baz\u0131lar\u0131n\u0131n ise d\u0131\u015far\u0131dan ihalelere arac\u0131l\u0131k etti\u011fi iddia ediliyor.\n\nMal Varl\u0131klar\u0131na El Konuldu\nSoru\u015fturma kapsam\u0131nda \u015f\u00fcphelilerin banka hesaplar\u0131, ta\u015f\u0131nmazlar\u0131 ve \u015firket hisselerine el konuldu. Bu ad\u0131m, soru\u015fturman\u0131n yaln\u0131zca idari de\u011fil, ayn\u0131 zamanda mali boyutunun da olduk\u00e7a g\u00fc\u00e7l\u00fc oldu\u011funun g\u00f6stergesi olarak de\u011ferlendiriliyor.\n\n\u0130ddialar: \u0130hale Usuls\u00fczl\u00fckleri ve Gizli Fonlar\nSoru\u015fturma dosyas\u0131nda, baz\u0131 kamu ihalelerinde fiyat \u015fi\u015firme, \u015firketler \u00fczerinden para aktar\u0131m\u0131 ve usuls\u00fcz fon kullan\u0131m\u0131 gibi iddialar yer al\u0131yor. Ayr\u0131ca, elde edilen gelirlerin bir k\u0131sm\u0131n\u0131n yasad\u0131\u015f\u0131 faaliyetlerde kullan\u0131labilece\u011fine dair \u015f\u00fcpheler de dosyada bulunuyor.\n\nSiyasi Yans\u0131malar Ka\u00e7\u0131n\u0131lmaz\nBu operasyonun yaln\u0131zca adli de\u011fil, siyasi boyutunun da olaca\u011f\u0131 yorumlar\u0131 yap\u0131l\u0131yor. Kent y\u00f6netiminde g\u00fcven sars\u0131l\u0131rken, muhalefet ve iktidar cephesinden sert a\u00e7\u0131klamalar\u0131n pe\u015f pe\u015fe gelmesi bekleniyor.\n\nKamuoyu, soru\u015fturman\u0131n detaylar\u0131n\u0131n ve olas\u0131 tutuklamalar\u0131n a\u00e7\u0131klanmas\u0131n\u0131 beklerken, en \u00e7ok sorulan soru \u015fu: \u201cBelediyenin tepesinde hangi ili\u015fkiler a\u011f\u0131 \u00e7\u00f6z\u00fclecek?\u201d\n\n\n\t\t\t\t<\/dd><\/dl>\n\t\t\t<br style='clear: both' \/>\n\t\t<\/div>\n\n","protected":false},"excerpt":{"rendered":"","protected":false},"author":1,"featured_media":4241,"comment_status":"open","ping_status":"open","sticky":false,"template":"","format":"standard","meta":{"footnotes":""},"categories":[9],"tags":[],"class_list":["post-4240","post","type-post","status-publish","format-standard","has-post-thumbnail","hentry","category-foto-galeri"],"_links":{"self":[{"href":"https:\/\/bilgitarif.com\/yeni\/wp-json\/wp\/v2\/posts\/4240","targetHints":{"allow":["GET"]}}],"collection":[{"href":"https:\/\/bilgitarif.com\/yeni\/wp-json\/wp\/v2\/posts"}],"about":[{"href":"https:\/\/bilgitarif.com\/yeni\/wp-json\/wp\/v2\/types\/post"}],"author":[{"embeddable":true,"href":"https:\/\/bilgitarif.com\/yeni\/wp-json\/wp\/v2\/users\/1"}],"replies":[{"embeddable":true,"href":"https:\/\/bilgitarif.com\/yeni\/wp-json\/wp\/v2\/comments?post=4240"}],"version-history":[{"count":1,"href":"https:\/\/bilgitarif.com\/yeni\/wp-json\/wp\/v2\/posts\/4240\/revisions"}],"predecessor-version":[{"id":4243,"href":"https:\/\/bilgitarif.com\/yeni\/wp-json\/wp\/v2\/posts\/4240\/revisions\/4243"}],"wp:featuredmedia":[{"embeddable":true,"href":"https:\/\/bilgitarif.com\/yeni\/wp-json\/wp\/v2\/media\/4241"}],"wp:attachment":[{"href":"https:\/\/bilgitarif.com\/yeni\/wp-json\/wp\/v2\/media?parent=4240"}],"wp:term":[{"taxonomy":"category","embeddable":true,"href":"https:\/\/bilgitarif.com\/yeni\/wp-json\/wp\/v2\/categories?post=4240"},{"taxonomy":"post_tag","embeddable":true,"href":"https:\/\/bilgitarif.com\/yeni\/wp-json\/wp\/v2\/tags?post=4240"}],"curies":[{"name":"wp","href":"https:\/\/api.w.org\/{rel}","templated":true}]}}