{"id":4136,"date":"2025-08-05T21:41:11","date_gmt":"2025-08-05T21:41:11","guid":{"rendered":"https:\/\/bilgitarif.com\/yeni\/?p=4136"},"modified":"2025-08-05T21:41:11","modified_gmt":"2025-08-05T21:41:11","slug":"sehir-disinda-ormanlik-yola-yakin-issiz-bir-kavsakta-ilerlerken","status":"publish","type":"post","link":"https:\/\/bilgitarif.com\/yeni\/sehir-disinda-ormanlik-yola-yakin-issiz-bir-kavsakta-ilerlerken\/","title":{"rendered":"\u015eehir d\u0131\u015f\u0131nda, ormanl\u0131k yola yak\u0131n \u0131ss\u0131z bir kav\u015fakta ilerlerken"},"content":{"rendered":"\n\t\t<style type=\"text\/css\">\n\t\t\t#gallery-1 {\n\t\t\t\tmargin: auto;\n\t\t\t}\n\t\t\t#gallery-1 .gallery-item {\n\t\t\t\tfloat: left;\n\t\t\t\tmargin-top: 10px;\n\t\t\t\ttext-align: center;\n\t\t\t\twidth: 33%;\n\t\t\t}\n\t\t\t#gallery-1 img {\n\t\t\t\tborder: 2px solid #cfcfcf;\n\t\t\t}\n\t\t\t#gallery-1 .gallery-caption {\n\t\t\t\tmargin-left: 0;\n\t\t\t}\n\t\t\t\/* see gallery_shortcode() in wp-includes\/media.php *\/\n\t\t<\/style>\n\t\t<div id='gallery-1' class='gallery galleryid-4136 gallery-columns-3 gallery-size-thumbnail'><dl class='gallery-item'>\n\t\t\t<dt class='gallery-icon landscape'>\n\t\t\t\t<a href='https:\/\/bilgitarif.com\/yeni\/sehir-disinda-ormanlik-yola-yakin-issiz-bir-kavsakta-ilerlerken\/mm-29\/'><img loading=\"lazy\" decoding=\"async\" width=\"150\" height=\"150\" src=\"https:\/\/bilgitarif.com\/yeni\/wp-content\/uploads\/2025\/08\/mm-1-150x150.jpg\" class=\"attachment-thumbnail size-thumbnail\" alt=\"\" aria-describedby=\"gallery-1-4137\" \/><\/a>\n\t\t\t<\/dt>\n\t\t\t\t<dd class='wp-caption-text gallery-caption' id='gallery-1-4137'>\n\t\t\t\t\u015eehir d\u0131\u015f\u0131nda, ormanl\u0131k yola yak\u0131n \u0131ss\u0131z bir kav\u015fakta ilerliyordum. G\u00f6zleri a\u011f\u0131rla\u015f\u0131yor, radyodaki parazitli m\u00fczik can\u0131n\u0131 s\u0131k\u0131yordu. Derken, arkas\u0131ndan yakla\u015fan siyah caml\u0131 bir minib\u00fcs uzun farlar\u0131n\u0131 yakt\u0131. \u00c7ok h\u0131zl\u0131yd\u0131..\u0130\u00e7inden bir ses, devam etmesini s\u00f6yl\u00fcyordu. Ama merak\u0131 a\u011f\u0131r bast\u0131.\nArabay\u0131 kenara \u00e7ekip paketin yan\u0131na gitti.\nYakla\u015ft\u0131k\u00e7a paketten gelen garip sesleri duydu. Bo\u011fuk, nefes kesici bir \u00e7\u0131rp\u0131n\u0131\u015ft\u0131\n\t\t\t\t<\/dd><\/dl><dl class='gallery-item'>\n\t\t\t<dt class='gallery-icon landscape'>\n\t\t\t\t<a href='https:\/\/bilgitarif.com\/yeni\/sehir-disinda-ormanlik-yola-yakin-issiz-bir-kavsakta-ilerlerken\/ayak-14\/'><img loading=\"lazy\" decoding=\"async\" width=\"150\" height=\"150\" src=\"https:\/\/bilgitarif.com\/yeni\/wp-content\/uploads\/2025\/08\/ayak-3-150x150.jpg\" class=\"attachment-thumbnail size-thumbnail\" alt=\"\" aria-describedby=\"gallery-1-4138\" \/><\/a>\n\t\t\t<\/dt>\n\t\t\t\t<dd class='wp-caption-text gallery-caption' id='gallery-1-4138'>\n\t\t\t\t\u015eehir d\u0131\u015f\u0131nda, ormanl\u0131k yola yak\u0131n \u0131ss\u0131z bir kav\u015fakta ilerleyen tek ara\u00e7 Emre\u2019nindi. Uzun bir g\u00fcn\u00fcn ard\u0131ndan eve d\u00f6n\u00fcyordu. G\u00f6zleri a\u011f\u0131rla\u015f\u0131yor, radyodaki parazitli m\u00fczik can\u0131n\u0131 s\u0131k\u0131yordu. Derken, arkas\u0131ndan yakla\u015fan siyah caml\u0131 bir minib\u00fcs uzun farlar\u0131n\u0131 yakt\u0131. \u00c7ok h\u0131zl\u0131yd\u0131.\nTam Emre kenara \u00e7ekmeyi d\u00fc\u015f\u00fcn\u00fcrken, o karanl\u0131k minib\u00fcs yan\u0131ndan v\u0131z\u0131r v\u0131z\u0131r ge\u00e7ti ve h\u0131zla uzakla\u015ft\u0131. Ama ge\u00e7erken bir \u015fey oldu. Arka kap\u0131dan b\u00fcy\u00fck\u00e7e, siyah bir paket d\u0131\u015far\u0131 f\u0131rlat\u0131ld\u0131. Sert\u00e7e yola \u00e7arp\u0131p yuvarland\u0131, sonra \u00e7imenli\u011fe savruldu.\nEmre refleksle fren yapt\u0131.\n\u0130\u00e7inden bir ses, devam etmesini s\u00f6yl\u00fcyordu. Ama merak\u0131 a\u011f\u0131r bast\u0131.\nArabay\u0131 kenara \u00e7ekip paketin yan\u0131na gitti.\nYakla\u015ft\u0131k\u00e7a paketten gelen garip sesleri duydu. Bo\u011fuk, nefes kesici bir \u00e7\u0131rp\u0131n\u0131\u015f\u2026\nPaket i\u00e7eriden oynuyordu.\nKartona sar\u0131l\u0131yd\u0131, koli band\u0131yla her yeri kapat\u0131lm\u0131\u015ft\u0131. Ama i\u00e7inden gelen h\u0131r\u0131lt\u0131lar\u2026 bir hayvana benzemiyordu. Ne kediydi, ne k\u00f6pek. Daha\u2026 bo\u011fuk, daha rahats\u0131z edici bir \u015feydi.\nEmre elini cebine att\u0131, \u00e7ak\u0131s\u0131n\u0131 \u00e7\u0131kard\u0131. Band\u0131 yava\u015f\u00e7a kesti.\nKapa\u011f\u0131 kald\u0131rd\u0131\u011f\u0131 anda donup kald\u0131.\n\u0130\u00e7erideki \u015fey\u2026 g\u00f6zlerini a\u00e7t\u0131.\nVe Emre\u2019ye bakt\u0131.\nG\u00f6zleri insana aitti. Ama y\u00fcz\u00fc de\u011fildi.\nKafas\u0131 orant\u0131s\u0131zd\u0131, derisi pullarla kapl\u0131yd\u0131, dili \u00e7atall\u0131yd\u0131. Elleri k\u00fc\u00e7\u00fcc\u00fck ama parmak u\u00e7lar\u0131nda t\u0131rnaklar yerine kemik gibi uzant\u0131lar vard\u0131. Nefes al\u0131\u015flar\u0131 kesikti, h\u0131r\u0131lt\u0131l\u0131yd\u0131.\nBir yarat\u0131k vard\u0131 kutunun i\u00e7inde.\nAma sadece fiziki de\u011fil\u2026 belli ki bir zeka da vard\u0131 orada.\nEmre geri \u00e7ekilmek istedi ama yarat\u0131k bir anda kolundan yakalad\u0131.\nVe o an\u2026 Emre\u2019nin zihninde bir g\u00f6r\u00fcnt\u00fc belirdi.\nBir laboratuvar\u2026 cam t\u00fcpler\u2026 ba\u011f\u0131ran insanlar\u2026 ka\u00e7an bir grup bilim insan\u0131\u2026 ve sonra her \u015feyin patlayarak karard\u0131\u011f\u0131 bir an.\nYarat\u0131k konu\u015fmuyordu ama\u2026 zihninden ileti\u015fim kuruyordu.\n\u201cKa\u00e7t\u0131m. Onlar beni par\u00e7alad\u0131. \u015eimdi seninleyim.\u201d\nEmre kendini geriye zorla att\u0131, kutuyu kapat\u0131p geri koydu. Ama yarat\u0131k tekrar d\u0131\u015far\u0131 \u00e7\u0131kmak i\u00e7in \u00e7\u0131rp\u0131nmaya ba\u015flad\u0131. Emre, panikle arabas\u0131na ko\u015ftu. Konta\u011f\u0131 \u00e7evirdi, gaz\u0131 k\u00f6kledi. Aynaya bakt\u0131\u2026\nMinib\u00fcs geri d\u00f6nm\u00fc\u015ft\u00fc.\nFarlar\u0131 bir kez daha a\u00e7\u0131ld\u0131\u011f\u0131nda, Emre art\u0131k biliyordu:\nBu sadece bir yarat\u0131k de\u011fil, bir s\u0131rd\u0131.\nVe \u015fimdi o s\u0131rr\u0131n pe\u015findekiler onu da istemeye ba\u015flam\u0131\u015ft\u0131\n\t\t\t\t<\/dd><\/dl>\n\t\t\t<br style='clear: both' \/>\n\t\t<\/div>\n\n","protected":false},"excerpt":{"rendered":"","protected":false},"author":1,"featured_media":4137,"comment_status":"open","ping_status":"open","sticky":false,"template":"","format":"standard","meta":{"footnotes":""},"categories":[9],"tags":[],"class_list":["post-4136","post","type-post","status-publish","format-standard","has-post-thumbnail","hentry","category-foto-galeri"],"_links":{"self":[{"href":"https:\/\/bilgitarif.com\/yeni\/wp-json\/wp\/v2\/posts\/4136","targetHints":{"allow":["GET"]}}],"collection":[{"href":"https:\/\/bilgitarif.com\/yeni\/wp-json\/wp\/v2\/posts"}],"about":[{"href":"https:\/\/bilgitarif.com\/yeni\/wp-json\/wp\/v2\/types\/post"}],"author":[{"embeddable":true,"href":"https:\/\/bilgitarif.com\/yeni\/wp-json\/wp\/v2\/users\/1"}],"replies":[{"embeddable":true,"href":"https:\/\/bilgitarif.com\/yeni\/wp-json\/wp\/v2\/comments?post=4136"}],"version-history":[{"count":1,"href":"https:\/\/bilgitarif.com\/yeni\/wp-json\/wp\/v2\/posts\/4136\/revisions"}],"predecessor-version":[{"id":4139,"href":"https:\/\/bilgitarif.com\/yeni\/wp-json\/wp\/v2\/posts\/4136\/revisions\/4139"}],"wp:featuredmedia":[{"embeddable":true,"href":"https:\/\/bilgitarif.com\/yeni\/wp-json\/wp\/v2\/media\/4137"}],"wp:attachment":[{"href":"https:\/\/bilgitarif.com\/yeni\/wp-json\/wp\/v2\/media?parent=4136"}],"wp:term":[{"taxonomy":"category","embeddable":true,"href":"https:\/\/bilgitarif.com\/yeni\/wp-json\/wp\/v2\/categories?post=4136"},{"taxonomy":"post_tag","embeddable":true,"href":"https:\/\/bilgitarif.com\/yeni\/wp-json\/wp\/v2\/tags?post=4136"}],"curies":[{"name":"wp","href":"https:\/\/api.w.org\/{rel}","templated":true}]}}