{"id":4051,"date":"2025-08-01T21:02:58","date_gmt":"2025-08-01T21:02:58","guid":{"rendered":"https:\/\/bilgitarif.com\/yeni\/?p=4051"},"modified":"2025-08-01T21:02:58","modified_gmt":"2025-08-01T21:02:58","slug":"12-yil-once-oldu-gunlerce-aradilar","status":"publish","type":"post","link":"https:\/\/bilgitarif.com\/yeni\/12-yil-once-oldu-gunlerce-aradilar\/","title":{"rendered":"12 Y\u0131l \u00d6nce Oldu, G\u00fcnlerce Arad\u0131lar"},"content":{"rendered":"\n\t\t<style type=\"text\/css\">\n\t\t\t#gallery-1 {\n\t\t\t\tmargin: auto;\n\t\t\t}\n\t\t\t#gallery-1 .gallery-item {\n\t\t\t\tfloat: left;\n\t\t\t\tmargin-top: 10px;\n\t\t\t\ttext-align: center;\n\t\t\t\twidth: 33%;\n\t\t\t}\n\t\t\t#gallery-1 img {\n\t\t\t\tborder: 2px solid #cfcfcf;\n\t\t\t}\n\t\t\t#gallery-1 .gallery-caption {\n\t\t\t\tmargin-left: 0;\n\t\t\t}\n\t\t\t\/* see gallery_shortcode() in wp-includes\/media.php *\/\n\t\t<\/style>\n\t\t<div id='gallery-1' class='gallery galleryid-4051 gallery-columns-3 gallery-size-thumbnail'><dl class='gallery-item'>\n\t\t\t<dt class='gallery-icon landscape'>\n\t\t\t\t<a href='https:\/\/bilgitarif.com\/yeni\/12-yil-once-oldu-gunlerce-aradilar\/vr-10\/'><img loading=\"lazy\" decoding=\"async\" width=\"150\" height=\"150\" src=\"https:\/\/bilgitarif.com\/yeni\/wp-content\/uploads\/2025\/08\/vr-150x150.jpg\" class=\"attachment-thumbnail size-thumbnail\" alt=\"\" aria-describedby=\"gallery-1-4052\" \/><\/a>\n\t\t\t<\/dt>\n\t\t\t\t<dd class='wp-caption-text gallery-caption' id='gallery-1-4052'>\n\t\t\t\tTam 12 sene \u00f6nce bir kaza sonucu ara\u00e7 denize u\u00e7tu. G\u00fcnlerde arand\u0131 ama bulamad\u0131lar. K\u0131z 22 ya\u015f\u0131nda, erkek 25. Yeni ni\u015fanl\u0131lar. Tam 12 sene sonra denizin dibine g\u00f6m\u00fcl\u00fc halde bulundu. Ara\u00e7 \u00e7\u0131kar\u0131ld\u0131 ve ara\u00e7ta k\u0131z vard\u0131. Bulundu\u011fu hal inan\u0131lmazd\u0131. Tam arac\u0131n kap\u0131s\u0131n\u0131 a\u00e7t\u0131lar ve k\u0131z\n\t\t\t\t<\/dd><\/dl><dl class='gallery-item'>\n\t\t\t<dt class='gallery-icon landscape'>\n\t\t\t\t<a href='https:\/\/bilgitarif.com\/yeni\/12-yil-once-oldu-gunlerce-aradilar\/ayak-11\/'><img loading=\"lazy\" decoding=\"async\" width=\"150\" height=\"150\" src=\"https:\/\/bilgitarif.com\/yeni\/wp-content\/uploads\/2025\/08\/ayak-150x150.jpg\" class=\"attachment-thumbnail size-thumbnail\" alt=\"\" aria-describedby=\"gallery-1-4054\" \/><\/a>\n\t\t\t<\/dt>\n\t\t\t\t<dd class='wp-caption-text gallery-caption' id='gallery-1-4054'>\n\t\t\t\t12 Y\u0131l \u00d6nce Kaybolan \u00c7iftin Cesetleri, Arabalar\u0131n\u0131n \u0130\u00e7inde Nehrin Dibinde Bulundu Rusya\u2019da 12 y\u0131l \u00f6nce kaybolan \u00e7iftin ce-s-etleri, bir dal\u0131\u015f\u00e7\u0131n\u0131n nehrin dibindeki arabay\u0131 ve c-e-se-tleri g\u00f6rmesi \u00fczerine bulundu. Rusya\u2019da 12 y\u0131l \u00f6nce gizemli bir \u015fekilde kay, 12 Y\u0131l \u00d6nce Kaybolan \u00c7iftin Cesetleri, Arabalar\u0131n\u0131n \u0130\u00e7inde Nehrin Dibinde Bulundu Rusya\u2019da 12 y\u0131l \u00f6nce kaybolan \u00e7iftin c-e-se-tleri, bir dal\u0131\u015f\u00e7\u0131n\u0131n nehrin dibindeki arabay\u0131 ve c-e-se-tleri g\u00f6rmesi \u00fczerine bulundu. Rusya\u2019da 12 y\u0131l \u00f6nce gizemli bir \u015fekilde kaybolan 25 ya\u015f\u0131ndaki IIya Zhirnov ve k\u0131z arkada\u015f\u0131 22 ya\u015f\u0131ndaki Kira Cherkasova c-e-s-et-leri arabalar\u0131n\u0131n i\u00e7inde nehrin dibinde bulundu.\n\u00c7ift 2005 y\u0131l\u0131n\u0131n aral\u0131k ay\u0131nda arkalar\u0131nda hi\u00e7bir iz b\u0131rakmadan gizmeli bir \u015fekilde kayboldu. \u00c7iftin c-es-etl-eri araban\u0131n i\u00e7inde Cheboksary \u015fehrindeki Volga nehrinde bulundu.\nH\u0130\u00c7B\u0130R \u0130PUCU BIRAKMADIKLARI \u0130\u00c7\u0130N POL\u0130S \u00c7\u0130FT\u0130 ARAMAKTAN VAZGE\u00c7M\u0130\u015eT\u0130 2005\ny\u0131l\u0131nda Zhirnov k\u0131z arkada\u015f\u0131n\u0131 i\u015f yerinden almak i\u00e7in babas\u0131ndan arabas\u0131n\u0131 istemi\u015fti. \u00c7iftin kaybolmas\u0131ndan sonra arkalar\u0131nda hi\u00e7 bir ipucu b\u0131rakmad\u0131klar\u0131 i\u00e7in polis \u00e7ifti arama \u00e7al\u0131\u015fmalar\u0131na son vermi\u015fti.\nB\u0130R DALI\u015e\u00c7I ARABAYI VE \u0130\u00c7\u0130NDEK\u0130 CESETLER\u0130 G\u00d6RMES\u0130 \u00dcZER\u0130NE OLAYI POL\u0130SE B\u0130LD\u0130RD\u0130\nBir dal\u0131\u015f\u00e7\u0131n\u0131n nehrin dibinde arabay\u0131 ve i\u00e7indeki c-e-s-e-tleri g\u00f6rmesi \u00fczerine olay\u0131 polise bildirdi. Polis vin\u00e7 yard\u0131m\u0131 ile cesetleri arabadan \u00e7\u0131kard\u0131.\nSU \u0130\u00c7\u0130NDE ZARAR G\u00d6RMEM\u0130\u015e BELGELER \u0130LE \u00c7\u0130FT\u0130N K\u0130ML\u0130\u011e\u0130NE ULA\u015eILDI\nAraban\u0131n su i\u00e7inde zarar g\u00f6rmemi\u015f belgeler yard\u0131m\u0131 ile \u00e7iftin kimli\u011fine ula\u015ft\u0131. Polis yapt\u0131\u011f\u0131 a\u00e7\u0131klamada, buzlu yoldan dolay\u0131 araban\u0131n kontrul\u00fcn\u00fc kaybedip nehre u\u00e7mu\u015f olma ihtimaliinn \u00e7ok y\u00fcksek oldu\u011funu s\u00f6yledi. Olay ile ilgili soru\u015fturma devam ediyor.\n\n\n\t\t\t\t<\/dd><\/dl>\n\t\t\t<br style='clear: both' \/>\n\t\t<\/div>\n\n","protected":false},"excerpt":{"rendered":"","protected":false},"author":1,"featured_media":4052,"comment_status":"open","ping_status":"open","sticky":false,"template":"","format":"standard","meta":{"footnotes":""},"categories":[9],"tags":[],"class_list":["post-4051","post","type-post","status-publish","format-standard","has-post-thumbnail","hentry","category-foto-galeri"],"_links":{"self":[{"href":"https:\/\/bilgitarif.com\/yeni\/wp-json\/wp\/v2\/posts\/4051","targetHints":{"allow":["GET"]}}],"collection":[{"href":"https:\/\/bilgitarif.com\/yeni\/wp-json\/wp\/v2\/posts"}],"about":[{"href":"https:\/\/bilgitarif.com\/yeni\/wp-json\/wp\/v2\/types\/post"}],"author":[{"embeddable":true,"href":"https:\/\/bilgitarif.com\/yeni\/wp-json\/wp\/v2\/users\/1"}],"replies":[{"embeddable":true,"href":"https:\/\/bilgitarif.com\/yeni\/wp-json\/wp\/v2\/comments?post=4051"}],"version-history":[{"count":1,"href":"https:\/\/bilgitarif.com\/yeni\/wp-json\/wp\/v2\/posts\/4051\/revisions"}],"predecessor-version":[{"id":4055,"href":"https:\/\/bilgitarif.com\/yeni\/wp-json\/wp\/v2\/posts\/4051\/revisions\/4055"}],"wp:featuredmedia":[{"embeddable":true,"href":"https:\/\/bilgitarif.com\/yeni\/wp-json\/wp\/v2\/media\/4052"}],"wp:attachment":[{"href":"https:\/\/bilgitarif.com\/yeni\/wp-json\/wp\/v2\/media?parent=4051"}],"wp:term":[{"taxonomy":"category","embeddable":true,"href":"https:\/\/bilgitarif.com\/yeni\/wp-json\/wp\/v2\/categories?post=4051"},{"taxonomy":"post_tag","embeddable":true,"href":"https:\/\/bilgitarif.com\/yeni\/wp-json\/wp\/v2\/tags?post=4051"}],"curies":[{"name":"wp","href":"https:\/\/api.w.org\/{rel}","templated":true}]}}