{"id":4013,"date":"2025-07-31T23:26:49","date_gmt":"2025-07-31T23:26:49","guid":{"rendered":"https:\/\/bilgitarif.com\/yeni\/?p=4013"},"modified":"2025-07-31T23:26:49","modified_gmt":"2025-07-31T23:26:49","slug":"evcil-hayvan-sahibinin-cenazesinde","status":"publish","type":"post","link":"https:\/\/bilgitarif.com\/yeni\/evcil-hayvan-sahibinin-cenazesinde\/","title":{"rendered":"Evcil hayvan, sahibinin cenazesinde"},"content":{"rendered":"\n\t\t<style type=\"text\/css\">\n\t\t\t#gallery-1 {\n\t\t\t\tmargin: auto;\n\t\t\t}\n\t\t\t#gallery-1 .gallery-item {\n\t\t\t\tfloat: left;\n\t\t\t\tmargin-top: 10px;\n\t\t\t\ttext-align: center;\n\t\t\t\twidth: 33%;\n\t\t\t}\n\t\t\t#gallery-1 img {\n\t\t\t\tborder: 2px solid #cfcfcf;\n\t\t\t}\n\t\t\t#gallery-1 .gallery-caption {\n\t\t\t\tmargin-left: 0;\n\t\t\t}\n\t\t\t\/* see gallery_shortcode() in wp-includes\/media.php *\/\n\t\t<\/style>\n\t\t<div id='gallery-1' class='gallery galleryid-4013 gallery-columns-3 gallery-size-thumbnail'><dl class='gallery-item'>\n\t\t\t<dt class='gallery-icon landscape'>\n\t\t\t\t<a href='https:\/\/bilgitarif.com\/yeni\/evcil-hayvan-sahibinin-cenazesinde\/fc-18\/'><img loading=\"lazy\" decoding=\"async\" width=\"150\" height=\"150\" src=\"https:\/\/bilgitarif.com\/yeni\/wp-content\/uploads\/2025\/07\/fc-8-150x150.jpg\" class=\"attachment-thumbnail size-thumbnail\" alt=\"\" aria-describedby=\"gallery-1-4014\" \/><\/a>\n\t\t\t<\/dt>\n\t\t\t\t<dd class='wp-caption-text gallery-caption' id='gallery-1-4014'>\n\t\t\t\tCenaze t\u00f6reninin sakin ve ciddi atmosferinde, bir evcil hayvan\u0131n varl\u0131\u011f\u0131 beklenmedik bir duygu katman\u0131 katabilir. Evcil hayvanlar genellikle de\u011ferli aile \u00fcyeleri olarak kabul edilir ve sahipleriyle olan ba\u011flar\u0131 derin olabilir. Sevilen bir evcil hayvan\u0131n sahibinin cenazesine kat\u0131lmas\u0131, hayvanlar\u0131n sundu\u011fu ko\u015fulsuz sevgi ve sadakatin dokunakl\u0131 bir hat\u0131rlat\u0131c\u0131s\u0131 olur.\n\t\t\t\t<\/dd><\/dl><dl class='gallery-item'>\n\t\t\t<dt class='gallery-icon landscape'>\n\t\t\t\t<a href='https:\/\/bilgitarif.com\/yeni\/evcil-hayvan-sahibinin-cenazesinde\/evcil\/'><img loading=\"lazy\" decoding=\"async\" width=\"150\" height=\"150\" src=\"https:\/\/bilgitarif.com\/yeni\/wp-content\/uploads\/2025\/07\/evcil-150x150.jpg\" class=\"attachment-thumbnail size-thumbnail\" alt=\"\" aria-describedby=\"gallery-1-4015\" \/><\/a>\n\t\t\t<\/dt>\n\t\t\t\t<dd class='wp-caption-text gallery-caption' id='gallery-1-4015'>\n\t\t\t\tTabutun yan\u0131nda sessizce oturan veya ba\u015f\u0131n\u0131 kederli bir \u015fekilde yere koyan bir evcil hayvan\u0131n g\u00f6r\u00fcnt\u00fcs\u00fc, kat\u0131l\u0131mc\u0131larda g\u00fc\u00e7l\u00fc bir duygusal tepki uyand\u0131rabilir. Bu t\u00fcr sahneler, insanlar ve hayvanlar aras\u0131ndaki g\u00fc\u00e7l\u00fc ba\u011f\u0131 vurgulayarak ya\u015fam ve \u00f6l\u00fcm s\u0131n\u0131rlar\u0131n\u0131 a\u015far. Bu, evcil hayvanlar\u0131n, \u00f6ld\u00fckten sonra bile insan dostlar\u0131na besledikleri kal\u0131c\u0131 sevginin bir kan\u0131t\u0131d\u0131r. Sevdiklerini kaybetmenin ac\u0131s\u0131n\u0131 ya\u015fayanlar i\u00e7in, bir evcil hayvan\u0131n varl\u0131\u011f\u0131 teselli ve huzur sa\u011flayabilir. Evcil hayvan\u0131n tan\u0131d\u0131k y\u00fcz\u00fc, de\u011ferli an\u0131lar\u0131 geri getirebilir ve \u00fcz\u00fcnt\u00fcn\u00fcn ortas\u0131nda bir devaml\u0131l\u0131k ve ba\u011f hissi sa\u011flayabilir. Ayr\u0131ca, \u00f6len ki\u015finin yaln\u0131zca insanlar taraf\u0131ndan de\u011fil, sad\u0131k hayvan dostlar\u0131 taraf\u0131ndan da sevildi\u011fini ve de\u011fer verildi\u011fini hat\u0131rlat\u0131r. Bu t\u00fcr anlara m\u00fczik eklemek, duygusal atmosferi de g\u00fc\u00e7lendirebilir. M\u00fczik, kelimelerin \u00e7o\u011fu zaman ifade edemedi\u011fi \u015feyleri ifade etme g\u00fcc\u00fcne sahiptir ve olaya n\u00fcfuz eden sevgi ve kay\u0131p duygular\u0131n\u0131 yans\u0131t\u0131r. \u0130ster yumu\u015fak, enstr\u00fcmantal bir par\u00e7a, ister merhum i\u00e7in \u00f6zel bir anlam ta\u015f\u0131yan bir \u015fark\u0131 olsun, m\u00fczik payla\u015f\u0131lan an\u0131lara ve hissedilen duygulara bir fon m\u00fczi\u011fi sa\u011flayabilir.\n\n\n\t\t\t\t<\/dd><\/dl>\n\t\t\t<br style='clear: both' \/>\n\t\t<\/div>\n\n","protected":false},"excerpt":{"rendered":"","protected":false},"author":1,"featured_media":4014,"comment_status":"open","ping_status":"open","sticky":false,"template":"","format":"standard","meta":{"footnotes":""},"categories":[9],"tags":[],"class_list":["post-4013","post","type-post","status-publish","format-standard","has-post-thumbnail","hentry","category-foto-galeri"],"_links":{"self":[{"href":"https:\/\/bilgitarif.com\/yeni\/wp-json\/wp\/v2\/posts\/4013","targetHints":{"allow":["GET"]}}],"collection":[{"href":"https:\/\/bilgitarif.com\/yeni\/wp-json\/wp\/v2\/posts"}],"about":[{"href":"https:\/\/bilgitarif.com\/yeni\/wp-json\/wp\/v2\/types\/post"}],"author":[{"embeddable":true,"href":"https:\/\/bilgitarif.com\/yeni\/wp-json\/wp\/v2\/users\/1"}],"replies":[{"embeddable":true,"href":"https:\/\/bilgitarif.com\/yeni\/wp-json\/wp\/v2\/comments?post=4013"}],"version-history":[{"count":1,"href":"https:\/\/bilgitarif.com\/yeni\/wp-json\/wp\/v2\/posts\/4013\/revisions"}],"predecessor-version":[{"id":4016,"href":"https:\/\/bilgitarif.com\/yeni\/wp-json\/wp\/v2\/posts\/4013\/revisions\/4016"}],"wp:featuredmedia":[{"embeddable":true,"href":"https:\/\/bilgitarif.com\/yeni\/wp-json\/wp\/v2\/media\/4014"}],"wp:attachment":[{"href":"https:\/\/bilgitarif.com\/yeni\/wp-json\/wp\/v2\/media?parent=4013"}],"wp:term":[{"taxonomy":"category","embeddable":true,"href":"https:\/\/bilgitarif.com\/yeni\/wp-json\/wp\/v2\/categories?post=4013"},{"taxonomy":"post_tag","embeddable":true,"href":"https:\/\/bilgitarif.com\/yeni\/wp-json\/wp\/v2\/tags?post=4013"}],"curies":[{"name":"wp","href":"https:\/\/api.w.org\/{rel}","templated":true}]}}