{"id":3865,"date":"2025-07-24T00:04:23","date_gmt":"2025-07-24T00:04:23","guid":{"rendered":"https:\/\/bilgitarif.com\/yeni\/?p=3865"},"modified":"2025-07-24T00:04:23","modified_gmt":"2025-07-24T00:04:23","slug":"serdar-ortactan-aci-haber","status":"publish","type":"post","link":"https:\/\/bilgitarif.com\/yeni\/serdar-ortactan-aci-haber\/","title":{"rendered":"Serdar Orta\u00e7&#8217;tan Ac\u0131 Haber"},"content":{"rendered":"\n\t\t<style type=\"text\/css\">\n\t\t\t#gallery-1 {\n\t\t\t\tmargin: auto;\n\t\t\t}\n\t\t\t#gallery-1 .gallery-item {\n\t\t\t\tfloat: left;\n\t\t\t\tmargin-top: 10px;\n\t\t\t\ttext-align: center;\n\t\t\t\twidth: 33%;\n\t\t\t}\n\t\t\t#gallery-1 img {\n\t\t\t\tborder: 2px solid #cfcfcf;\n\t\t\t}\n\t\t\t#gallery-1 .gallery-caption {\n\t\t\t\tmargin-left: 0;\n\t\t\t}\n\t\t\t\/* see gallery_shortcode() in wp-includes\/media.php *\/\n\t\t<\/style>\n\t\t<div id='gallery-1' class='gallery galleryid-3865 gallery-columns-3 gallery-size-thumbnail'><dl class='gallery-item'>\n\t\t\t<dt class='gallery-icon landscape'>\n\t\t\t\t<a href='https:\/\/bilgitarif.com\/yeni\/serdar-ortactan-aci-haber\/tt-15\/'><img loading=\"lazy\" decoding=\"async\" width=\"150\" height=\"150\" src=\"https:\/\/bilgitarif.com\/yeni\/wp-content\/uploads\/2025\/07\/tt-4-150x150.jpg\" class=\"attachment-thumbnail size-thumbnail\" alt=\"\" aria-describedby=\"gallery-1-3867\" \/><\/a>\n\t\t\t<\/dt>\n\t\t\t\t<dd class='wp-caption-text gallery-caption' id='gallery-1-3867'>\n\t\t\t\tNe akraba ne de aile! MS hastas\u0131 Serdar Orta\u00e7 vasiyetini a\u00e7\u0131klad\u0131: Miras detay\u0131 ortal\u0131\u011f\u0131 kar\u0131\u015ft\u0131rd\u0131!\n\nUzun s\u00fcredir sa\u011fl\u0131k sorunlar\u0131yla m\u00fccadele eden \u00fcnl\u00fc pop\u00e7u Serdar Orta\u00e7, g\u00fcndemi sarsacak a\u00e7\u0131klamalarda bulundu. Hayata dair karamsar s\u00f6zleriyle dikkat \u00e7eken Orta\u00e7, vasiyetini kime b\u0131rakt\u0131\u011f\u0131n\u0131 da ilk kez a\u00e7\u0131kland\u0131.  Bir d\u00f6neme enerjisi ve \u015fark\u0131lar\u0131yla damga vuran Serdar Orta\u00e7, uzun zamand\u0131r m\u00fccadele etti\u011fi MS hastal\u0131\u011f\u0131 y\u00fcz\u00fcnden zor g\u00fcnlerden ge\u00e7iyordu. Orta\u00e7, bir d\u00f6nem y\u00fcr\u00fcme g\u00fc\u00e7l\u00fc\u011f\u00fc ya\u015fayarak tekerlekli sandalye yard\u0131m\u0131yla sahneye \u00e7\u0131kmak zorunda kalm\u0131\u015ft\u0131. Ancak kat\u0131ld\u0131\u011f\u0131 bir konserde yapt\u0131\u011f\u0131 \u201cSa\u011fl\u0131\u011f\u0131ma yeniden kavu\u015ftum, y\u00fcr\u00fcyebiliyorum, hatta bisiklet bile s\u00fcrebiliyorum\u201d a\u00e7\u0131klamas\u0131, eski g\u00fcc\u00fcne k\u0131smen de olsa kavu\u015ftu\u011funu ortaya koymu\u015ftu.  \u00dcnl\u00fc sanat\u00e7\u0131dan ac\u0131 haber geldi..\n\t\t\t\t<\/dd><\/dl><dl class='gallery-item'>\n\t\t\t<dt class='gallery-icon landscape'>\n\t\t\t\t<a href='https:\/\/bilgitarif.com\/yeni\/serdar-ortactan-aci-haber\/serdar\/'><img loading=\"lazy\" decoding=\"async\" width=\"150\" height=\"150\" src=\"https:\/\/bilgitarif.com\/yeni\/wp-content\/uploads\/2025\/07\/serdar-150x150.jpg\" class=\"attachment-thumbnail size-thumbnail\" alt=\"\" aria-describedby=\"gallery-1-3868\" \/><\/a>\n\t\t\t<\/dt>\n\t\t\t\t<dd class='wp-caption-text gallery-caption' id='gallery-1-3868'>\n\t\t\t\t\u0130stanbul Bo\u011faz\u0131\u2019na kar\u015f\u0131 konumlanm\u0131\u015f 8 odal\u0131, 750 metrekarelik bir villas\u0131 oldu\u011fu bilinen Orta\u00e7 \u015fu ifadeleri kulland\u0131: \u201cFazla param da yok. Miras\u0131m\u0131 \u00e7al\u0131\u015fanlar\u0131ma b\u0131rakt\u0131m. Bir ev var, b\u00f6l\u00fc\u015fs\u00fcnler. Ne \u00e7ocuk var ne servet, sadece \u00e7al\u0131\u015fanlar\u0131m var. O tek evim onlar\u0131n olsun, kalan zaman\u0131m belli de\u011fil zaten.\u201d\n\nSerdar Orta\u00e7, konu hakk\u0131nda a\u00e7\u0131klamalarda bulundu.\n\u00dcnl\u00fc sanat\u00e7\u0131, \u201c\u00d6mr\u00fcm ya 10-15 y\u0131l kald\u0131 ya da hi\u00e7\u201d dedi.\n\nSerdar Orta\u00e7, \u201cFazla param da yok. Miras\u0131m\u0131 \u00e7al\u0131\u015fanlar\u0131ma b\u0131rakt\u0131m. Bir ev var, b\u00f6l\u00fc\u015fs\u00fcnler. Ne \u00e7ocuk var ne servet, sadece \u00e7al\u0131\u015fanlar\u0131m var. O tek evim onlar\u0131n olsun, kalan zaman\u0131m belli de\u011fil zaten\u201d dedi.\n\n\u201c\u00d6MR\u00dcM 10 YIL KALDI\u201d\n\nHastal\u0131\u011f\u0131 i\u00e7in yeni bir a\u00e7\u0131klama yapan Orta\u00e7, umutsuz ifadeler kullanarak \u015funlar\u0131 aktard\u0131: \u201c\u00d6mr\u00fcm ya 10-15 y\u0131l kald\u0131 ya da hi\u00e7\u2026 Zaten \u00e7oluk \u00e7ocuk da yok.\u201d \u00dcnl\u00fc pop\u00e7unun yapt\u0131\u011f\u0131 a\u00e7\u0131klamalar k\u0131sa s\u00fcrede dikkat \u00e7ekerken, takip\u00e7ilerinden de bir\u00e7ok destek mesaj\u0131 geldi.\n\nKAYNAK: MEDYA RADAR\n\n\n\t\t\t\t<\/dd><\/dl>\n\t\t\t<br style='clear: both' \/>\n\t\t<\/div>\n\n","protected":false},"excerpt":{"rendered":"","protected":false},"author":1,"featured_media":3867,"comment_status":"open","ping_status":"open","sticky":false,"template":"","format":"standard","meta":{"footnotes":""},"categories":[9],"tags":[],"class_list":["post-3865","post","type-post","status-publish","format-standard","has-post-thumbnail","hentry","category-foto-galeri"],"_links":{"self":[{"href":"https:\/\/bilgitarif.com\/yeni\/wp-json\/wp\/v2\/posts\/3865","targetHints":{"allow":["GET"]}}],"collection":[{"href":"https:\/\/bilgitarif.com\/yeni\/wp-json\/wp\/v2\/posts"}],"about":[{"href":"https:\/\/bilgitarif.com\/yeni\/wp-json\/wp\/v2\/types\/post"}],"author":[{"embeddable":true,"href":"https:\/\/bilgitarif.com\/yeni\/wp-json\/wp\/v2\/users\/1"}],"replies":[{"embeddable":true,"href":"https:\/\/bilgitarif.com\/yeni\/wp-json\/wp\/v2\/comments?post=3865"}],"version-history":[{"count":2,"href":"https:\/\/bilgitarif.com\/yeni\/wp-json\/wp\/v2\/posts\/3865\/revisions"}],"predecessor-version":[{"id":3869,"href":"https:\/\/bilgitarif.com\/yeni\/wp-json\/wp\/v2\/posts\/3865\/revisions\/3869"}],"wp:featuredmedia":[{"embeddable":true,"href":"https:\/\/bilgitarif.com\/yeni\/wp-json\/wp\/v2\/media\/3867"}],"wp:attachment":[{"href":"https:\/\/bilgitarif.com\/yeni\/wp-json\/wp\/v2\/media?parent=3865"}],"wp:term":[{"taxonomy":"category","embeddable":true,"href":"https:\/\/bilgitarif.com\/yeni\/wp-json\/wp\/v2\/categories?post=3865"},{"taxonomy":"post_tag","embeddable":true,"href":"https:\/\/bilgitarif.com\/yeni\/wp-json\/wp\/v2\/tags?post=3865"}],"curies":[{"name":"wp","href":"https:\/\/api.w.org\/{rel}","templated":true}]}}