{"id":3840,"date":"2025-07-22T18:50:13","date_gmt":"2025-07-22T18:50:13","guid":{"rendered":"https:\/\/bilgitarif.com\/yeni\/?p=3840"},"modified":"2025-07-22T18:50:13","modified_gmt":"2025-07-22T18:50:13","slug":"ilber-ortayli-trafik-kazasi-gecirdi","status":"publish","type":"post","link":"https:\/\/bilgitarif.com\/yeni\/ilber-ortayli-trafik-kazasi-gecirdi\/","title":{"rendered":"\u0130lber Ortayl\u0131 Trafik Kazas\u0131 Ge\u00e7irdi"},"content":{"rendered":"\n\t\t<style type=\"text\/css\">\n\t\t\t#gallery-1 {\n\t\t\t\tmargin: auto;\n\t\t\t}\n\t\t\t#gallery-1 .gallery-item {\n\t\t\t\tfloat: left;\n\t\t\t\tmargin-top: 10px;\n\t\t\t\ttext-align: center;\n\t\t\t\twidth: 33%;\n\t\t\t}\n\t\t\t#gallery-1 img {\n\t\t\t\tborder: 2px solid #cfcfcf;\n\t\t\t}\n\t\t\t#gallery-1 .gallery-caption {\n\t\t\t\tmargin-left: 0;\n\t\t\t}\n\t\t\t\/* see gallery_shortcode() in wp-includes\/media.php *\/\n\t\t<\/style>\n\t\t<div id='gallery-1' class='gallery galleryid-3840 gallery-columns-3 gallery-size-thumbnail'><dl class='gallery-item'>\n\t\t\t<dt class='gallery-icon landscape'>\n\t\t\t\t<a href='https:\/\/bilgitarif.com\/yeni\/ilber-ortayli-trafik-kazasi-gecirdi\/ff-20\/'><img loading=\"lazy\" decoding=\"async\" width=\"150\" height=\"150\" src=\"https:\/\/bilgitarif.com\/yeni\/wp-content\/uploads\/2025\/07\/ff-7-150x150.webp\" class=\"attachment-thumbnail size-thumbnail\" alt=\"\" aria-describedby=\"gallery-1-3841\" \/><\/a>\n\t\t\t<\/dt>\n\t\t\t\t<dd class='wp-caption-text gallery-caption' id='gallery-1-3841'>\n\t\t\t\t\u0130lber Ortayl\u0131&#8217;dan korkutan haber! \u00dcnl\u00fc tarih\u00e7i Prof. Dr. \u0130lber Ortayl\u0131&#8217;dan gelen haber yak\u0131nlar\u0131n\u0131 ve sevenlerini korkuttu.\n\n\t\t\t\t<\/dd><\/dl><dl class='gallery-item'>\n\t\t\t<dt class='gallery-icon landscape'>\n\t\t\t\t<a href='https:\/\/bilgitarif.com\/yeni\/ilber-ortayli-trafik-kazasi-gecirdi\/ilber-ortayli\/'><img loading=\"lazy\" decoding=\"async\" width=\"150\" height=\"150\" src=\"https:\/\/bilgitarif.com\/yeni\/wp-content\/uploads\/2025\/07\/ilber-ortayli-150x150.png\" class=\"attachment-thumbnail size-thumbnail\" alt=\"\" aria-describedby=\"gallery-1-3842\" \/><\/a>\n\t\t\t<\/dt>\n\t\t\t\t<dd class='wp-caption-text gallery-caption' id='gallery-1-3842'>\n\t\t\t\tT\u00fcrkiye&#8217;nin \u00fcnl\u00fc tarih\u00e7ilerinden Prof. Dr. \u0130lber Ortayl\u0131&#8217;dan yak\u0131nlar\u0131n\u0131 ve sevenlerini korkutan bir haber geldi. Prof. Dr. \u0130lber Ortayl\u0131&#8217;n\u0131n i\u00e7inde bulundu\u011fu ara\u00e7 d\u00fcn \u00f6\u011flen saatlerinde Bal\u0131kesir&#8217;in Burhaniye il\u00e7esinde kaza yapt\u0131. Ya\u015fanan trafik kazas\u0131nda, \u00fcnl\u00fc tarih\u00e7i Prof. Dr. \u0130lber Ortayl\u0131\u2019n\u0131n i\u00e7inde bulundu\u011fu ara\u00e7, bir di\u011fer ara\u00e7la \u00e7arp\u0131\u015ft\u0131. Kazada yaralanma ya da can kayb\u0131 olmazken hafif maddi hasar ger\u00e7ekle\u015fti\u011fi \u00f6\u011frenildi. kazan\u0131n ard\u0131ndan Ortayl\u0131\u2019n\u0131n \u015fof\u00f6r\u00fc ile di\u011fer s\u00fcr\u00fcc\u00fc aras\u0131nda s\u00f6zl\u00fc tart\u0131\u015fma ya\u015fand\u0131. Olay b\u00fcy\u00fcy\u00fcnce, \u0130lber Ortayl\u0131 da ara\u00e7tan inerek ortam\u0131 sakinle\u015ftirmeye \u00e7al\u0131\u015ft\u0131.\n\n\n\t\t\t\t<\/dd><\/dl>\n\t\t\t<br style='clear: both' \/>\n\t\t<\/div>\n\n","protected":false},"excerpt":{"rendered":"","protected":false},"author":1,"featured_media":3841,"comment_status":"open","ping_status":"open","sticky":false,"template":"","format":"standard","meta":{"footnotes":""},"categories":[9],"tags":[],"class_list":["post-3840","post","type-post","status-publish","format-standard","has-post-thumbnail","hentry","category-foto-galeri"],"_links":{"self":[{"href":"https:\/\/bilgitarif.com\/yeni\/wp-json\/wp\/v2\/posts\/3840","targetHints":{"allow":["GET"]}}],"collection":[{"href":"https:\/\/bilgitarif.com\/yeni\/wp-json\/wp\/v2\/posts"}],"about":[{"href":"https:\/\/bilgitarif.com\/yeni\/wp-json\/wp\/v2\/types\/post"}],"author":[{"embeddable":true,"href":"https:\/\/bilgitarif.com\/yeni\/wp-json\/wp\/v2\/users\/1"}],"replies":[{"embeddable":true,"href":"https:\/\/bilgitarif.com\/yeni\/wp-json\/wp\/v2\/comments?post=3840"}],"version-history":[{"count":1,"href":"https:\/\/bilgitarif.com\/yeni\/wp-json\/wp\/v2\/posts\/3840\/revisions"}],"predecessor-version":[{"id":3843,"href":"https:\/\/bilgitarif.com\/yeni\/wp-json\/wp\/v2\/posts\/3840\/revisions\/3843"}],"wp:featuredmedia":[{"embeddable":true,"href":"https:\/\/bilgitarif.com\/yeni\/wp-json\/wp\/v2\/media\/3841"}],"wp:attachment":[{"href":"https:\/\/bilgitarif.com\/yeni\/wp-json\/wp\/v2\/media?parent=3840"}],"wp:term":[{"taxonomy":"category","embeddable":true,"href":"https:\/\/bilgitarif.com\/yeni\/wp-json\/wp\/v2\/categories?post=3840"},{"taxonomy":"post_tag","embeddable":true,"href":"https:\/\/bilgitarif.com\/yeni\/wp-json\/wp\/v2\/tags?post=3840"}],"curies":[{"name":"wp","href":"https:\/\/api.w.org\/{rel}","templated":true}]}}