{"id":3800,"date":"2025-07-20T22:59:15","date_gmt":"2025-07-20T22:59:15","guid":{"rendered":"https:\/\/bilgitarif.com\/yeni\/?p=3800"},"modified":"2025-07-20T22:59:15","modified_gmt":"2025-07-20T22:59:15","slug":"dem-partiden-chp-ve-imamoglu","status":"publish","type":"post","link":"https:\/\/bilgitarif.com\/yeni\/dem-partiden-chp-ve-imamoglu\/","title":{"rendered":"DEM Parti&#8217;den CHP ve \u0130mamo\u011flu"},"content":{"rendered":"\n\t\t<style type=\"text\/css\">\n\t\t\t#gallery-1 {\n\t\t\t\tmargin: auto;\n\t\t\t}\n\t\t\t#gallery-1 .gallery-item {\n\t\t\t\tfloat: left;\n\t\t\t\tmargin-top: 10px;\n\t\t\t\ttext-align: center;\n\t\t\t\twidth: 33%;\n\t\t\t}\n\t\t\t#gallery-1 img {\n\t\t\t\tborder: 2px solid #cfcfcf;\n\t\t\t}\n\t\t\t#gallery-1 .gallery-caption {\n\t\t\t\tmargin-left: 0;\n\t\t\t}\n\t\t\t\/* see gallery_shortcode() in wp-includes\/media.php *\/\n\t\t<\/style>\n\t\t<div id='gallery-1' class='gallery galleryid-3800 gallery-columns-3 gallery-size-thumbnail'><dl class='gallery-item'>\n\t\t\t<dt class='gallery-icon landscape'>\n\t\t\t\t<a href='https:\/\/bilgitarif.com\/yeni\/dem-partiden-chp-ve-imamoglu\/f-13\/'><img loading=\"lazy\" decoding=\"async\" width=\"150\" height=\"150\" src=\"https:\/\/bilgitarif.com\/yeni\/wp-content\/uploads\/2025\/07\/f-1-150x150.png\" class=\"attachment-thumbnail size-thumbnail\" alt=\"\" aria-describedby=\"gallery-1-3802\" \/><\/a>\n\t\t\t<\/dt>\n\t\t\t\t<dd class='wp-caption-text gallery-caption' id='gallery-1-3802'>\n\t\t\t\tDEM Parti&#8217;den CHP ve \u0130mamo\u011flu&#8217;na Ortak M\u00fccadele \u00c7a\u011fr\u0131s\u0131 DEM Parti E\u015f Genel Ba\u015fkan\u0131 Tuncer Bak\u0131rhan, son d\u00f6nemde artan operasyonlar, demokratik gerilimler ve hukuk ihlalleri ekseninde..\n\n\t\t\t\t<\/dd><\/dl><dl class='gallery-item'>\n\t\t\t<dt class='gallery-icon landscape'>\n\t\t\t\t<a href='https:\/\/bilgitarif.com\/yeni\/dem-partiden-chp-ve-imamoglu\/dem-parti\/'><img loading=\"lazy\" decoding=\"async\" width=\"150\" height=\"150\" src=\"https:\/\/bilgitarif.com\/yeni\/wp-content\/uploads\/2025\/07\/dem-parti-150x150.png\" class=\"attachment-thumbnail size-thumbnail\" alt=\"\" aria-describedby=\"gallery-1-3803\" \/><\/a>\n\t\t\t<\/dt>\n\t\t\t\t<dd class='wp-caption-text gallery-caption' id='gallery-1-3803'>\n\t\t\t\tDEM Parti E\u015f Genel Ba\u015fkan\u0131 Tuncer Bak\u0131rhan, son d\u00f6nemde artan operasyonlar, demokratik gerilimler ve hukuk ihlalleri ekseninde, T\u00fcrkiye\u2019nin temel meselelerinden biri olan \u0130mral\u0131 S\u00fcreci&#8217;ne dair \u00e7arp\u0131c\u0131 de\u011ferlendirmelerde bulundu. CHP ve \u0130stanbul B\u00fcy\u00fck\u015fehir Belediye Ba\u015fkan\u0131 Ekrem \u0130mamo\u011flu\u2019na do\u011frudan hitap eden Bak\u0131rhan, \u201cS\u00fcreci yaln\u0131zca siyasi \u00e7\u0131karlar perspektifiyle okumak b\u00fcy\u00fck bir yanl\u0131\u015ft\u0131r. Bu mesele partiler \u00fcst\u00fcd\u00fcr\u201d diyerek kapsaml\u0131 bir demokratik m\u00fccadele zemini \u00f6nerdi. DEM Parti E\u015f Genel Ba\u015fkan\u0131 Tuncer Bak\u0131rhan, son d\u00f6nemde artan operasyonlar, demokratik gerilimler ve hukuk ihlalleri ekseninde, \u201cSorunlar\u0131 Ayr\u0131 Ayr\u0131 De\u011fil, Birlikte A\u015fabiliriz\u201d T24\u2019e verdi\u011fi \u00f6zel r\u00f6portajda konu\u015fan Bak\u0131rhan, T\u00fcrkiye&#8217;nin demokratikle\u015fme s\u00fcreciyle K\u00fcrt meselesinin birbirinden ba\u011f\u0131ms\u0131z olmad\u0131\u011f\u0131n\u0131, aksine birbirini tamamlayan iki temel ba\u015fl\u0131k oldu\u011funu belirtti. \u201cHer birimiz kendi mahallemizde, kendi \u00e7eperimizde m\u00fccadele etti\u011fimiz m\u00fcddet\u00e7e bu t\u00fcr olumsuzluklarla kar\u015f\u0131la\u015f\u0131yoruz,\u201d diyen Bak\u0131rhan, ortak zeminde bulu\u015fman\u0131n \u00f6nemine dikkat \u00e7ekti. &#8220;Demokrasi, adalet, \u00f6zg\u00fcrl\u00fck gibi kavramlar; sadece belli kesimlerin de\u011fil, t\u00fcm toplumun ortak talebidir&#8221; vurgusunu yapan Bak\u0131rhan, farkl\u0131 siyasi geleneklerin bu noktada birle\u015fmemesinin, T\u00fcrkiye&#8217;nin demokratikle\u015fme \u00e7abalar\u0131n\u0131 sekteye u\u011fratt\u0131\u011f\u0131n\u0131 dile getirdi. \u0130mamo\u011flu\u2019na Net Mesaj: \u201cMasada CHP Olursa Hepimiz Kazan\u0131r\u0131z\u201d DEM Parti E\u015f Genel Ba\u015fkan\u0131, CHP liderli\u011fi ve \u0130mamo\u011flu\u2019nun tutumunu da de\u011ferlendirdi. Ekrem \u0130mamo\u011flu&#8217;nun &#8220;s\u00fcreci siyasi ikbal hesab\u0131yla de\u011ferlendirmeyin&#8221; y\u00f6n\u00fcndeki a\u00e7\u0131klamas\u0131na cevap veren Bak\u0131rhan, bunun olaylara dar bir perspektiften bakmak anlam\u0131na geldi\u011fini savundu. \u0130mamo\u011flu\u2019nun \u015fu anda yarg\u0131 k\u0131skac\u0131nda olmas\u0131n\u0131n nedenlerinden birinin \u201cayr\u0131 ayr\u0131 yerlerde durmak\u201d oldu\u011funu \u00f6ne s\u00fcren Bak\u0131rhan, \u015fu ifadeleri kulland\u0131: Bak\u0131rhan\u2019a g\u00f6re bu masa sadece DEM Parti&#8217;nin ya da K\u00fcrt siyasetinin de\u011fil, 86 milyon yurtta\u015f\u0131n gelece\u011fini ilgilendiren bir m\u00fczakere ve demokratikle\u015fme platformudur. &#8220;K\u00fcrt Sorunu, T\u00fcrkiye\u2019nin Demokratik Gelece\u011finin Anahtar\u0131d\u0131r&#8221; Bak\u0131rhan, K\u00fcrt meselesinin \u00e7\u00f6z\u00fcm\u00fcn\u00fc sadece bir etnik grup meselesi de\u011fil, T\u00fcrkiye\u2019nin demokratik yap\u0131s\u0131n\u0131n ana ekseni olarak de\u011ferlendirdi. \u201cBu sorun AK Parti\u2019den, MHP\u2019den ya da CHP\u2019den daha b\u00fcy\u00fck ve k\u0131ymetlidir,\u201d diyerek bu konuda dar siyasi \u00e7\u0131karlar\u0131n de\u011fil, geni\u015f toplumsal faydan\u0131n esas al\u0131nmas\u0131 gerekti\u011fini belirtti. Demokrasi diyorsak, halk\u0131n se\u00e7ti\u011fi irade y\u00f6netsin diyorsak, her \u015feye ra\u011fmen bu masay\u0131 tutmal\u0131y\u0131z. Zorla oturmal\u0131y\u0131z. Kimse minnetle ya da davetle de\u011fil, T\u00fcrkiye&#8217;nin ihtiyac\u0131 oldu\u011fu i\u00e7in o masada yer almal\u0131,\u201d diyerek g\u00fc\u00e7l\u00fc bir \u00e7a\u011fr\u0131 yapt\u0131. &#8220;\u00d6calan\u2019\u0131n Bar\u0131\u015f Mesaj\u0131 G\u00f6z Ard\u0131 Edilmemeli&#8221; A\u00e7\u0131klamas\u0131n\u0131n son b\u00f6l\u00fcm\u00fcnde Abdullah \u00d6calan\u2019\u0131n ge\u00e7mi\u015fteki \u201cbar\u0131\u015f ve demokratik toplum\u201d vurgusuna da dikkat \u00e7eken Bak\u0131rhan, bu s\u00f6ylemin sadece K\u00fcrtler i\u00e7in de\u011fil, t\u00fcm T\u00fcrkiye i\u00e7in demokratikle\u015fmenin kap\u0131s\u0131n\u0131 aralayabilece\u011fini savundu. \u201cDemokrasi olmadan bar\u0131\u015f olur mu? Bar\u0131\u015f olmadan adalet olur mu?\u201d sorular\u0131n\u0131 soran Bak\u0131rhan, mevcut kutupla\u015fman\u0131n ve \u00f6tekile\u015ftirmenin a\u015f\u0131lmas\u0131 i\u00e7in t\u00fcm siyasi akt\u00f6rlerin elini ta\u015f\u0131n alt\u0131na koymas\u0131 gerekti\u011fini ifade etti. SONU\u00c7: Demokratik M\u00fczakere, Gelece\u011fin Anahtar\u0131 Tuncer Bak\u0131rhan\u2019\u0131n a\u00e7\u0131klamalar\u0131, T\u00fcrkiye\u2019nin siyasal g\u00fcndeminde yeni bir tart\u0131\u015fman\u0131n kap\u0131s\u0131n\u0131 aralad\u0131. K\u00fcrt sorununun \u00e7\u00f6z\u00fcm\u00fc, \u0130mral\u0131\u2019daki tecrit ko\u015fullar\u0131 ve demokrasi ekseninde yeniden kurulacak bir toplumsal s\u00f6zle\u015fmenin gereklili\u011fi, yaln\u0131zca DEM Parti&#8217;nin de\u011fil, t\u00fcm siyasi akt\u00f6rlerin omzundaki bir sorumluluk olarak g\u00f6r\u00fcl\u00fcyor. Bak\u0131rhan\u2019\u0131n \u00e7a\u011fr\u0131s\u0131, sadece \u0130mamo\u011flu\u2019na de\u011fil; siyaset kurumunun tamam\u0131na, toplumun her kesimine yap\u0131lm\u0131\u015f bir \u00e7a\u011fr\u0131 olarak de\u011ferlendirilmeli: \u201cMasa kurulsun, herkes yerini als\u0131n. Bu, sadece bir kesimin de\u011fil; T\u00fcrkiye\u2019nin ihtiyac\u0131d\u0131r.\u201d\n\n\n\t\t\t\t<\/dd><\/dl>\n\t\t\t<br style='clear: both' \/>\n\t\t<\/div>\n\n","protected":false},"excerpt":{"rendered":"","protected":false},"author":1,"featured_media":3802,"comment_status":"open","ping_status":"open","sticky":false,"template":"","format":"standard","meta":{"footnotes":""},"categories":[9],"tags":[],"class_list":["post-3800","post","type-post","status-publish","format-standard","has-post-thumbnail","hentry","category-foto-galeri"],"_links":{"self":[{"href":"https:\/\/bilgitarif.com\/yeni\/wp-json\/wp\/v2\/posts\/3800","targetHints":{"allow":["GET"]}}],"collection":[{"href":"https:\/\/bilgitarif.com\/yeni\/wp-json\/wp\/v2\/posts"}],"about":[{"href":"https:\/\/bilgitarif.com\/yeni\/wp-json\/wp\/v2\/types\/post"}],"author":[{"embeddable":true,"href":"https:\/\/bilgitarif.com\/yeni\/wp-json\/wp\/v2\/users\/1"}],"replies":[{"embeddable":true,"href":"https:\/\/bilgitarif.com\/yeni\/wp-json\/wp\/v2\/comments?post=3800"}],"version-history":[{"count":1,"href":"https:\/\/bilgitarif.com\/yeni\/wp-json\/wp\/v2\/posts\/3800\/revisions"}],"predecessor-version":[{"id":3804,"href":"https:\/\/bilgitarif.com\/yeni\/wp-json\/wp\/v2\/posts\/3800\/revisions\/3804"}],"wp:featuredmedia":[{"embeddable":true,"href":"https:\/\/bilgitarif.com\/yeni\/wp-json\/wp\/v2\/media\/3802"}],"wp:attachment":[{"href":"https:\/\/bilgitarif.com\/yeni\/wp-json\/wp\/v2\/media?parent=3800"}],"wp:term":[{"taxonomy":"category","embeddable":true,"href":"https:\/\/bilgitarif.com\/yeni\/wp-json\/wp\/v2\/categories?post=3800"},{"taxonomy":"post_tag","embeddable":true,"href":"https:\/\/bilgitarif.com\/yeni\/wp-json\/wp\/v2\/tags?post=3800"}],"curies":[{"name":"wp","href":"https:\/\/api.w.org\/{rel}","templated":true}]}}