{"id":3771,"date":"2025-07-20T22:37:36","date_gmt":"2025-07-20T22:37:36","guid":{"rendered":"https:\/\/bilgitarif.com\/yeni\/?p=3771"},"modified":"2025-07-20T22:37:36","modified_gmt":"2025-07-20T22:37:36","slug":"kilolu-kiz-gezgin-ucmak-icin-utandi","status":"publish","type":"post","link":"https:\/\/bilgitarif.com\/yeni\/kilolu-kiz-gezgin-ucmak-icin-utandi\/","title":{"rendered":"Kilolu K\u0131z Gezgin u\u00e7mak i\u00e7in utand\u0131."},"content":{"rendered":"\n\t\t<style type=\"text\/css\">\n\t\t\t#gallery-1 {\n\t\t\t\tmargin: auto;\n\t\t\t}\n\t\t\t#gallery-1 .gallery-item {\n\t\t\t\tfloat: left;\n\t\t\t\tmargin-top: 10px;\n\t\t\t\ttext-align: center;\n\t\t\t\twidth: 33%;\n\t\t\t}\n\t\t\t#gallery-1 img {\n\t\t\t\tborder: 2px solid #cfcfcf;\n\t\t\t}\n\t\t\t#gallery-1 .gallery-caption {\n\t\t\t\tmargin-left: 0;\n\t\t\t}\n\t\t\t\/* see gallery_shortcode() in wp-includes\/media.php *\/\n\t\t<\/style>\n\t\t<div id='gallery-1' class='gallery galleryid-3771 gallery-columns-3 gallery-size-thumbnail'><dl class='gallery-item'>\n\t\t\t<dt class='gallery-icon landscape'>\n\t\t\t\t<a href='https:\/\/bilgitarif.com\/yeni\/kilolu-kiz-gezgin-ucmak-icin-utandi\/ff-19\/'><img loading=\"lazy\" decoding=\"async\" width=\"150\" height=\"150\" src=\"https:\/\/bilgitarif.com\/yeni\/wp-content\/uploads\/2025\/07\/ff-6-150x150.webp\" class=\"attachment-thumbnail size-thumbnail\" alt=\"\" aria-describedby=\"gallery-1-3772\" \/><\/a>\n\t\t\t<\/dt>\n\t\t\t\t<dd class='wp-caption-text gallery-caption' id='gallery-1-3772'>\n\t\t\t\tB\u00fcy\u00fck beden gezgin u\u00e7maktan utan\u0131yor, \u015fimdi ba\u015fkalar\u0131n\u0131 herhangi bir boyutta seyahat etmeye te\u015fvik ediyor! Seyahat etmek bir\u00e7oklar\u0131 i\u00e7in bir tutkudur, ancak baz\u0131lar\u0131 i\u00e7in gereksiz yarg\u0131lama ve ele\u015ftiri ile birlikte gelir. Bu, \u00f6zellikle genellikle haks\u0131z inceleme ve utan\u00e7la kar\u015f\u0131 kar\u015f\u0131ya kalan b\u00fcy\u00fck beden gezginler i\u00e7in ge\u00e7erlidir. Son zamanlarda u\u00e7tu\u011fu i\u00e7in utanan b\u00f6yle bir gezgin, bu olumsuz deneyimi olumlu bir harekete d\u00f6n\u00fc\u015ft\u00fcrmeye karar verdi ve ba\u015fkalar\u0131n\u0131 her boyutta seyahati benimsemeye te\u015fvik etti.\n\t\t\t\t<\/dd><\/dl><dl class='gallery-item'>\n\t\t\t<dt class='gallery-icon landscape'>\n\t\t\t\t<a href='https:\/\/bilgitarif.com\/yeni\/kilolu-kiz-gezgin-ucmak-icin-utandi\/kilolu-kiz\/'><img loading=\"lazy\" decoding=\"async\" width=\"150\" height=\"150\" src=\"https:\/\/bilgitarif.com\/yeni\/wp-content\/uploads\/2025\/07\/kilolu-kiz-150x150.jpg\" class=\"attachment-thumbnail size-thumbnail\" alt=\"\" aria-describedby=\"gallery-1-3773\" \/><\/a>\n\t\t\t<\/dt>\n\t\t\t\t<dd class='wp-caption-text gallery-caption' id='gallery-1-3773'>\n\t\t\t\tBu cesur gezgin, u\u00e7u\u015f s\u0131ras\u0131nda kaba yorumlar ve onaylamayan bak\u0131\u015flarla kar\u015f\u0131 kar\u015f\u0131ya kald\u0131\u011f\u0131 ho\u015f olmayan bir deneyime katland\u0131ktan sonra, hikayesini \u00e7evrimi\u00e7i payla\u015fmaya karar verdi. Mesaj\u0131: B\u00fcy\u00fckl\u00fc\u011f\u00fc ne olursa olsun herkes d\u00fcnyay\u0131 ke\u015ffetme hakk\u0131n\u0131 hak eder. Bu ilham verici hikaye, bir\u00e7ok insan\u0131n deneyimiyle ilgili olmas\u0131 ve konu\u015fma cesaretine hayran kalmas\u0131 nedeniyle h\u0131zla ilgi g\u00f6rd\u00fc. \u00c7evrimi\u00e7i g\u00f6nderisine yan\u0131t olarak, di\u011fer gezginlerden ve v\u00fccut pozitifli\u011fi savunucular\u0131ndan bir destek dalgas\u0131 geldi. Mesaj a\u00e7\u0131kt\u0131: seyahat toplulu\u011fu \u00e7e\u015fitlidir ve her birey, g\u00f6r\u00fcn\u00fc\u015flerine g\u00f6re yarg\u0131lanma korkusu olmadan ho\u015f kar\u015f\u0131land\u0131\u011f\u0131n\u0131 ve sayg\u0131 duyuldu\u011funu hissetmelidir. Bu destek, seyahat alanlar\u0131nda kapsay\u0131c\u0131l\u0131\u011f\u0131 te\u015fvik etme konusundaki kararl\u0131l\u0131\u011f\u0131n\u0131 g\u00fc\u00e7lendirdi. \u015eimdi, korku ya da utanc\u0131n onlar\u0131 seyahat etmenin zevklerini ya\u015famaktan al\u0131koymas\u0131na izin vermemeleri i\u00e7in ba\u015fkalar\u0131na ilham verme g\u00f6revinde. Kendini sevmenin ve kabul etmenin \u00f6nemini vurguluyor, insanlar\u0131 b\u00fcy\u00fckl\u00fckleri ne olursa olsun konfor alanlar\u0131ndan \u00e7\u0131kmaya ve d\u00fcnyan\u0131n g\u00fczelli\u011fini ke\u015ffetmeye \u00e7a\u011f\u0131r\u0131yor. Hikayesi, seyahatin herkes i\u00e7in oldu\u011funu ve kimsenin ba\u015fka t\u00fcrl\u00fc hissetmemesi gerekti\u011fini hat\u0131rlat\u0131yor.\n\n\n\t\t\t\t<\/dd><\/dl>\n\t\t\t<br style='clear: both' \/>\n\t\t<\/div>\n\n","protected":false},"excerpt":{"rendered":"","protected":false},"author":1,"featured_media":3772,"comment_status":"open","ping_status":"open","sticky":false,"template":"","format":"standard","meta":{"footnotes":""},"categories":[9],"tags":[],"class_list":["post-3771","post","type-post","status-publish","format-standard","has-post-thumbnail","hentry","category-foto-galeri"],"_links":{"self":[{"href":"https:\/\/bilgitarif.com\/yeni\/wp-json\/wp\/v2\/posts\/3771","targetHints":{"allow":["GET"]}}],"collection":[{"href":"https:\/\/bilgitarif.com\/yeni\/wp-json\/wp\/v2\/posts"}],"about":[{"href":"https:\/\/bilgitarif.com\/yeni\/wp-json\/wp\/v2\/types\/post"}],"author":[{"embeddable":true,"href":"https:\/\/bilgitarif.com\/yeni\/wp-json\/wp\/v2\/users\/1"}],"replies":[{"embeddable":true,"href":"https:\/\/bilgitarif.com\/yeni\/wp-json\/wp\/v2\/comments?post=3771"}],"version-history":[{"count":1,"href":"https:\/\/bilgitarif.com\/yeni\/wp-json\/wp\/v2\/posts\/3771\/revisions"}],"predecessor-version":[{"id":3774,"href":"https:\/\/bilgitarif.com\/yeni\/wp-json\/wp\/v2\/posts\/3771\/revisions\/3774"}],"wp:featuredmedia":[{"embeddable":true,"href":"https:\/\/bilgitarif.com\/yeni\/wp-json\/wp\/v2\/media\/3772"}],"wp:attachment":[{"href":"https:\/\/bilgitarif.com\/yeni\/wp-json\/wp\/v2\/media?parent=3771"}],"wp:term":[{"taxonomy":"category","embeddable":true,"href":"https:\/\/bilgitarif.com\/yeni\/wp-json\/wp\/v2\/categories?post=3771"},{"taxonomy":"post_tag","embeddable":true,"href":"https:\/\/bilgitarif.com\/yeni\/wp-json\/wp\/v2\/tags?post=3771"}],"curies":[{"name":"wp","href":"https:\/\/api.w.org\/{rel}","templated":true}]}}