{"id":3517,"date":"2025-07-06T19:33:55","date_gmt":"2025-07-06T19:33:55","guid":{"rendered":"https:\/\/bilgitarif.com\/yeni\/?p=3517"},"modified":"2025-07-06T19:33:55","modified_gmt":"2025-07-06T19:33:55","slug":"adaylik-derdim-yok-dedi","status":"publish","type":"post","link":"https:\/\/bilgitarif.com\/yeni\/adaylik-derdim-yok-dedi\/","title":{"rendered":"Adayl\u0131k derdim yok dedi"},"content":{"rendered":"\n\t\t<style type=\"text\/css\">\n\t\t\t#gallery-1 {\n\t\t\t\tmargin: auto;\n\t\t\t}\n\t\t\t#gallery-1 .gallery-item {\n\t\t\t\tfloat: left;\n\t\t\t\tmargin-top: 10px;\n\t\t\t\ttext-align: center;\n\t\t\t\twidth: 33%;\n\t\t\t}\n\t\t\t#gallery-1 img {\n\t\t\t\tborder: 2px solid #cfcfcf;\n\t\t\t}\n\t\t\t#gallery-1 .gallery-caption {\n\t\t\t\tmargin-left: 0;\n\t\t\t}\n\t\t\t\/* see gallery_shortcode() in wp-includes\/media.php *\/\n\t\t<\/style>\n\t\t<div id='gallery-1' class='gallery galleryid-3517 gallery-columns-3 gallery-size-thumbnail'><dl class='gallery-item'>\n\t\t\t<dt class='gallery-icon landscape'>\n\t\t\t\t<a href='https:\/\/bilgitarif.com\/yeni\/adaylik-derdim-yok-dedi\/fc-11\/'><img loading=\"lazy\" decoding=\"async\" width=\"150\" height=\"150\" src=\"https:\/\/bilgitarif.com\/yeni\/wp-content\/uploads\/2025\/07\/fc-1-150x150.jpg\" class=\"attachment-thumbnail size-thumbnail\" alt=\"\" aria-describedby=\"gallery-1-3518\" \/><\/a>\n\t\t\t<\/dt>\n\t\t\t\t<dd class='wp-caption-text gallery-caption' id='gallery-1-3518'>\n\t\t\t\tMacaristan d\u00f6n\u00fc\u015f\u00fc u\u00e7akta gazetecilere konu\u015fan Cumhurba\u015fkan\u0131 Erdo\u011fan, sivil anayasa vurgusu, ter\u00f6rle m\u00fccadelede yeni d\u00f6nem ve uluslararas\u0131 diplomaside T\u00fcrkiye\u2019nin artan rol\u00fcyle ilgili \u00e7arp\u0131c\u0131 a\u00e7\u0131klamalarda bulundu. \u201cAdayl\u0131k derdim yok\u201d \u00e7\u0131k\u0131\u015f\u0131 siyasi kulislerde dalga etkisi yaratt\u0131.\n\n\n\t\t\t\t<\/dd><\/dl><dl class='gallery-item'>\n\t\t\t<dt class='gallery-icon landscape'>\n\t\t\t\t<a href='https:\/\/bilgitarif.com\/yeni\/adaylik-derdim-yok-dedi\/adaylik\/'><img loading=\"lazy\" decoding=\"async\" width=\"150\" height=\"150\" src=\"https:\/\/bilgitarif.com\/yeni\/wp-content\/uploads\/2025\/07\/adaylik-150x150.jpg\" class=\"attachment-thumbnail size-thumbnail\" alt=\"\" aria-describedby=\"gallery-1-3519\" \/><\/a>\n\t\t\t<\/dt>\n\t\t\t\t<dd class='wp-caption-text gallery-caption' id='gallery-1-3519'>\n\t\t\t\tCumhurba\u015fkan\u0131 Erdo\u011fan Macaristan ziyareti d\u00f6n\u00fc\u015f\u00fcnde a\u00e7\u0131klamalarda bulundu. Yeni anayasa \u00e7al\u0131\u015fmalar\u0131yla ilgili de\u011ferlendirmelerde bulunan Erdo\u011fan, \u201cYeni anayasay\u0131 kendimiz i\u00e7in de\u011fil, \u00fclkemiz i\u00e7in istiyoruz. Benim tekrar se\u00e7ilme veya tekrar aday olma gibi bir derdim yok\u201d dedi. Cumhurba\u015fkan\u0131 Recep Tayyip Erdo\u011fan, Macaristan ziyareti d\u00f6n\u00fc\u015f\u00fc u\u00e7akta gazetecilerin sorular\u0131n\u0131 cevapland\u0131rd\u0131. Macaristan ziyaretinin verimli ge\u00e7ti\u011fini belirten Erdo\u011fan, \u201cMacaristan Ba\u015fbakan\u0131 de\u011ferli dostum Viktor Orban\u2019\u0131n ev sahipli\u011finde d\u00fczenlenen T\u00fcrk Devletleri Te\u015fkilat\u0131 Gayriresmi Zirvesi\u2019ne kat\u0131lmak \u00fczere geldi\u011fimiz Budape\u015fte\u2019de ziyaretimizi tamamlam\u0131\u015f bulunuyoruz. Gerek zirvemiz gerek bu vesileyle karde\u015f \u00fclkelerden muhataplar\u0131mla yapt\u0131\u011f\u0131m temaslar son derece faydal\u0131 ve verimli ge\u00e7ti. T\u00fcrk Devletleri Te\u015fkilat\u0131 b\u00fcnyesinde ilk defa bir zirve g\u00f6zlemci \u00fclkede tertip edilmi\u015f oldu. Macaristan Ba\u015fbakan\u0131 Say\u0131n Orban\u2019a fevkalade ev sahipli\u011fi ve ba\u015far\u0131l\u0131 organizasyonu nedeniyle te\u015fekk\u00fcr ediyorum\u201d dedi. Macaristan ziyaretinde, T\u00fcrkiye Gazetesi Genel Yay\u0131n Y\u00f6netmeni \u0130smail Kapan da yer ald\u0131 Erdo\u011fan\u2019\u0131n a\u00e7\u0131klamalar\u0131 \u015fu \u015fekilde: \u201cMalumunuz o d\u00f6nemki ismiyle T\u00fcrk Konseyi\u2019nin ilk zirvesini 2011 y\u0131l\u0131 Ekim ay\u0131nda Kazakistan\u2019da ger\u00e7ekle\u015ftirmi\u015ftik. Aradan ge\u00e7en s\u00fcre zarf\u0131nda T\u00fcrk Devletleri Te\u015fkilat\u0131 5 tam \u00fcyesi ve 4 g\u00f6zlemci \u00fcyesiyle etkinlik ve g\u00f6r\u00fcn\u00fcrl\u00fc\u011f\u00fcn\u00fc hamdolsun her ge\u00e7en g\u00fcn art\u0131r\u0131yor. Te\u015fkilat\u0131m\u0131z, istikrar \u00fcretemeyen k\u00fcresel konjonkt\u00fcrde gerilimin azalt\u0131lmas\u0131, arabuluculuk ve \u00e7at\u0131\u015fmalar\u0131n \u00f6nlenmesi alanlar\u0131nda b\u00f6lgesel ve uluslararas\u0131 bar\u0131\u015f ve istikrara katk\u0131da bulunan bir kurulu\u015f haline geldi. Te\u015fkilat b\u00fcnyesinde ald\u0131\u011f\u0131m\u0131z kararlar\u0131n siyasi alan\u0131n \u00f6tesinde ekonomik ili\u015fkilerimize de katk\u0131da bulundu\u011funa memnuniyetle \u015fahit oluyoruz. \u201cBu ad\u0131m\u0131 atmaya mecburuz\u201d diyerek duyurdu! Erdo\u011fan\u2019dan yeni kredi destek paketi m\u00fcjdesi \u0130LKLERE \u0130MZA ATILDI Nitekim, \u00fclkemizin T\u00fcrk Devletleri Te\u015fkilat\u0131 tam \u00fcyesi 4 \u00fclkeyle ticaret hacmi son 5 y\u0131lda neredeyse y\u00fczde 50 oran\u0131nda art\u0131\u015f kaydetti. Bir ba\u015fka ifadeyle bug\u00fcn gelinen a\u015famada, 4 karde\u015f \u00fclkemizde takribi 80 milyar dolar b\u00fcy\u00fckl\u00fc\u011f\u00fcnde bir hacme ula\u015ft\u0131\u011f\u0131m\u0131z\u0131 memnuniyetle m\u00fc\u015fahede ediyoruz. Bug\u00fcnk\u00fc zirvemiz biraz \u00f6nce i\u015faret etti\u011fim \u00fczere te\u015fkilat\u0131m\u0131z\u0131n bir g\u00f6zlemci \u00fcyesinde ve Avrupa Birli\u011fi s\u0131n\u0131rlar\u0131 dahilinde d\u00fczenlenen ilk zirve olma niteli\u011fi ta\u015f\u0131yor. Bu y\u00f6n\u00fcyle de \u015fimdiye kadarki zirvelerden ayr\u0131 bir yerde konumlan\u0131yor. Bu durum te\u015fkilat\u0131m\u0131z\u0131n h\u0131zla artan g\u00f6r\u00fcn\u00fcrl\u00fc\u011f\u00fcn\u00fcn ve geni\u015fleyen faaliyetlerinin \u00e7ok anlaml\u0131 bir ni\u015fanesini te\u015fkil etti. Cumhurba\u015fkan\u0131 Erdo\u011fan\u2019dan CHP\u2019ye tepki: Milleti kand\u0131rmay\u0131 adet haline getirdiler SORU: Macaristan\u2019\u0131n Avrupa Birli\u011fi \u00fcyesi olmas\u0131 ve T\u00fcrk Devletleri Te\u015fkilat\u0131\u2019nda g\u00f6zlemci stat\u00fcs\u00fcnde olmas\u0131 birlikte d\u00fc\u015f\u00fcn\u00fcld\u00fc\u011f\u00fcnde, hem Macaristan hem de T\u00fcrkiye ba\u011flam\u0131nda her iki \u00fclkenin de ili\u015fkilerinin daha da verimli hale gelmesi i\u00e7in neler yap\u0131labilir? Macaristan ile k\u00f6kl\u00fc bir dostlu\u011fa sahibiz ve yak\u0131n i\u015f birli\u011fi halindeyiz. Macaristan Ba\u015fbakan\u0131 Say\u0131n Viktor Orban\u2019la da \u00e7ok iyi ili\u015fkilerimiz var. Son y\u0131llarda att\u0131\u011f\u0131m\u0131z ad\u0131mlarla T\u00fcrkiye Macaristan aras\u0131ndaki ba\u011flar\u0131 kuvvetlendirme yolunda \u00f6nemli mesafe ald\u0131k. Lider diplomasisi ba\u011flam\u0131nda ili\u015fkilerimiz pozitif y\u00f6nde ilerliyor. Avrupa Birli\u011fi \u00fcyesi olan Macaristan\u2019\u0131n te\u015fkilat\u0131m\u0131z\u0131n g\u00f6zlemci \u00fcyesi olmas\u0131 Te\u015fkilat\u0131m\u0131z a\u00e7\u0131s\u0131ndan bir zenginlik. \u0130lk defa bir g\u00f6zlemci \u00fcye \u00fclkede b\u00f6yle bir toplant\u0131 yap\u0131l\u0131yor, bu \u00e7ok \u00e7ok \u00f6nemli. T\u00fcrk Devletleri Te\u015fkilat\u0131 \u00e7at\u0131s\u0131 alt\u0131nda Macaristan\u2019la birlikte bulunmaktan bizler de \u00e7ok mutluyuz. At\u0131lacak ad\u0131mlarla, T\u00fcrkiye-Macaristan aras\u0131ndaki bu dayan\u0131\u015fman\u0131n g\u00fc\u00e7lenerek devam\u0131, inan\u0131yorum ki bizi \u00e7ok daha farkl\u0131 bir yere ta\u015f\u0131yacakt\u0131r. \u201cANLA\u015eMALARI DAHA DA \u0130LER\u0130 TA\u015eIYACAK KARARLILI\u011eIMIZ VAR\u201d T\u00fcrkiye\u2019nin Avrupa Birli\u011fi \u00fcyeli\u011fi yolunda en \u00f6nemli destek\u00e7ilerinden biri de biliyorsunuz Macaristan. \u00dclkelerimiz aras\u0131ndaki yak\u0131n ili\u015fkilerin daha da \u00e7e\u015fitlendirilmesi i\u00e7in yo\u011fun \u00e7aba harc\u0131yoruz. \u015eu anda mesela hayvanc\u0131l\u0131kta Macaristan ciddi bir s\u0131\u00e7rama yap\u0131yor. Macaristan\u2019\u0131n ovalar\u0131, yaylaklar\u0131 \u00e7ok verimlidir. Macaristan ile NATO\u2019da da beraberiz, savunma sanayii alan\u0131ndaki i\u015f birli\u011fimizi somut projelerle derinle\u015ftiriyoruz ve bunda kararl\u0131y\u0131z. Enerji, tar\u0131m, savunma sanayi, k\u00fc\u00e7\u00fck ve orta \u00f6l\u00e7ekli i\u015fletmeler konular\u0131nda anla\u015fmalar\u0131m\u0131z mevcut, bu anla\u015fmalar\u0131 daha da ileriye ta\u015f\u0131yacak kararl\u0131\u011f\u0131m\u0131z var. SORU: Biz \u00fclkece y\u0131llarca ter\u00f6r eylemleriyle b\u00fcy\u00fck ac\u0131lar ya\u015fad\u0131k. Hem Ba\u015fbakanl\u0131\u011f\u0131n\u0131z d\u00f6neminde hem Cumhurba\u015fkanl\u0131\u011f\u0131n\u0131zda siz b\u00fct\u00fcn \u015fehit cenazelerinde yer ald\u0131n\u0131z. Y\u00fcre\u011fimiz yand\u0131 y\u0131llarca. \u015eimdi gelinen a\u015famada ter\u00f6r \u00f6rg\u00fct\u00fc hem silah b\u0131rakma hem de fesih karar\u0131 ald\u0131. \u201cBen burada bald\u0131ran zehri de i\u00e7erim\u201d diyen sizin d\u00f6neminizde ger\u00e7ekle\u015fti bu. Bundan sonraki s\u00fcreci merak ediyoruz. Nas\u0131l bir yol haritas\u0131 izlenecek? Silah b\u0131rakmak i\u00e7in tarih netle\u015fti mi? Bu sorun ortaya \u00e7\u0131kt\u0131\u011f\u0131nda do\u011fan bebekler bug\u00fcn 40 ya\u015f\u0131n \u00fczerinde. Birka\u00e7 nesil bu sorunun i\u00e7ine do\u011fdu ve uzun y\u0131llar boyunca \u00e7\u00f6z\u00fcms\u00fcz kald\u0131. Biz ilk andan itibaren samimiyetle, \u00e7\u00f6z\u00fcm perspektifi ile meseleye yakla\u015ft\u0131k. \u00c7\u00fcnk\u00fc Ter\u00f6rs\u00fcz T\u00fcrkiye\u2019nin \u00fclkemizi nas\u0131l \u015faha kald\u0131raca\u011f\u0131n\u0131 biliyoruz. Evlatlar\u0131m\u0131za b\u0131rakaca\u011f\u0131m\u0131z en \u00f6nemli miras Ter\u00f6rs\u00fcz T\u00fcrkiye olacak. Y\u0131llarca s\u00fcren ac\u0131lar\u0131n, kay\u0131plar\u0131n ve m\u00fccadelelerin ard\u0131ndan bu noktaya gelmek, ger\u00e7ekten umut verici. \u015eehit cenazelerinde hissetti\u011fim tarifsiz ac\u0131lar\u0131n, y\u00fcreklerimizi da\u011flayan ter\u00f6r eylemlerinin g\u00f6lgesinde, bug\u00fcn bu ba\u015far\u0131y\u0131 g\u00f6rmek benim i\u00e7in tarifsiz bir gurur kayna\u011f\u0131.\u201dM\u00dcJDELER ALACA\u011eIMIZA \u0130NANIYORUM\u201d Ter\u00f6rle m\u00fccadelenin kahramanlar\u0131, g\u00fcvenlik g\u00fc\u00e7lerimizle gurur duyuyorum, \u015fehit ailelerimizin metanetleri ile iftihar ediyorum. Her bir ac\u0131n\u0131n, her bir kayb\u0131n ard\u0131nda g\u00fc\u00e7l\u00fc bir dayan\u0131\u015fma, sab\u0131r, dirayet ve kararl\u0131l\u0131k yat\u0131yor. Diyarbak\u0131r annelerini bir kenara koyamay\u0131z. Diyarbak\u0131r annelerini ihmal edemeyiz. Diyarbak\u0131r annelerinin art\u0131k g\u00f6z\u00fc ya\u015fl\u0131 de\u011fil, onlar da art\u0131k mutlulu\u011fu tats\u0131nlar, ya\u015fas\u0131nlar istiyoruz. Yak\u0131nda anneler evlatlar\u0131yla kucakla\u015facaklar. Bu m\u00fcjdeleri de alaca\u011f\u0131m\u0131za inan\u0131yorum. Bu konular\u0131 rahmetli S\u0131rr\u0131 S\u00fcreyya \u00d6nder ve Pervin Buldan ziyaretimize geldikleri zaman kendileriyle g\u00f6r\u00fc\u015fm\u00fc\u015ft\u00fck.\n\n\n\t\t\t\t<\/dd><\/dl>\n\t\t\t<br style='clear: both' \/>\n\t\t<\/div>\n\n","protected":false},"excerpt":{"rendered":"","protected":false},"author":1,"featured_media":3518,"comment_status":"open","ping_status":"open","sticky":false,"template":"","format":"standard","meta":{"footnotes":""},"categories":[9],"tags":[],"class_list":["post-3517","post","type-post","status-publish","format-standard","has-post-thumbnail","hentry","category-foto-galeri"],"_links":{"self":[{"href":"https:\/\/bilgitarif.com\/yeni\/wp-json\/wp\/v2\/posts\/3517","targetHints":{"allow":["GET"]}}],"collection":[{"href":"https:\/\/bilgitarif.com\/yeni\/wp-json\/wp\/v2\/posts"}],"about":[{"href":"https:\/\/bilgitarif.com\/yeni\/wp-json\/wp\/v2\/types\/post"}],"author":[{"embeddable":true,"href":"https:\/\/bilgitarif.com\/yeni\/wp-json\/wp\/v2\/users\/1"}],"replies":[{"embeddable":true,"href":"https:\/\/bilgitarif.com\/yeni\/wp-json\/wp\/v2\/comments?post=3517"}],"version-history":[{"count":1,"href":"https:\/\/bilgitarif.com\/yeni\/wp-json\/wp\/v2\/posts\/3517\/revisions"}],"predecessor-version":[{"id":3520,"href":"https:\/\/bilgitarif.com\/yeni\/wp-json\/wp\/v2\/posts\/3517\/revisions\/3520"}],"wp:featuredmedia":[{"embeddable":true,"href":"https:\/\/bilgitarif.com\/yeni\/wp-json\/wp\/v2\/media\/3518"}],"wp:attachment":[{"href":"https:\/\/bilgitarif.com\/yeni\/wp-json\/wp\/v2\/media?parent=3517"}],"wp:term":[{"taxonomy":"category","embeddable":true,"href":"https:\/\/bilgitarif.com\/yeni\/wp-json\/wp\/v2\/categories?post=3517"},{"taxonomy":"post_tag","embeddable":true,"href":"https:\/\/bilgitarif.com\/yeni\/wp-json\/wp\/v2\/tags?post=3517"}],"curies":[{"name":"wp","href":"https:\/\/api.w.org\/{rel}","templated":true}]}}