{"id":3227,"date":"2025-06-20T21:44:00","date_gmt":"2025-06-20T21:44:00","guid":{"rendered":"https:\/\/bilgitarif.com\/yeni\/?p=3227"},"modified":"2025-06-20T21:44:00","modified_gmt":"2025-06-20T21:44:00","slug":"baskanin-evini-polis-basti-ortalik-karisti","status":"publish","type":"post","link":"https:\/\/bilgitarif.com\/yeni\/baskanin-evini-polis-basti-ortalik-karisti\/","title":{"rendered":"Ba\u015fkan\u0131n Evini Polis Bast\u0131 Ortal\u0131k Kar\u0131\u015ft\u0131"},"content":{"rendered":"\n\t\t<style type=\"text\/css\">\n\t\t\t#gallery-1 {\n\t\t\t\tmargin: auto;\n\t\t\t}\n\t\t\t#gallery-1 .gallery-item {\n\t\t\t\tfloat: left;\n\t\t\t\tmargin-top: 10px;\n\t\t\t\ttext-align: center;\n\t\t\t\twidth: 33%;\n\t\t\t}\n\t\t\t#gallery-1 img {\n\t\t\t\tborder: 2px solid #cfcfcf;\n\t\t\t}\n\t\t\t#gallery-1 .gallery-caption {\n\t\t\t\tmargin-left: 0;\n\t\t\t}\n\t\t\t\/* see gallery_shortcode() in wp-includes\/media.php *\/\n\t\t<\/style>\n\t\t<div id='gallery-1' class='gallery galleryid-3227 gallery-columns-3 gallery-size-thumbnail'><dl class='gallery-item'>\n\t\t\t<dt class='gallery-icon landscape'>\n\t\t\t\t<a href='https:\/\/bilgitarif.com\/yeni\/baskanin-evini-polis-basti-ortalik-karisti\/fc-6\/'><img loading=\"lazy\" decoding=\"async\" width=\"150\" height=\"150\" src=\"https:\/\/bilgitarif.com\/yeni\/wp-content\/uploads\/2025\/06\/fc-5-150x150.jpg\" class=\"attachment-thumbnail size-thumbnail\" alt=\"\" aria-describedby=\"gallery-1-3228\" \/><\/a>\n\t\t\t<\/dt>\n\t\t\t\t<dd class='wp-caption-text gallery-caption' id='gallery-1-3228'>\n\t\t\t\tBa\u015fkan\u0131n evine polis bask\u0131n\u0131 yap\u0131ld\u0131 ve ortal\u0131k kar\u0131\u015ft\u0131! Olay, b\u00f6lgedeki g\u00fcvenlik g\u00fc\u00e7lerinin yo\u011fun m\u00fcdahalesiyle geli\u015firken, olay\u0131n arka plan\u0131 merak konusu oldu. Peki, bu bask\u0131n\u0131n nedeni ne ve ba\u015fkan hakk\u0131nda hangi su\u00e7lamalar bulunuyor?\n\n\n\t\t\t\t<\/dd><\/dl><dl class='gallery-item'>\n\t\t\t<dt class='gallery-icon landscape'>\n\t\t\t\t<a href='https:\/\/bilgitarif.com\/yeni\/baskanin-evini-polis-basti-ortalik-karisti\/baskan\/'><img loading=\"lazy\" decoding=\"async\" width=\"150\" height=\"150\" src=\"https:\/\/bilgitarif.com\/yeni\/wp-content\/uploads\/2025\/06\/baskan-150x150.jpg\" class=\"attachment-thumbnail size-thumbnail\" alt=\"\" aria-describedby=\"gallery-1-3229\" \/><\/a>\n\t\t\t<\/dt>\n\t\t\t\t<dd class='wp-caption-text gallery-caption' id='gallery-1-3229'>\n\t\t\t\tEski Ba\u011flar Belediye Ba\u015fkan\u0131 H\u00fcseyin Beyo\u011flu ve yak\u0131nlar\u0131n\u0131n evlerine polis taraf\u0131ndan yap\u0131lan bask\u0131nda, 14 evde arama yap\u0131ld\u0131. \u0130ddiaya g\u00f6re aramalarda d\u00f6viz, para ve ruhsats\u0131z silah bulundu. Aramalar\u0131n, Ba\u015fsavc\u0131l\u0131\u011f\u0131n talimat\u0131yla m\u00fclkiye m\u00fcfetti\u015flerinin raporlar\u0131 do\u011frultusunda ger\u00e7ekle\u015ftirildi\u011fi ifade edildi.\n\n\n\t\t\t\t<\/dd><\/dl>\n\t\t\t<br style='clear: both' \/>\n\t\t<\/div>\n\n","protected":false},"excerpt":{"rendered":"","protected":false},"author":1,"featured_media":3228,"comment_status":"open","ping_status":"open","sticky":false,"template":"","format":"standard","meta":{"footnotes":""},"categories":[9],"tags":[],"class_list":["post-3227","post","type-post","status-publish","format-standard","has-post-thumbnail","hentry","category-foto-galeri"],"_links":{"self":[{"href":"https:\/\/bilgitarif.com\/yeni\/wp-json\/wp\/v2\/posts\/3227","targetHints":{"allow":["GET"]}}],"collection":[{"href":"https:\/\/bilgitarif.com\/yeni\/wp-json\/wp\/v2\/posts"}],"about":[{"href":"https:\/\/bilgitarif.com\/yeni\/wp-json\/wp\/v2\/types\/post"}],"author":[{"embeddable":true,"href":"https:\/\/bilgitarif.com\/yeni\/wp-json\/wp\/v2\/users\/1"}],"replies":[{"embeddable":true,"href":"https:\/\/bilgitarif.com\/yeni\/wp-json\/wp\/v2\/comments?post=3227"}],"version-history":[{"count":1,"href":"https:\/\/bilgitarif.com\/yeni\/wp-json\/wp\/v2\/posts\/3227\/revisions"}],"predecessor-version":[{"id":3230,"href":"https:\/\/bilgitarif.com\/yeni\/wp-json\/wp\/v2\/posts\/3227\/revisions\/3230"}],"wp:featuredmedia":[{"embeddable":true,"href":"https:\/\/bilgitarif.com\/yeni\/wp-json\/wp\/v2\/media\/3228"}],"wp:attachment":[{"href":"https:\/\/bilgitarif.com\/yeni\/wp-json\/wp\/v2\/media?parent=3227"}],"wp:term":[{"taxonomy":"category","embeddable":true,"href":"https:\/\/bilgitarif.com\/yeni\/wp-json\/wp\/v2\/categories?post=3227"},{"taxonomy":"post_tag","embeddable":true,"href":"https:\/\/bilgitarif.com\/yeni\/wp-json\/wp\/v2\/tags?post=3227"}],"curies":[{"name":"wp","href":"https:\/\/api.w.org\/{rel}","templated":true}]}}