{"id":2953,"date":"2025-06-04T09:39:49","date_gmt":"2025-06-04T09:39:49","guid":{"rendered":"https:\/\/bilgitarif.com\/yeni\/?p=2953"},"modified":"2025-06-04T09:39:49","modified_gmt":"2025-06-04T09:39:49","slug":"kadir-inanir","status":"publish","type":"post","link":"https:\/\/bilgitarif.com\/yeni\/kadir-inanir\/","title":{"rendered":"Kadir \u0130nan\u0131r"},"content":{"rendered":"\n\t\t<style type=\"text\/css\">\n\t\t\t#gallery-1 {\n\t\t\t\tmargin: auto;\n\t\t\t}\n\t\t\t#gallery-1 .gallery-item {\n\t\t\t\tfloat: left;\n\t\t\t\tmargin-top: 10px;\n\t\t\t\ttext-align: center;\n\t\t\t\twidth: 33%;\n\t\t\t}\n\t\t\t#gallery-1 img {\n\t\t\t\tborder: 2px solid #cfcfcf;\n\t\t\t}\n\t\t\t#gallery-1 .gallery-caption {\n\t\t\t\tmargin-left: 0;\n\t\t\t}\n\t\t\t\/* see gallery_shortcode() in wp-includes\/media.php *\/\n\t\t<\/style>\n\t\t<div id='gallery-1' class='gallery galleryid-2953 gallery-columns-3 gallery-size-thumbnail'><dl class='gallery-item'>\n\t\t\t<dt class='gallery-icon landscape'>\n\t\t\t\t<a href='https:\/\/bilgitarif.com\/yeni\/kadir-inanir\/fc\/'><img loading=\"lazy\" decoding=\"async\" width=\"150\" height=\"150\" src=\"https:\/\/bilgitarif.com\/yeni\/wp-content\/uploads\/2025\/06\/fc-150x150.jpg\" class=\"attachment-thumbnail size-thumbnail\" alt=\"\" aria-describedby=\"gallery-1-2954\" \/><\/a>\n\t\t\t<\/dt>\n\t\t\t\t<dd class='wp-caption-text gallery-caption' id='gallery-1-2954'>\n\t\t\t\tKadir \u0130nan\u0131r\u2019\u0131n son hali \u00fczd\u00fc! D.etaylar haberimizde\u2026\u0130stanbul Beykoz\u2019da ya\u015fad\u0131\u011f\u0131 evde 24 Mart 2024\u2019te rahats\u0131zlanarak \u00dcmraniye E\u011fitim ve Ara\u015ft\u0131rma Hastanesi\u2019ne kald\u0131r\u0131lan Kadir \u0130nan\u0131r\u2026\n\n\n\t\t\t\t<\/dd><\/dl><dl class='gallery-item'>\n\t\t\t<dt class='gallery-icon landscape'>\n\t\t\t\t<a href='https:\/\/bilgitarif.com\/yeni\/kadir-inanir\/dc-5\/'><img loading=\"lazy\" decoding=\"async\" width=\"150\" height=\"150\" src=\"https:\/\/bilgitarif.com\/yeni\/wp-content\/uploads\/2025\/06\/dc-150x150.webp\" class=\"attachment-thumbnail size-thumbnail\" alt=\"\" aria-describedby=\"gallery-1-2955\" \/><\/a>\n\t\t\t<\/dt>\n\t\t\t\t<dd class='wp-caption-text gallery-caption' id='gallery-1-2955'>\n\t\t\t\tKadir \u0130nan\u0131r\u2019\u0131n Sa\u011fl\u0131k Durumu ve Son G\u00f6r\u00fcnt\u00fcs\u00fc G\u00fcndemde\n\n24 Mart 2024\u2019te \u0130stanbul Beykoz\u2019daki evinde rahats\u0131zlanan usta sanat\u00e7\u0131 Kadir \u0130nan\u0131r, \u00dcmraniye E\u011fitim ve Ara\u015ft\u0131rma Hastanesi\u2019ne kald\u0131r\u0131lm\u0131\u015ft\u0131. Beynine p\u0131ht\u0131 atmas\u0131 sonucu inme ge\u00e7irdi\u011fi belirlenen \u0130nan\u0131r, acil olarak operasyona al\u0131nm\u0131\u015f ve \u00f6nlem ama\u00e7l\u0131 ent\u00fcbe edilmi\u015fti. Tedavi s\u00fcrecinin olumlu ilerlemesiyle birlikte, 1 Nisan\u2019da yo\u011fun bak\u0131mdan \u00e7\u0131kar\u0131lan sanat\u00e7\u0131, 4 Nisan\u2019da taburcu edilmi\u015fti.\n\nGe\u00e7ti\u011fimiz y\u0131l a\u011fustos ay\u0131nda ise bu kez akci\u011fer enfeksiyonu nedeniyle Yeditepe \u00dcniversitesi Hastanesi\u2019nde tedavi alt\u0131na al\u0131nm\u0131\u015ft\u0131. Bu s\u00fcre\u00e7te, \u0130nan\u0131r\u2019\u0131n fel\u00e7 ge\u00e7irdi\u011fi ve konu\u015famad\u0131\u011f\u0131na dair s\u00f6ylentiler ortaya at\u0131lm\u0131\u015f, ancak hayat arkada\u015f\u0131 J\u00fclide Kural bu iddialar\u0131 net bir dille yalanlam\u0131\u015ft\u0131. Kural, yapt\u0131\u011f\u0131 a\u00e7\u0131klamada \u015fu ifadeleri kullanm\u0131\u015ft\u0131:\n\u201cZorlu bir tedavi s\u00fcreci ge\u00e7irdik elbette. Ama Karadeniz\u2019in sert r\u00fczgar\u0131n\u0131, ne\u015fesini ve ya\u015fama tutkusunu y\u00fcre\u011finde ta\u015f\u0131yan Kadir, her engeli azmiyle a\u015fmay\u0131 bildi. Kalitesiz programlar ve yalan haberlerle alg\u0131 yaratmaya \u00e7al\u0131\u015fanlara l\u00fctfen kulak asmay\u0131n.\u201d\n\nSa\u011fl\u0131\u011f\u0131na kavu\u015fmas\u0131n\u0131n ard\u0131ndan fizik tedavi s\u00fcrecine giren 75 ya\u015f\u0131ndaki sanat\u00e7\u0131y\u0131, CHP Ankara eski milletvekili Levent G\u00f6k evinde ziyaret etti. G\u00f6k, \u0130nan\u0131r ile birlikte \u00e7ekilen bir kareyi sosyal medya hesab\u0131ndan payla\u015farak,\n\u201cT\u00fcrk sinemas\u0131n\u0131n efsane ismi Say\u0131n Kadir \u0130nan\u0131r ile keyifli bir g\u00f6r\u00fc\u015fme ger\u00e7ekle\u015ftirdik. Kendisine sa\u011fl\u0131kl\u0131 g\u00fcnler diliyorum\u201d notunu d\u00fc\u015ft\u00fc.\n\n\u0130nan\u0131r\u2019\u0131n bu payla\u015f\u0131mda yer alan g\u00fcncel g\u00f6r\u00fcnt\u00fcs\u00fc kamuoyunda geni\u015f yank\u0131 uyand\u0131rd\u0131. \u00d6zellikle belirgin \u015fekilde kilo verdi\u011fi g\u00f6zlenen sanat\u00e7\u0131 i\u00e7in sosyal medyada \u201c\u00c7ok zay\u0131flam\u0131\u015f\u201d yorumlar\u0131 yap\u0131ld\u0131.\n\n\n\t\t\t\t<\/dd><\/dl>\n\t\t\t<br style='clear: both' \/>\n\t\t<\/div>\n\n","protected":false},"excerpt":{"rendered":"","protected":false},"author":1,"featured_media":2954,"comment_status":"open","ping_status":"open","sticky":false,"template":"","format":"standard","meta":{"footnotes":""},"categories":[9],"tags":[],"class_list":["post-2953","post","type-post","status-publish","format-standard","has-post-thumbnail","hentry","category-foto-galeri"],"_links":{"self":[{"href":"https:\/\/bilgitarif.com\/yeni\/wp-json\/wp\/v2\/posts\/2953","targetHints":{"allow":["GET"]}}],"collection":[{"href":"https:\/\/bilgitarif.com\/yeni\/wp-json\/wp\/v2\/posts"}],"about":[{"href":"https:\/\/bilgitarif.com\/yeni\/wp-json\/wp\/v2\/types\/post"}],"author":[{"embeddable":true,"href":"https:\/\/bilgitarif.com\/yeni\/wp-json\/wp\/v2\/users\/1"}],"replies":[{"embeddable":true,"href":"https:\/\/bilgitarif.com\/yeni\/wp-json\/wp\/v2\/comments?post=2953"}],"version-history":[{"count":1,"href":"https:\/\/bilgitarif.com\/yeni\/wp-json\/wp\/v2\/posts\/2953\/revisions"}],"predecessor-version":[{"id":2956,"href":"https:\/\/bilgitarif.com\/yeni\/wp-json\/wp\/v2\/posts\/2953\/revisions\/2956"}],"wp:featuredmedia":[{"embeddable":true,"href":"https:\/\/bilgitarif.com\/yeni\/wp-json\/wp\/v2\/media\/2954"}],"wp:attachment":[{"href":"https:\/\/bilgitarif.com\/yeni\/wp-json\/wp\/v2\/media?parent=2953"}],"wp:term":[{"taxonomy":"category","embeddable":true,"href":"https:\/\/bilgitarif.com\/yeni\/wp-json\/wp\/v2\/categories?post=2953"},{"taxonomy":"post_tag","embeddable":true,"href":"https:\/\/bilgitarif.com\/yeni\/wp-json\/wp\/v2\/tags?post=2953"}],"curies":[{"name":"wp","href":"https:\/\/api.w.org\/{rel}","templated":true}]}}