{"id":2847,"date":"2025-05-29T18:34:45","date_gmt":"2025-05-29T18:34:45","guid":{"rendered":"https:\/\/bilgitarif.com\/yeni\/?p=2847"},"modified":"2025-05-29T18:34:45","modified_gmt":"2025-05-29T18:34:45","slug":"mahmut-tanal-sordu","status":"publish","type":"post","link":"https:\/\/bilgitarif.com\/yeni\/mahmut-tanal-sordu\/","title":{"rendered":"Mahmut Tanal Sordu"},"content":{"rendered":"\n\t\t<style type=\"text\/css\">\n\t\t\t#gallery-1 {\n\t\t\t\tmargin: auto;\n\t\t\t}\n\t\t\t#gallery-1 .gallery-item {\n\t\t\t\tfloat: left;\n\t\t\t\tmargin-top: 10px;\n\t\t\t\ttext-align: center;\n\t\t\t\twidth: 33%;\n\t\t\t}\n\t\t\t#gallery-1 img {\n\t\t\t\tborder: 2px solid #cfcfcf;\n\t\t\t}\n\t\t\t#gallery-1 .gallery-caption {\n\t\t\t\tmargin-left: 0;\n\t\t\t}\n\t\t\t\/* see gallery_shortcode() in wp-includes\/media.php *\/\n\t\t<\/style>\n\t\t<div id='gallery-1' class='gallery galleryid-2847 gallery-columns-3 gallery-size-thumbnail'><dl class='gallery-item'>\n\t\t\t<dt class='gallery-icon landscape'>\n\t\t\t\t<a href='https:\/\/bilgitarif.com\/yeni\/mahmut-tanal-sordu\/mahmut\/'><img loading=\"lazy\" decoding=\"async\" width=\"150\" height=\"150\" src=\"https:\/\/bilgitarif.com\/yeni\/wp-content\/uploads\/2025\/05\/mahmut-150x150.jpg\" class=\"attachment-thumbnail size-thumbnail\" alt=\"\" aria-describedby=\"gallery-1-2848\" \/><\/a>\n\t\t\t<\/dt>\n\t\t\t\t<dd class='wp-caption-text gallery-caption' id='gallery-1-2848'>\n\t\t\t\tMahmut Tanal Sordu.Bo\u011fazi\u00e7i K\u00f6pr\u00fcs\u00fc\u2019ne \u2018\u0130mamo\u011flu\u2019na \u00d6zg\u00fcrl\u00fck\u2019 pankart\u0131 asan milletvekillerinin dokunulmazl\u0131\u011f\u0131n\u0131n kald\u0131r\u0131lmas\u0131 i\u00e7in Meclis\u2019e \u00e7a\u011fr\u0131da bulunan eski AK Parti milletvekili Mehmet Metiner\u2019i CHP\u2019li Mahmut Tanal sordu\u011fu sorularla terletti.\n\n\n\t\t\t\t<\/dd><\/dl><dl class='gallery-item'>\n\t\t\t<dt class='gallery-icon landscape'>\n\t\t\t\t<a href='https:\/\/bilgitarif.com\/yeni\/mahmut-tanal-sordu\/mahmut-tanal\/'><img loading=\"lazy\" decoding=\"async\" width=\"150\" height=\"150\" src=\"https:\/\/bilgitarif.com\/yeni\/wp-content\/uploads\/2025\/05\/mahmut-tanal-150x150.png\" class=\"attachment-thumbnail size-thumbnail\" alt=\"\" aria-describedby=\"gallery-1-2849\" \/><\/a>\n\t\t\t<\/dt>\n\t\t\t\t<dd class='wp-caption-text gallery-caption' id='gallery-1-2849'>\n\t\t\t\tAK Partili isme terleten sorular! \u2018Sizin \u00e7ocuklar\u0131n\u0131z ne i\u015fle me\u015fgul?\u2019 Bo\u011fazi\u00e7i K\u00f6pr\u00fcs\u00fc\u2019ne \u2018\u0130mamo\u011flu\u2019na \u00d6zg\u00fcrl\u00fck\u2019 pankart\u0131 asan milletvekillerinin dokunulmazl\u0131\u011f\u0131n\u0131n kald\u0131r\u0131lmas\u0131 i\u00e7in Meclis\u2019e \u00e7a\u011fr\u0131da bulunan eski AK Parti milletvekili Mehmet Metiner\u2019i CHP\u2019li Mahmut Tanal sordu\u011fu sorularla terletti.Diplomas\u0131 iptal edildikten sonra tutuklanan \u0130BB Ba\u015fkan\u0131 ve CHP\u2019nin cumhurba\u015fkan\u0131 aday\u0131 Ekrem \u0130mamo\u011flu\u2019nun g\u00f6rsellerinin savc\u0131l\u0131k taraf\u0131ndan yasaklanmas\u0131na tepki olarak CHP milletvekilleri, CHP Genel Ba\u015fkan\u0131 \u00d6zg\u00fcr \u00d6zel ve Sosyalist Enternasyonal heyetinin, Bo\u011fazi\u00e7i K\u00f6pr\u00fcs\u00fc\u2019n\u00fcn alt\u0131ndan ge\u00e7tikleri esnada k\u00f6pr\u00fcde \u201cFree \u0130mamo\u011flu\u201d \u201c\u0130mamo\u011flu\u2018na \u00f6zg\u00fcrl\u00fck\u201d yaz\u0131l\u0131 pankart a\u00e7t\u0131. Pankart asan milletvekillerine el sallayan \u00d6zel, \u201cKurtulu\u015f yok tek ba\u015f\u0131na, ya hep beraber ya hi\u00e7birimiz\u201d slogan\u0131 att\u0131. Ekrem \u0130mamo\u011flu\u2019na \u00f6zg\u00fcrl\u00fck i\u00e7in \u201cFree \u0130mamo\u011flu\u201d yaz\u0131l\u0131 pankart\u0131n k\u00f6pr\u00fcye as\u0131lmas\u0131 \u00fczerine \u0130stanbul Cumhuriyet Ba\u015fsavc\u0131l\u0131\u011f\u0131\u2019ndan adli i\u015flem ba\u015flat\u0131ld\u0131\u011f\u0131n\u0131 duyurdu.Savc\u0131l\u0131\u011f\u0131n soru\u015fturma karar\u0131na sonras\u0131 eski AKP milletvekili Mehmet Metiner, savc\u0131l\u0131k karar\u0131na destek vererek, \u201cYarg\u0131 g\u00f6revini yap\u0131yor ama siyaset kurumu ve TBMM o fezlekelere dokunmayarak dokunulmazl\u0131\u011f\u0131n k\u00f6t\u00fcye kullan\u0131lmas\u0131na zemin haz\u0131rl\u0131yor. Savc\u0131l\u0131k fezlekeleri TBMM\u2019ye gidecek. Ve orada hi\u00e7bir i\u015flem yap\u0131lmadan bekleyecek. Milletvekilleri bunu bildikleri i\u00e7in ne yarg\u0131 karar\u0131 dinliyorlar ne hukuk ne kanun. Bence bu tarz fezlekeleri olan milletvekillerinin dokunulmazl\u0131klar\u0131 kald\u0131r\u0131lmal\u0131\u201d dedi.AKP\u2019li Metiner\u2019in dokunulmazl\u0131kla ilgili a\u00e7\u0131klamas\u0131na, CHP \u015eanl\u0131urfa Milletvekili Mahmut Tanal\u2019dan tepki geldi. Tanal, sosyal medya hesab\u0131ndan yapt\u0131\u011f\u0131 payla\u015f\u0131mda \u015fu ifadeleri kulland\u0131: \u201cSay\u0131n Mehmet Metiner, milletvekili dokunulmazl\u0131\u011f\u0131 konusunda CHP\u2019nin y\u0131llard\u0131r savundu\u011fu \u2018k\u00fcrs\u00fc dokunulmazl\u0131\u011f\u0131\u2019 ilkesini bug\u00fcn sahipleniyor gibi g\u00f6r\u00fcnmenizi ibretle izliyoruz. Ancak as\u0131l sorgulanmas\u0131 gereken sizin siyasi sicilinizdir. D\u00fcn farkl\u0131 partilerin saf\u0131ndayd\u0131n\u0131z, bug\u00fcn AKP\u2019yi sorgusuz sualsiz savunuyorsunuz. Madem bu kadar ilkeli ve \u015feffafs\u0131n\u0131z: Mahmut Tanal Mehmet Metiner\u2019e \u201cBu \u00fclkenin donan\u0131ml\u0131, liyakatli gen\u00e7leri i\u015fsizken sizin \u00e7ocuklar\u0131n\u0131z ne i\u015fle me\u015fgul?\u201d diye sordu. Milletvekili olmadan \u00f6nce hangi arabaya biniyordunuz, \u015fimdi neye biniyorsunuz? Ka\u00e7 \u00e7ocu\u011funuz var, hangi kamu ya da \u00f6zel g\u00f6revlerde \u00e7al\u0131\u015f\u0131yorlar? Bu \u00fclkenin donan\u0131ml\u0131, liyakatli gen\u00e7leri i\u015fsizken sizin \u00e7ocuklar\u0131n\u0131z ne i\u015fle me\u015fgul?Siyaseti ki\u015fisel menfaat arac\u0131 h\u00e2line getirenlerin \u2018dokunulmazl\u0131k\u2019 \u00fczerine nutuk atmaya ne hakk\u0131 ne de me\u015fruiyeti vard\u0131r! Dokunulmazl\u0131k; su\u00e7 i\u015fleme ayr\u0131cal\u0131\u011f\u0131 de\u011fil, halk ad\u0131na g\u00f6rev yapan vekilin d\u00fc\u015f\u00fcnce ve ifade \u00f6zg\u00fcrl\u00fc\u011f\u00fcn\u00fc korumakt\u0131r. Gerisi halk\u0131n vicdan\u0131na hesap verir.\u201d\n\n\n\t\t\t\t<\/dd><\/dl>\n\t\t\t<br style='clear: both' \/>\n\t\t<\/div>\n\n","protected":false},"excerpt":{"rendered":"","protected":false},"author":1,"featured_media":2848,"comment_status":"open","ping_status":"open","sticky":false,"template":"","format":"standard","meta":{"footnotes":""},"categories":[9],"tags":[],"class_list":["post-2847","post","type-post","status-publish","format-standard","has-post-thumbnail","hentry","category-foto-galeri"],"_links":{"self":[{"href":"https:\/\/bilgitarif.com\/yeni\/wp-json\/wp\/v2\/posts\/2847","targetHints":{"allow":["GET"]}}],"collection":[{"href":"https:\/\/bilgitarif.com\/yeni\/wp-json\/wp\/v2\/posts"}],"about":[{"href":"https:\/\/bilgitarif.com\/yeni\/wp-json\/wp\/v2\/types\/post"}],"author":[{"embeddable":true,"href":"https:\/\/bilgitarif.com\/yeni\/wp-json\/wp\/v2\/users\/1"}],"replies":[{"embeddable":true,"href":"https:\/\/bilgitarif.com\/yeni\/wp-json\/wp\/v2\/comments?post=2847"}],"version-history":[{"count":1,"href":"https:\/\/bilgitarif.com\/yeni\/wp-json\/wp\/v2\/posts\/2847\/revisions"}],"predecessor-version":[{"id":2850,"href":"https:\/\/bilgitarif.com\/yeni\/wp-json\/wp\/v2\/posts\/2847\/revisions\/2850"}],"wp:featuredmedia":[{"embeddable":true,"href":"https:\/\/bilgitarif.com\/yeni\/wp-json\/wp\/v2\/media\/2848"}],"wp:attachment":[{"href":"https:\/\/bilgitarif.com\/yeni\/wp-json\/wp\/v2\/media?parent=2847"}],"wp:term":[{"taxonomy":"category","embeddable":true,"href":"https:\/\/bilgitarif.com\/yeni\/wp-json\/wp\/v2\/categories?post=2847"},{"taxonomy":"post_tag","embeddable":true,"href":"https:\/\/bilgitarif.com\/yeni\/wp-json\/wp\/v2\/tags?post=2847"}],"curies":[{"name":"wp","href":"https:\/\/api.w.org\/{rel}","templated":true}]}}