{"id":2801,"date":"2025-05-28T19:21:22","date_gmt":"2025-05-28T19:21:22","guid":{"rendered":"https:\/\/bilgitarif.com\/yeni\/?p=2801"},"modified":"2025-05-28T19:21:22","modified_gmt":"2025-05-28T19:21:22","slug":"akpden-istifa-etti","status":"publish","type":"post","link":"https:\/\/bilgitarif.com\/yeni\/akpden-istifa-etti\/","title":{"rendered":"AKP&#8217;den \u0130stifa Etti"},"content":{"rendered":"\n\t\t<style type=\"text\/css\">\n\t\t\t#gallery-1 {\n\t\t\t\tmargin: auto;\n\t\t\t}\n\t\t\t#gallery-1 .gallery-item {\n\t\t\t\tfloat: left;\n\t\t\t\tmargin-top: 10px;\n\t\t\t\ttext-align: center;\n\t\t\t\twidth: 33%;\n\t\t\t}\n\t\t\t#gallery-1 img {\n\t\t\t\tborder: 2px solid #cfcfcf;\n\t\t\t}\n\t\t\t#gallery-1 .gallery-caption {\n\t\t\t\tmargin-left: 0;\n\t\t\t}\n\t\t\t\/* see gallery_shortcode() in wp-includes\/media.php *\/\n\t\t<\/style>\n\t\t<div id='gallery-1' class='gallery galleryid-2801 gallery-columns-3 gallery-size-thumbnail'><dl class='gallery-item'>\n\t\t\t<dt class='gallery-icon landscape'>\n\t\t\t\t<a href='https:\/\/bilgitarif.com\/yeni\/akpden-istifa-etti\/blg-15\/'><img loading=\"lazy\" decoding=\"async\" width=\"150\" height=\"150\" src=\"https:\/\/bilgitarif.com\/yeni\/wp-content\/uploads\/2025\/05\/blg-3-150x150.jpg\" class=\"attachment-thumbnail size-thumbnail\" alt=\"\" \/><\/a>\n\t\t\t<\/dt><\/dl><dl class='gallery-item'>\n\t\t\t<dt class='gallery-icon landscape'>\n\t\t\t\t<a href='https:\/\/bilgitarif.com\/yeni\/akpden-istifa-etti\/istfia-etti\/'><img loading=\"lazy\" decoding=\"async\" width=\"150\" height=\"150\" src=\"https:\/\/bilgitarif.com\/yeni\/wp-content\/uploads\/2025\/05\/istfia-etti-150x150.jpg\" class=\"attachment-thumbnail size-thumbnail\" alt=\"\" aria-describedby=\"gallery-1-2803\" \/><\/a>\n\t\t\t<\/dt>\n\t\t\t\t<dd class='wp-caption-text gallery-caption' id='gallery-1-2803'>\n\t\t\t\tEkrem Baki hakk\u0131nda yeni bir geli\u015fme oldu. G\u00fcndem d\u0131\u015f\u0131 s\u00f6z alarak k\u00fcrs\u00fcye \u00e7\u0131kan Baki, \u201cKendimle ilgili bir hususu payla\u015fmak istiyorum\u201d diyerek istifa karar\u0131n\u0131 meclis \u00fcyeleriyle payla\u015ft\u0131. BASKI ORTAMI VE HUKUK ANLAYI\u015eI GEREK\u00c7E G\u00d6STER\u0130LD\u0130 \u0130stifa gerek\u00e7esini a\u00e7\u0131klayan Baki, \u00fclkede muhalefete y\u00f6nelik bask\u0131lar\u0131n artmas\u0131ndan duydu\u011fu rahats\u0131zl\u0131\u011f\u0131 dile getirdi. \u201cSon d\u00f6nemde muhalefete kar\u015f\u0131 y\u00fcr\u00fct\u00fclen bask\u0131lar, siyaset ve hukuk anlay\u0131\u015f\u0131mla ba\u011fda\u015fm\u0131yor. Bu nedenle AK Parti \u00fcyeli\u011finden ayr\u0131l\u0131yorum\u201d ifadelerini kulland\u0131. CHP\u2019L\u0130LERDEN ALKI\u015e, SALONDAN SLOGANLAR Baki\u2019nin a\u00e7\u0131klamas\u0131 CHP\u2019li meclis \u00fcyeleri taraf\u0131ndan ayakta alk\u0131\u015fland\u0131. Meclis salonundaki yurtta\u015flar da \u201cHak, hukuk, adalet!\u201d sloganlar\u0131yla destek verdi. Bu durum AK Parti\u2019li meclis \u00fcyelerinin tepkisini \u00e7ekti. Sloganlara kar\u015f\u0131 \u00e7\u0131kan baz\u0131 \u00fcyeler, \u201cBayrak da da\u011f\u0131tsayd\u0131n\u0131z, sallasalard\u0131!\u201d diyerek salon d\u00fczeninin sa\u011flanmas\u0131n\u0131 talep etti.\n\n\n\t\t\t\t<\/dd><\/dl>\n\t\t\t<br style='clear: both' \/>\n\t\t<\/div>\n\n","protected":false},"excerpt":{"rendered":"","protected":false},"author":1,"featured_media":2802,"comment_status":"open","ping_status":"open","sticky":false,"template":"","format":"standard","meta":{"footnotes":""},"categories":[9],"tags":[],"class_list":["post-2801","post","type-post","status-publish","format-standard","has-post-thumbnail","hentry","category-foto-galeri"],"_links":{"self":[{"href":"https:\/\/bilgitarif.com\/yeni\/wp-json\/wp\/v2\/posts\/2801","targetHints":{"allow":["GET"]}}],"collection":[{"href":"https:\/\/bilgitarif.com\/yeni\/wp-json\/wp\/v2\/posts"}],"about":[{"href":"https:\/\/bilgitarif.com\/yeni\/wp-json\/wp\/v2\/types\/post"}],"author":[{"embeddable":true,"href":"https:\/\/bilgitarif.com\/yeni\/wp-json\/wp\/v2\/users\/1"}],"replies":[{"embeddable":true,"href":"https:\/\/bilgitarif.com\/yeni\/wp-json\/wp\/v2\/comments?post=2801"}],"version-history":[{"count":1,"href":"https:\/\/bilgitarif.com\/yeni\/wp-json\/wp\/v2\/posts\/2801\/revisions"}],"predecessor-version":[{"id":2804,"href":"https:\/\/bilgitarif.com\/yeni\/wp-json\/wp\/v2\/posts\/2801\/revisions\/2804"}],"wp:featuredmedia":[{"embeddable":true,"href":"https:\/\/bilgitarif.com\/yeni\/wp-json\/wp\/v2\/media\/2802"}],"wp:attachment":[{"href":"https:\/\/bilgitarif.com\/yeni\/wp-json\/wp\/v2\/media?parent=2801"}],"wp:term":[{"taxonomy":"category","embeddable":true,"href":"https:\/\/bilgitarif.com\/yeni\/wp-json\/wp\/v2\/categories?post=2801"},{"taxonomy":"post_tag","embeddable":true,"href":"https:\/\/bilgitarif.com\/yeni\/wp-json\/wp\/v2\/tags?post=2801"}],"curies":[{"name":"wp","href":"https:\/\/api.w.org\/{rel}","templated":true}]}}