{"id":2771,"date":"2025-05-26T21:10:07","date_gmt":"2025-05-26T21:10:07","guid":{"rendered":"https:\/\/bilgitarif.com\/yeni\/?p=2771"},"modified":"2025-05-26T21:10:07","modified_gmt":"2025-05-26T21:10:07","slug":"usta-oyuncu-serif-sezer","status":"publish","type":"post","link":"https:\/\/bilgitarif.com\/yeni\/usta-oyuncu-serif-sezer\/","title":{"rendered":"Usta Oyuncu \u015eerif Sezer"},"content":{"rendered":"\n\t\t<style type=\"text\/css\">\n\t\t\t#gallery-1 {\n\t\t\t\tmargin: auto;\n\t\t\t}\n\t\t\t#gallery-1 .gallery-item {\n\t\t\t\tfloat: left;\n\t\t\t\tmargin-top: 10px;\n\t\t\t\ttext-align: center;\n\t\t\t\twidth: 33%;\n\t\t\t}\n\t\t\t#gallery-1 img {\n\t\t\t\tborder: 2px solid #cfcfcf;\n\t\t\t}\n\t\t\t#gallery-1 .gallery-caption {\n\t\t\t\tmargin-left: 0;\n\t\t\t}\n\t\t\t\/* see gallery_shortcode() in wp-includes\/media.php *\/\n\t\t<\/style>\n\t\t<div id='gallery-1' class='gallery galleryid-2771 gallery-columns-3 gallery-size-thumbnail'><dl class='gallery-item'>\n\t\t\t<dt class='gallery-icon landscape'>\n\t\t\t\t<a href='https:\/\/bilgitarif.com\/yeni\/usta-oyuncu-serif-sezer\/t-32\/'><img loading=\"lazy\" decoding=\"async\" width=\"150\" height=\"150\" src=\"https:\/\/bilgitarif.com\/yeni\/wp-content\/uploads\/2025\/05\/t-10-150x150.png\" class=\"attachment-thumbnail size-thumbnail\" alt=\"\" aria-describedby=\"gallery-1-2772\" \/><\/a>\n\t\t\t<\/dt>\n\t\t\t\t<dd class='wp-caption-text gallery-caption' id='gallery-1-2772'>\n\t\t\t\tSon olarak Yal\u0131 \u00c7apk\u0131n\u0131 dizisiyle kar\u015f\u0131m\u0131za \u00e7\u0131kan \u00fcnl\u00fc oyuncu \u015eerif Sezer, Milas-S\u00f6ke karayolunda korkutan bir trafik kazas\u0131 ge\u00e7irdi. Kar\u015f\u0131 y\u00f6nden gelen gen\u00e7 s\u00fcr\u00fcc\u00fcn\u00fcn direksiyon hAkimiyetini kaybetmesiyle Sezer\u2019in i\u00e7inde bulundu\u011fu ara\u00e7la \u00e7arp\u0131\u015ft\u0131\u011f\u0131 \u00f6\u011frenildi. Olay yerine h\u0131zla sa\u011fl\u0131k ve trafik ekipleri sevk edildi\n\n\n\t\t\t\t<\/dd><\/dl><dl class='gallery-item'>\n\t\t\t<dt class='gallery-icon landscape'>\n\t\t\t\t<a href='https:\/\/bilgitarif.com\/yeni\/usta-oyuncu-serif-sezer\/usta-oyuncu\/'><img loading=\"lazy\" decoding=\"async\" width=\"150\" height=\"150\" src=\"https:\/\/bilgitarif.com\/yeni\/wp-content\/uploads\/2025\/05\/usta-oyuncu-150x150.jpg\" class=\"attachment-thumbnail size-thumbnail\" alt=\"\" aria-describedby=\"gallery-1-2773\" \/><\/a>\n\t\t\t<\/dt>\n\t\t\t\t<dd class='wp-caption-text gallery-caption' id='gallery-1-2773'>\n\t\t\t\tMilas-S\u00f6ke karayolu \u00fczerinde, Bodrum istikametine do\u011fru seyir halindeyken kar\u015f\u0131 y\u00f6nden gelen bir otomobilin s\u00fcr\u00fcc\u00fcs\u00fc 26 ya\u015f\u0131ndaki \u015e.A, hen\u00fcz belirlenemeyen bir nedenle direksiyon hakimiyetini kaybetti. Kontrolden \u00e7\u0131kan ara\u00e7, \u015eerif Sezer\u2019in bulundu\u011fu otomobille kafa kafaya \u00e7arp\u0131\u015ft\u0131.\nYoldan ge\u00e7en s\u00fcr\u00fcc\u00fclerin ihbar\u0131 \u00fczerine olay yerine h\u0131zla 112 Acil Servis ekipleri ile trafik ekipleri y\u00f6nlendirildi. Yaral\u0131lara ilk m\u00fcdahale olay yerinde yap\u0131ld\u0131. Kazada \u015eerif Sezer mucizevi bir \u015fekilde yara almadan kurtulurken, di\u011fer arac\u0131n s\u00fcr\u00fcc\u00fcs\u00fc \u015e.A. \u00e7e\u015fitli yerlerinden yaraland\u0131.\nSezer\u2019in ise sa\u011fl\u0131k durumunun iyi oldu\u011fu ancak kontrol ama\u00e7l\u0131 hastaneye sevk edildi\u011fi bildirildi.\n\n\n\t\t\t\t<\/dd><\/dl>\n\t\t\t<br style='clear: both' \/>\n\t\t<\/div>\n\n","protected":false},"excerpt":{"rendered":"","protected":false},"author":1,"featured_media":2772,"comment_status":"open","ping_status":"open","sticky":false,"template":"","format":"standard","meta":{"footnotes":""},"categories":[9],"tags":[],"class_list":["post-2771","post","type-post","status-publish","format-standard","has-post-thumbnail","hentry","category-foto-galeri"],"_links":{"self":[{"href":"https:\/\/bilgitarif.com\/yeni\/wp-json\/wp\/v2\/posts\/2771","targetHints":{"allow":["GET"]}}],"collection":[{"href":"https:\/\/bilgitarif.com\/yeni\/wp-json\/wp\/v2\/posts"}],"about":[{"href":"https:\/\/bilgitarif.com\/yeni\/wp-json\/wp\/v2\/types\/post"}],"author":[{"embeddable":true,"href":"https:\/\/bilgitarif.com\/yeni\/wp-json\/wp\/v2\/users\/1"}],"replies":[{"embeddable":true,"href":"https:\/\/bilgitarif.com\/yeni\/wp-json\/wp\/v2\/comments?post=2771"}],"version-history":[{"count":1,"href":"https:\/\/bilgitarif.com\/yeni\/wp-json\/wp\/v2\/posts\/2771\/revisions"}],"predecessor-version":[{"id":2774,"href":"https:\/\/bilgitarif.com\/yeni\/wp-json\/wp\/v2\/posts\/2771\/revisions\/2774"}],"wp:featuredmedia":[{"embeddable":true,"href":"https:\/\/bilgitarif.com\/yeni\/wp-json\/wp\/v2\/media\/2772"}],"wp:attachment":[{"href":"https:\/\/bilgitarif.com\/yeni\/wp-json\/wp\/v2\/media?parent=2771"}],"wp:term":[{"taxonomy":"category","embeddable":true,"href":"https:\/\/bilgitarif.com\/yeni\/wp-json\/wp\/v2\/categories?post=2771"},{"taxonomy":"post_tag","embeddable":true,"href":"https:\/\/bilgitarif.com\/yeni\/wp-json\/wp\/v2\/tags?post=2771"}],"curies":[{"name":"wp","href":"https:\/\/api.w.org\/{rel}","templated":true}]}}