{"id":2743,"date":"2025-05-25T19:23:41","date_gmt":"2025-05-25T19:23:41","guid":{"rendered":"https:\/\/bilgitarif.com\/yeni\/?p=2743"},"modified":"2025-05-25T19:23:41","modified_gmt":"2025-05-25T19:23:41","slug":"herseyi-itiraf-etti-bunu-nasil-yaparsiniz","status":"publish","type":"post","link":"https:\/\/bilgitarif.com\/yeni\/herseyi-itiraf-etti-bunu-nasil-yaparsiniz\/","title":{"rendered":"Her\u015feyi itiraf etti bunu nas\u0131l yapars\u0131n\u0131z"},"content":{"rendered":"\n\t\t<style type=\"text\/css\">\n\t\t\t#gallery-1 {\n\t\t\t\tmargin: auto;\n\t\t\t}\n\t\t\t#gallery-1 .gallery-item {\n\t\t\t\tfloat: left;\n\t\t\t\tmargin-top: 10px;\n\t\t\t\ttext-align: center;\n\t\t\t\twidth: 33%;\n\t\t\t}\n\t\t\t#gallery-1 img {\n\t\t\t\tborder: 2px solid #cfcfcf;\n\t\t\t}\n\t\t\t#gallery-1 .gallery-caption {\n\t\t\t\tmargin-left: 0;\n\t\t\t}\n\t\t\t\/* see gallery_shortcode() in wp-includes\/media.php *\/\n\t\t<\/style>\n\t\t<div id='gallery-1' class='gallery galleryid-2743 gallery-columns-3 gallery-size-thumbnail'><dl class='gallery-item'>\n\t\t\t<dt class='gallery-icon landscape'>\n\t\t\t\t<a href='https:\/\/bilgitarif.com\/yeni\/herseyi-itiraf-etti-bunu-nasil-yaparsiniz\/t-31\/'><img loading=\"lazy\" decoding=\"async\" width=\"150\" height=\"150\" src=\"https:\/\/bilgitarif.com\/yeni\/wp-content\/uploads\/2025\/05\/t-9-150x150.png\" class=\"attachment-thumbnail size-thumbnail\" alt=\"\" aria-describedby=\"gallery-1-2744\" \/><\/a>\n\t\t\t<\/dt>\n\t\t\t\t<dd class='wp-caption-text gallery-caption' id='gallery-1-2744'>\n\t\t\t\t\u0130stanbul B\u00fcy\u00fck\u015fehir Belediyesi\u2019ne y\u00f6nelik y\u00fcr\u00fct\u00fclen yolsuzluk soru\u015fturmas\u0131nda fla\u015f bir geli\u015fme ya\u015fand\u0131. G\u00f6revden uzakla\u015ft\u0131r\u0131lan \u0130BB Ba\u015fkan\u0131 Ekrem \u0130mamo\u011flu\u2019nun da \u015f\u00fcpheliler aras\u0131nda yer ald\u0131\u011f\u0131 dosyada, yeni bir isim dikkatleri \u00fczerine \u00e7ekti.\n\u0130mamo\u011flu\u2019nun en yak\u0131n isimlerinden biri olan Ba\u015fkan Dan\u0131\u015fman\u0131 Ertan Y\u0131ld\u0131z, savc\u0131l\u0131\u011fa s\u00fcrpriz bir ba\u015fvuruda bulundu. Bu hamle soru\u015fturman\u0131n seyrini tamamen de\u011fi\u015ftirebilir. Kulisler hareketli, iddialar a\u011f\u0131r&#8230; Soru\u015fturma dosyas\u0131nda neler var, kimler hedefte, perde arkas\u0131nda neler ya\u015fan\u0131yor?\n\n\n\t\t\t\t<\/dd><\/dl><dl class='gallery-item'>\n\t\t\t<dt class='gallery-icon landscape'>\n\t\t\t\t<a href='https:\/\/bilgitarif.com\/yeni\/herseyi-itiraf-etti-bunu-nasil-yaparsiniz\/herseyi\/'><img loading=\"lazy\" decoding=\"async\" width=\"150\" height=\"150\" src=\"https:\/\/bilgitarif.com\/yeni\/wp-content\/uploads\/2025\/05\/herseyi-150x150.jpg\" class=\"attachment-thumbnail size-thumbnail\" alt=\"\" aria-describedby=\"gallery-1-2745\" \/><\/a>\n\t\t\t<\/dt>\n\t\t\t\t<dd class='wp-caption-text gallery-caption' id='gallery-1-2745'>\n\t\t\t\tEkol TV muhabiri Dilek Yaman Demir\u2019in \u00f6zel haberine g\u00f6re, \u0130stanbul Cumhuriyet Ba\u015fsavc\u0131l\u0131\u011f\u0131 taraf\u0131ndan y\u00fcr\u00fct\u00fclen kapsaml\u0131 soru\u015fturmada, \u0130stanbul B\u00fcy\u00fck\u015fehir Belediyesi\u2019ne ili\u015fkin ciddi iddialar inceleniyor. Soru\u015fturma kapsam\u0131nda, \u201csu\u00e7 \u00f6rg\u00fct\u00fc kurmak ve y\u00f6netmek\u201d, \u201cr\u00fc\u015fvet almak\u201d, \u201cnitelikli doland\u0131r\u0131c\u0131l\u0131k\u201d, \u201cihaleye fesat kar\u0131\u015ft\u0131rmak\u201d ve \u201cki\u015fisel verileri hukuka ayk\u0131r\u0131 ele ge\u00e7irmek\u201d gibi pek \u00e7ok a\u011f\u0131r su\u00e7lamaya yer verildi.\n\nSoru\u015fturmadaki en dikkat \u00e7ekici geli\u015fme ise \u0130BB Ba\u015fkan\u0131 Ekrem \u0130mamo\u011flu\u2019nun dan\u0131\u015fman\u0131 Ertan Y\u0131ld\u0131z\u2019dan geldi. Y\u0131ld\u0131z, savc\u0131l\u0131\u011fa ba\u015fvurarak etkin pi\u015fmanl\u0131k h\u00fck\u00fcmlerinden faydalanmak istedi\u011fini bildirdi. Bu ad\u0131m, soru\u015fturman\u0131n y\u00f6n\u00fcn\u00fc de\u011fi\u015ftirecek nitelikte olabilir. Etkin pi\u015fmanl\u0131k talebiyle birlikte dosyada yeni isimlerin g\u00fcndeme gelmesi ve iddialar\u0131n daha da derinle\u015fmesi bekleniyor.\n\n\u0130ddialar hen\u00fcz yarg\u0131 karar\u0131yla netle\u015fmemi\u015f olsa da, soru\u015fturma s\u00fcreci kamuoyunda b\u00fcy\u00fck yank\u0131 uyand\u0131rm\u0131\u015f durumda. Geli\u015fmeler dikkatle takip ediliyor.\n\t\t\t\t<\/dd><\/dl>\n\t\t\t<br style='clear: both' \/>\n\t\t<\/div>\n\n","protected":false},"excerpt":{"rendered":"","protected":false},"author":1,"featured_media":2744,"comment_status":"open","ping_status":"open","sticky":false,"template":"","format":"standard","meta":{"footnotes":""},"categories":[9],"tags":[],"class_list":["post-2743","post","type-post","status-publish","format-standard","has-post-thumbnail","hentry","category-foto-galeri"],"_links":{"self":[{"href":"https:\/\/bilgitarif.com\/yeni\/wp-json\/wp\/v2\/posts\/2743","targetHints":{"allow":["GET"]}}],"collection":[{"href":"https:\/\/bilgitarif.com\/yeni\/wp-json\/wp\/v2\/posts"}],"about":[{"href":"https:\/\/bilgitarif.com\/yeni\/wp-json\/wp\/v2\/types\/post"}],"author":[{"embeddable":true,"href":"https:\/\/bilgitarif.com\/yeni\/wp-json\/wp\/v2\/users\/1"}],"replies":[{"embeddable":true,"href":"https:\/\/bilgitarif.com\/yeni\/wp-json\/wp\/v2\/comments?post=2743"}],"version-history":[{"count":1,"href":"https:\/\/bilgitarif.com\/yeni\/wp-json\/wp\/v2\/posts\/2743\/revisions"}],"predecessor-version":[{"id":2746,"href":"https:\/\/bilgitarif.com\/yeni\/wp-json\/wp\/v2\/posts\/2743\/revisions\/2746"}],"wp:featuredmedia":[{"embeddable":true,"href":"https:\/\/bilgitarif.com\/yeni\/wp-json\/wp\/v2\/media\/2744"}],"wp:attachment":[{"href":"https:\/\/bilgitarif.com\/yeni\/wp-json\/wp\/v2\/media?parent=2743"}],"wp:term":[{"taxonomy":"category","embeddable":true,"href":"https:\/\/bilgitarif.com\/yeni\/wp-json\/wp\/v2\/categories?post=2743"},{"taxonomy":"post_tag","embeddable":true,"href":"https:\/\/bilgitarif.com\/yeni\/wp-json\/wp\/v2\/tags?post=2743"}],"curies":[{"name":"wp","href":"https:\/\/api.w.org\/{rel}","templated":true}]}}