{"id":2734,"date":"2025-05-25T19:14:28","date_gmt":"2025-05-25T19:14:28","guid":{"rendered":"https:\/\/bilgitarif.com\/yeni\/?p=2734"},"modified":"2025-05-28T19:28:11","modified_gmt":"2025-05-28T19:28:11","slug":"insan-gonlune-soz-geciremiyor","status":"publish","type":"post","link":"https:\/\/bilgitarif.com\/yeni\/insan-gonlune-soz-geciremiyor\/","title":{"rendered":"\u0130nsan g\u00f6nl\u00fcne s\u00f6z ge\u00e7iremiyor"},"content":{"rendered":"\n\t\t<style type=\"text\/css\">\n\t\t\t#gallery-1 {\n\t\t\t\tmargin: auto;\n\t\t\t}\n\t\t\t#gallery-1 .gallery-item {\n\t\t\t\tfloat: left;\n\t\t\t\tmargin-top: 10px;\n\t\t\t\ttext-align: center;\n\t\t\t\twidth: 33%;\n\t\t\t}\n\t\t\t#gallery-1 img {\n\t\t\t\tborder: 2px solid #cfcfcf;\n\t\t\t}\n\t\t\t#gallery-1 .gallery-caption {\n\t\t\t\tmargin-left: 0;\n\t\t\t}\n\t\t\t\/* see gallery_shortcode() in wp-includes\/media.php *\/\n\t\t<\/style>\n\t\t<div id='gallery-1' class='gallery galleryid-2734 gallery-columns-3 gallery-size-thumbnail'><dl class='gallery-item'>\n\t\t\t<dt class='gallery-icon landscape'>\n\t\t\t\t<a href='https:\/\/bilgitarif.com\/yeni\/insan-gonlune-soz-geciremiyor\/mm-2\/'><img loading=\"lazy\" decoding=\"async\" width=\"150\" height=\"150\" src=\"https:\/\/bilgitarif.com\/yeni\/wp-content\/uploads\/2025\/05\/mm-1-150x150.jpg\" class=\"attachment-thumbnail size-thumbnail\" alt=\"\" aria-describedby=\"gallery-1-2736\" \/><\/a>\n\t\t\t<\/dt>\n\t\t\t\t<dd class='wp-caption-text gallery-caption' id='gallery-1-2736'>\n\t\t\t\tBenim ad\u0131m Havva 65 ya\u015f\u0131nday\u0131m. Art\u0131k orta ya\u015fl\u0131 bir kad\u0131n\u0131m, ama ruhum gen\u00e7 . E\u015fimi y\u0131llar \u00f6nce kaybettim, \u00e7ocuklar\u0131m kendi hayatlar\u0131n\u0131 kurdular, torunlar\u0131m b\u00fcy\u00fcd\u00fc ve ben evimde yaln\u0131z kald\u0131m. G\u00fcnlerim genellikle televizyon kar\u015f\u0131s\u0131nda, kitap okurken ya da biraz eski dostlar\u0131mla konu\u015farak ge\u00e7iyordu. Ama bir \u015fey eksikti kendimi \u00e7ok yaln\u0131z hissediyordum bir kad\u0131n olarak baz\u0131 arzular\u0131m oluyordu\u2026 Bir arkada\u015f\u0131m, internette insanlarla tan\u0131\u015fabilece\u011fimi s\u00f6yledi. \u201cBir bak\u201d dedi. \u00d6nce teredd\u00fct ettim, ama sonra bir \u015fans vermek istedim.\nBir ak\u015fam, feysimde gezinirken bir mesaj ald\u0131m. \u201cMerhaba, Havva han\u0131m. Profiliniz \u00e7ok ho\u015fuma gitti, sizinle tan\u0131\u015fmak istiyorum.\u201d Bu mesaj\u0131 yazan adam, ad\u0131n\u0131 \u201cEmre\u201d olarak tan\u0131tt\u0131. 45 ya\u015f\u0131nda, yak\u0131\u015f\u0131kl\u0131, uzun boylu, g\u00fcler y\u00fczl\u00fc bir adamd\u0131. Kendini i\u015fadam\u0131 olarak tan\u0131tt\u0131. T\u00fcrkiye\u2019nin ba\u015fka bir \u015fehrinde ya\u015f\u0131yor, yaln\u0131z oldu\u011funu s\u00f6yledi. Bana \u00e7ok ilgi g\u00f6sterdi, her g\u00fcn mesajlar at\u0131yordu, uzun telefon konu\u015fmalar\u0131 yap\u0131yorduk. Bir s\u00fcre sonra, sanki y\u0131llard\u0131r tan\u0131yormu\u015fum gibi hissettim.\nEmre, bana \u00e7ok de\u011ferli bir kad\u0131n oldu\u011fumu s\u00f6yledi. Benimle bir ger\u00e7e\u011fi payla\u015fmak istedi\u011fini belirtti. Zamanla bana \u00e7ok ba\u011fland\u0131\u011f\u0131n\u0131, beni \u00e7ok sevdi\u011fini yan\u0131ma gelmek benimle beraber olmak istedi\u011fini s\u00f6yledi,\n\t\t\t\t<\/dd><\/dl><dl class='gallery-item'>\n\t\t\t<dt class='gallery-icon landscape'>\n\t\t\t\t<a href='https:\/\/bilgitarif.com\/yeni\/insan-gonlune-soz-geciremiyor\/havva\/'><img loading=\"lazy\" decoding=\"async\" width=\"150\" height=\"150\" src=\"https:\/\/bilgitarif.com\/yeni\/wp-content\/uploads\/2025\/05\/havva-150x150.jpg\" class=\"attachment-thumbnail size-thumbnail\" alt=\"\" aria-describedby=\"gallery-1-2737\" \/><\/a>\n\t\t\t<\/dt>\n\t\t\t\t<dd class='wp-caption-text gallery-caption' id='gallery-1-2737'>\n\t\t\t\tBen de ona g\u00fcvenmeye ba\u015flad\u0131m. Her ne kadar mesafeli bir \u015fekilde ba\u015flasam da, g\u00fcnler ge\u00e7tik\u00e7e i\u00e7imi \u0131s\u0131tan, bana de\u011fer veren biri gibi g\u00f6r\u00fcnd\u00fc. O kadar \u00e7ok s\u0131k\u0131ld\u0131m ki yaln\u0131zl\u0131ktan, o kadar \u00e7ok ihtiya\u00e7 duydum ki birinin ilgisini kazanmak i\u00e7in her \u015feyi verdim.\nBir g\u00fcn, bana ba\u015fka bir \u015fehirdeki bir i\u015f toplant\u0131s\u0131na kat\u0131laca\u011f\u0131n\u0131 s\u00f6yledi. U\u00e7ak bileti ve otel masraflar\u0131n\u0131 halledece\u011fini ama bir \u00f6deme yapmas\u0131 gerekti\u011fini ekledi. \u201cAy\u015fe, bana yard\u0131mc\u0131 olabilir misin? Sadece birka\u00e7 g\u00fcnl\u00fc\u011f\u00fcne bir miktar para g\u00f6nderirsen, her \u015fey \u00e7\u00f6z\u00fclecek.\u201d \u0130lk ba\u015fta teredd\u00fct ettim ama sonra ona g\u00fcvenip, sahip oldu\u011fum paradan bir k\u0131sm\u0131n\u0131 g\u00f6ndermeye karar verdim.\nOna g\u00fcvenmeye ba\u015flad\u0131k\u00e7a, daha fazla yard\u0131m ve para talep etmeye ba\u015flad\u0131. Zamanla, bir sorun \u00e7\u0131kt\u0131 ve \u201cBa\u015fka bir \u00f6deme yapmam\u0131z laz\u0131m\u201d dedi. Bu s\u00fcre\u00e7 bir s\u00fcre daha devam etti, her defas\u0131nda ben daha da yava\u015f\u00e7a ama sa\u011flam ad\u0131mlarla ona para g\u00f6ndermeye devam ettim. D\u00fc\u015f\u00fcnmeden, \u201cOna yard\u0131mc\u0131 olmal\u0131y\u0131m,\u201d dedim. Ama bir g\u00fcn, telefonlar\u0131na ula\u015famamaya ba\u015flad\u0131m. Mesajlar\u0131m yan\u0131tlanmad\u0131, sesli yan\u0131tlar hep ayn\u0131yd\u0131, cevap yoktu.\nBirka\u00e7 hafta ge\u00e7tikten sonra, o tan\u0131d\u0131\u011f\u0131m adam art\u0131k yoktu. Kendisini tekrar arad\u0131m, ama ne telefonunda, ne de internette herhangi bir iz bulabildim. Ve bir sabah uyand\u0131\u011f\u0131mda, her \u015feyin bir yalan oldu\u011funu fark ettim. Emre, asl\u0131nda beni doland\u0131rm\u0131\u015ft\u0131. Yava\u015f\u00e7a i\u00e7imi t\u00fcketen o adam, kalbimi k\u0131rm\u0131\u015f ve beni yaln\u0131z b\u0131rakm\u0131\u015ft\u0131.\nBir \u015fekilde, doland\u0131r\u0131ld\u0131\u011f\u0131m\u0131 anlam\u0131\u015ft\u0131m ama i\u015f i\u015ften ge\u00e7mi\u015fti. \u00dcz\u00fcnt\u00fcm, \u00f6fkem, hayal k\u0131r\u0131kl\u0131\u011f\u0131m her \u015feyin \u00f6n\u00fcndeydi. Ama bir \u015fey fark ettim: Ben hala ayaktayd\u0131m. Ge\u00e7mi\u015fte kaybettiklerimle de bar\u0131\u015ft\u0131m. Bu hikaye, bana bir ders verdi: Ger\u00e7ek sevgiyi ararken, kendimi unutmamal\u0131yd\u0131m.\n\u015eimdi internete girmiyorum. Yaln\u0131zl\u0131\u011f\u0131mda \u00f6\u011frendi\u011fim \u015fey \u015fu: Ger\u00e7ek dostluk ve g\u00fcven, paradan daha de\u011ferli. Ve ya\u015fl\u0131l\u0131k, yaln\u0131zl\u0131k, insan\u0131 ne kadar k\u0131rsa da, insan her zaman yeniden aya\u011fa kalkabilir.\n\n\t\t\t\t<\/dd><\/dl>\n\t\t\t<br style='clear: both' \/>\n\t\t<\/div>\n\n","protected":false},"excerpt":{"rendered":"","protected":false},"author":1,"featured_media":2736,"comment_status":"open","ping_status":"open","sticky":false,"template":"","format":"standard","meta":{"footnotes":""},"categories":[9],"tags":[],"class_list":["post-2734","post","type-post","status-publish","format-standard","has-post-thumbnail","hentry","category-foto-galeri"],"_links":{"self":[{"href":"https:\/\/bilgitarif.com\/yeni\/wp-json\/wp\/v2\/posts\/2734","targetHints":{"allow":["GET"]}}],"collection":[{"href":"https:\/\/bilgitarif.com\/yeni\/wp-json\/wp\/v2\/posts"}],"about":[{"href":"https:\/\/bilgitarif.com\/yeni\/wp-json\/wp\/v2\/types\/post"}],"author":[{"embeddable":true,"href":"https:\/\/bilgitarif.com\/yeni\/wp-json\/wp\/v2\/users\/1"}],"replies":[{"embeddable":true,"href":"https:\/\/bilgitarif.com\/yeni\/wp-json\/wp\/v2\/comments?post=2734"}],"version-history":[{"count":2,"href":"https:\/\/bilgitarif.com\/yeni\/wp-json\/wp\/v2\/posts\/2734\/revisions"}],"predecessor-version":[{"id":2814,"href":"https:\/\/bilgitarif.com\/yeni\/wp-json\/wp\/v2\/posts\/2734\/revisions\/2814"}],"wp:featuredmedia":[{"embeddable":true,"href":"https:\/\/bilgitarif.com\/yeni\/wp-json\/wp\/v2\/media\/2736"}],"wp:attachment":[{"href":"https:\/\/bilgitarif.com\/yeni\/wp-json\/wp\/v2\/media?parent=2734"}],"wp:term":[{"taxonomy":"category","embeddable":true,"href":"https:\/\/bilgitarif.com\/yeni\/wp-json\/wp\/v2\/categories?post=2734"},{"taxonomy":"post_tag","embeddable":true,"href":"https:\/\/bilgitarif.com\/yeni\/wp-json\/wp\/v2\/tags?post=2734"}],"curies":[{"name":"wp","href":"https:\/\/api.w.org\/{rel}","templated":true}]}}