{"id":2670,"date":"2025-05-24T21:49:51","date_gmt":"2025-05-24T21:49:51","guid":{"rendered":"https:\/\/bilgitarif.com\/yeni\/?p=2670"},"modified":"2025-05-24T21:49:51","modified_gmt":"2025-05-24T21:49:51","slug":"ozlem-zenginden","status":"publish","type":"post","link":"https:\/\/bilgitarif.com\/yeni\/ozlem-zenginden\/","title":{"rendered":"\u00d6zlem Zenginden"},"content":{"rendered":"\n\t\t<style type=\"text\/css\">\n\t\t\t#gallery-1 {\n\t\t\t\tmargin: auto;\n\t\t\t}\n\t\t\t#gallery-1 .gallery-item {\n\t\t\t\tfloat: left;\n\t\t\t\tmargin-top: 10px;\n\t\t\t\ttext-align: center;\n\t\t\t\twidth: 33%;\n\t\t\t}\n\t\t\t#gallery-1 img {\n\t\t\t\tborder: 2px solid #cfcfcf;\n\t\t\t}\n\t\t\t#gallery-1 .gallery-caption {\n\t\t\t\tmargin-left: 0;\n\t\t\t}\n\t\t\t\/* see gallery_shortcode() in wp-includes\/media.php *\/\n\t\t<\/style>\n\t\t<div id='gallery-1' class='gallery galleryid-2670 gallery-columns-3 gallery-size-thumbnail'><dl class='gallery-item'>\n\t\t\t<dt class='gallery-icon landscape'>\n\t\t\t\t<a href='https:\/\/bilgitarif.com\/yeni\/ozlem-zenginden\/tt-6\/'><img loading=\"lazy\" decoding=\"async\" width=\"150\" height=\"150\" src=\"https:\/\/bilgitarif.com\/yeni\/wp-content\/uploads\/2025\/05\/tt-3-150x150.jpg\" class=\"attachment-thumbnail size-thumbnail\" alt=\"\" aria-describedby=\"gallery-1-2671\" \/><\/a>\n\t\t\t<\/dt>\n\t\t\t\t<dd class='wp-caption-text gallery-caption' id='gallery-1-2671'>\n\t\t\t\tAKP\u2019li Zengin\u2019den \u0130BB Soru\u015fturmas\u0131 ve \u0130mamo\u011flu Hakk\u0131nda \u00c7arp\u0131c\u0131 A\u00e7\u0131klamalar.\n\n\n\t\t\t\t<\/dd><\/dl><dl class='gallery-item'>\n\t\t\t<dt class='gallery-icon landscape'>\n\t\t\t\t<a href='https:\/\/bilgitarif.com\/yeni\/ozlem-zenginden\/ozlem\/'><img loading=\"lazy\" decoding=\"async\" width=\"150\" height=\"150\" src=\"https:\/\/bilgitarif.com\/yeni\/wp-content\/uploads\/2025\/05\/ozlem-150x150.png\" class=\"attachment-thumbnail size-thumbnail\" alt=\"\" aria-describedby=\"gallery-1-2672\" \/><\/a>\n\t\t\t<\/dt>\n\t\t\t\t<dd class='wp-caption-text gallery-caption' id='gallery-1-2672'>\n\t\t\t\tAK Parti Grup Ba\u015fkan\u0131vekili \u00d6zlem Zengin, \u0130stanbul B\u00fcy\u00fck\u015fehir Belediyesi\u2019ne (\u0130BB) y\u00f6nelik da\u011f\u0131t\u0131lan yolsuzluk ve r\u00fc\u015fvet soru\u015fturmas\u0131na ili\u015fkin dikkat a\u00e7\u0131klama a\u00e7\u0131klamalarda yer ald\u0131. TBMM Genel Kurulu\u2019nda yapt\u0131\u011f\u0131 konu\u015fmada, s\u00fcrecin h\u0131zland\u0131r\u0131lmas\u0131 s\u00fcrecini vurgulayan Zengin, kamuoyunda dola\u015fan \u00e7ok say\u0131da iddia nedeniyle iddianamenin bir an \u00f6nce haz\u0131rlanmas\u0131 gerekti\u011fini ifade etti. \u0130kinci Dalga Operasyon Geni\u015fliyor: 30 \u015e\u00fcpheli Tutuklama Talebiyle Mahkemeye Sevk Edildi Soru\u015fturma kapsam\u0131nda d\u00fczenlenen ikinci dalga operasyon sonras\u0131nda kaybedilen 48 \u015f\u00fcpheliden 18\u2019i adli kontrol \u015fart\u0131yla serbest b\u0131rak\u0131l\u0131rken, 30 ki\u015filik grup talebiyle mahkemeye sevk edildi. Soru\u015fturman\u0131n merkezi \u0130stanbul B\u00fcy\u00fck\u015fehir Belediyesi ve i\u015ftirakleri mevcutken, kamu faaliyetinin faaliyet y\u00f6n\u00fcndeki iddialar tart\u0131\u015fmalar\u0131n oda\u011f\u0131na yerle\u015fmi\u015f durumda. \u201cKumbaradan Para, K\u00fcpeden \u0130ddia\u201d \u2013 Sembol Haline Gelen Detaylar \u00d6zlem Zengin, konu\u015fmas\u0131nda \u00f6zellikle dikkat ederek baz\u0131 ayr\u0131nt\u0131lara da de\u011findi. Soru\u015fturma kapsam\u0131ndaki sorun gelen bir k\u0131z \u00e7ocu\u011funun kula\u011f\u0131ndaki k\u00fcpeyle ilgili bir \u015fey varsa, bunun sonuna kadar gideriz\u201d diyerek ciddiyetini art\u0131rd\u0131. Ancak s\u00f6z konusu ifadenin tutanaklarda do\u011frudan ge\u00e7medi\u011fini de belirten Zengin, bu t\u00fcrik ayr\u0131nt\u0131lar\u0131n kamuoyunda fazla b\u00fcy\u00fct\u00fcld\u00fc\u011f\u00fc ve dosyaya ili\u015fkin somut belgelerin ortaya konmadan kesin h\u00fck\u00fcm verilmemesi ifade etti. \u201c\u0130ddianame Olmadan Konu\u015fulanlar Tahminden \u0130baret\u201d AK Parti\u2019li Zengin, soru\u015fturma soru\u015fturmas\u0131n\u0131n i\u00e7eri\u011fine ili\u015fkin t\u00fcm d\u00fcnya \u00e7ap\u0131ndaki bilgilere sahip oldu\u011fu belirtildi, s\u00fcre\u00e7teki \u015feffaf bir \u015fekilde ilerlemesi ad\u0131na iddianamenin bir an \u00f6nce yaz\u0131lmas\u0131 kayd\u0131nda bulundu: \u201cBunun sa\u011fland\u0131\u011f\u0131ndan, siz de bilmiyorsunuz. \u0130mamo\u011flu\u2019na \u201cCumhurba\u015fkan\u0131 Aday\u0131\u201d Denmesine Tepki: \u201cBu Hukuki Bir Stat\u00fcd\u00fcr\u201d Konu\u015fman\u0131n ilerleyen b\u00f6l\u00fcm\u00fcnde, \u0130stanbul B\u00fcy\u00fck\u015fehir Belediye Ba\u015fkan\u0131 Ekrem \u0130mamo\u011flu\u2019nun \u201cCumhurba\u015fkan\u0131 aday\u0131\u201d olarak desteklenmesine de tepki g\u00f6steren Zengin, bu tan\u0131mlaman\u0131n hukuki bir anlam\u0131 ta\u015f\u0131d\u0131\u011f\u0131na dikkat \u00e7ekti. \u201cCumhurba\u015fkan\u0131 adayl\u0131\u011f\u0131 bir unvand\u0131r ve ancak YSK taraf\u0131ndan prosed\u00fcrlerle resmiyet kazan\u0131r. \u015eu an kimse resmi olarak cumhurba\u015fkan\u0131 aday\u0131 de\u011fildir\u201d dedi. Zengin, CHP\u2019nin daha \u00f6nce sahneye \u00e7\u0131kard\u0131\u011f\u0131 baz\u0131 isimleri \u201ccumhurba\u015fkan\u0131 yard\u0131mc\u0131s\u0131\u201d olarak tan\u0131tmas\u0131n\u0131 da hat\u0131rlatarak, \u201cBu t\u00fcr ifadelerle kamuoyunda yan\u0131lt\u0131c\u0131 alg\u0131lar olu\u015fturuluyor\u201d ele\u015ftirisinde bulundu.\n\n\n\t\t\t\t<\/dd><\/dl>\n\t\t\t<br style='clear: both' \/>\n\t\t<\/div>\n\n","protected":false},"excerpt":{"rendered":"","protected":false},"author":1,"featured_media":2671,"comment_status":"open","ping_status":"open","sticky":false,"template":"","format":"standard","meta":{"footnotes":""},"categories":[9],"tags":[],"class_list":["post-2670","post","type-post","status-publish","format-standard","has-post-thumbnail","hentry","category-foto-galeri"],"_links":{"self":[{"href":"https:\/\/bilgitarif.com\/yeni\/wp-json\/wp\/v2\/posts\/2670","targetHints":{"allow":["GET"]}}],"collection":[{"href":"https:\/\/bilgitarif.com\/yeni\/wp-json\/wp\/v2\/posts"}],"about":[{"href":"https:\/\/bilgitarif.com\/yeni\/wp-json\/wp\/v2\/types\/post"}],"author":[{"embeddable":true,"href":"https:\/\/bilgitarif.com\/yeni\/wp-json\/wp\/v2\/users\/1"}],"replies":[{"embeddable":true,"href":"https:\/\/bilgitarif.com\/yeni\/wp-json\/wp\/v2\/comments?post=2670"}],"version-history":[{"count":1,"href":"https:\/\/bilgitarif.com\/yeni\/wp-json\/wp\/v2\/posts\/2670\/revisions"}],"predecessor-version":[{"id":2673,"href":"https:\/\/bilgitarif.com\/yeni\/wp-json\/wp\/v2\/posts\/2670\/revisions\/2673"}],"wp:featuredmedia":[{"embeddable":true,"href":"https:\/\/bilgitarif.com\/yeni\/wp-json\/wp\/v2\/media\/2671"}],"wp:attachment":[{"href":"https:\/\/bilgitarif.com\/yeni\/wp-json\/wp\/v2\/media?parent=2670"}],"wp:term":[{"taxonomy":"category","embeddable":true,"href":"https:\/\/bilgitarif.com\/yeni\/wp-json\/wp\/v2\/categories?post=2670"},{"taxonomy":"post_tag","embeddable":true,"href":"https:\/\/bilgitarif.com\/yeni\/wp-json\/wp\/v2\/tags?post=2670"}],"curies":[{"name":"wp","href":"https:\/\/api.w.org\/{rel}","templated":true}]}}