{"id":2471,"date":"2025-05-05T08:52:16","date_gmt":"2025-05-05T08:52:16","guid":{"rendered":"https:\/\/bilgitarif.com\/yeni\/?p=2471"},"modified":"2025-05-05T08:52:16","modified_gmt":"2025-05-05T08:52:16","slug":"hayatimin-en-buyuk-dersi","status":"publish","type":"post","link":"https:\/\/bilgitarif.com\/yeni\/hayatimin-en-buyuk-dersi\/","title":{"rendered":"Hayat\u0131m\u0131n en b\u00fcy\u00fck dersi"},"content":{"rendered":"\n\t\t<style type=\"text\/css\">\n\t\t\t#gallery-1 {\n\t\t\t\tmargin: auto;\n\t\t\t}\n\t\t\t#gallery-1 .gallery-item {\n\t\t\t\tfloat: left;\n\t\t\t\tmargin-top: 10px;\n\t\t\t\ttext-align: center;\n\t\t\t\twidth: 33%;\n\t\t\t}\n\t\t\t#gallery-1 img {\n\t\t\t\tborder: 2px solid #cfcfcf;\n\t\t\t}\n\t\t\t#gallery-1 .gallery-caption {\n\t\t\t\tmargin-left: 0;\n\t\t\t}\n\t\t\t\/* see gallery_shortcode() in wp-includes\/media.php *\/\n\t\t<\/style>\n\t\t<div id='gallery-1' class='gallery galleryid-2471 gallery-columns-3 gallery-size-thumbnail'><dl class='gallery-item'>\n\t\t\t<dt class='gallery-icon landscape'>\n\t\t\t\t<a href='https:\/\/bilgitarif.com\/yeni\/hayatimin-en-buyuk-dersi\/fd-2-11\/'><img loading=\"lazy\" decoding=\"async\" width=\"150\" height=\"150\" src=\"https:\/\/bilgitarif.com\/yeni\/wp-content\/uploads\/2025\/05\/fd-2-1-150x150.webp\" class=\"attachment-thumbnail size-thumbnail\" alt=\"\" aria-describedby=\"gallery-1-2472\" \/><\/a>\n\t\t\t<\/dt>\n\t\t\t\t<dd class='wp-caption-text gallery-caption' id='gallery-1-2472'>\n\t\t\t\tKimse beni sevmedi, e\u015fim bile beni sevmedi, ilgilenmedi hep yaln\u0131z b\u0131rakt\u0131, ailem bana hep sabret e\u015finden dert yanma bize dediler. E\u015fimin g\u00f6z\u00fcne girebilmek i\u00e7in her gun istedi\u011fi yemekleri yapardim, s\u00fcslenirdim onunla sohbet etmeye \u00e7al\u0131\u015f\u0131rd\u0131m ama beni hi\u00e7 g\u00f6z\u00fc g\u00f6rmedi, arkada\u015flar\u0131na bile benden daha \u00e7ok de\u011fer verdi. Bir g\u00fcn eskiden tan\u0131d\u0131\u011f\u0131m biriyle kar\u015f\u0131la\u015ft\u0131m, hi\u00e7 iyi g\u00f6r\u00fcnm\u00fcyorsun neyin var dedi, iyiyim bile\u015feyim yok desem de inanmad\u0131, gel seninle biyere gidelim sana da \u00e7ok iyi gelecek inan bana dedi, biraz tedirgin oldum ama \u00e7okta bunalm\u0131\u015ft\u0131m, derdimi ailem bile dinlemiyordu birisiyle dertle\u015fmem laz\u0131md\u0131 art\u0131k hi\u00e7 birsey d\u00fc\u015f\u00fcnemez olmu\u015ftum. Tamam gidelim dedim, yol \u00e7ok uzun s\u00fcrd\u00fc, nereye gidiyoruz dedim, \u201d merak etme az kald\u0131 sabret birazdaha \u201d dedi\u2026. 15 dakika falan daha gittikten sonra birden bire durdu ve bana \u015fimdi g\u00f6z\u00fcn\u00fc kapat dedi, noluyor dedim, sen kapat hemen dedi, kapatt\u0131m ama \u00e7ok korkuyordum bilac dakika daha gittikten sonra \u015fimdi a\u00e7 g\u00f6zlerini dedi.\n\t\t\t\t<\/dd><\/dl><dl class='gallery-item'>\n\t\t\t<dt class='gallery-icon landscape'>\n\t\t\t\t<a href='https:\/\/bilgitarif.com\/yeni\/hayatimin-en-buyuk-dersi\/ders\/'><img loading=\"lazy\" decoding=\"async\" width=\"150\" height=\"150\" src=\"https:\/\/bilgitarif.com\/yeni\/wp-content\/uploads\/2025\/05\/ders-150x150.jpg\" class=\"attachment-thumbnail size-thumbnail\" alt=\"\" aria-describedby=\"gallery-1-2473\" \/><\/a>\n\t\t\t<\/dt>\n\t\t\t\t<dd class='wp-caption-text gallery-caption' id='gallery-1-2473'>\n\t\t\t\t\u2026G\u00f6zlerimi a\u00e7t\u0131\u011f\u0131mda hi\u00e7 beklemedi\u011fim bir manzara g\u00f6rd\u00fcm. \u015eehrin g\u00fcr\u00fclt\u00fcs\u00fcnden, insanlar\u0131n yarg\u0131layan bak\u0131\u015flar\u0131ndan uzak, do\u011fayla i\u00e7 i\u00e7e, yemye\u015fil bir alandayd\u0131k. Ku\u015f sesleri vard\u0131, hafif bir r\u00fczgar esiyordu, ve g\u00fcne\u015f \u0131\u015f\u0131\u011f\u0131 yapraklar\u0131n aras\u0131ndan s\u00fcz\u00fcl\u00fcyordu. \u201cBuras\u0131 benim ka\u00e7\u0131\u015f yerim,\u201d dedi o ki\u015fi, \u201csadece nefes almak i\u00e7in gelirim buraya\u2026 \u015fimdi senin de b\u00f6yle bir yere ihtiyac\u0131n var.\u201d O an ilk defa i\u00e7imde biraz olsun bir rahatlama hissettim. Sanki i\u00e7imde bir d\u00fc\u011f\u00fcm \u00e7\u00f6z\u00fcl\u00fcyordu. Sessizce oturduk birlikte. Konu\u015fmad\u0131k bile. Ama o sessizlik, bana duyulmad\u0131\u011f\u0131m bunca zaman\u0131n ac\u0131s\u0131n\u0131 yava\u015f yava\u015f hafifletmeye ba\u015flad\u0131. Bana d\u00f6n\u00fcp, \u201cSeninle konu\u015fmak istiyorum, ama \u00f6nce sadece burada biraz kalal\u0131m, olur mu?\u201d dedi. O an fark ettim; birinin beni anlamaya \u00e7al\u0131\u015fmas\u0131, yarg\u0131lamadan sadece yan\u0131mda olmas\u0131 bile ne kadar de\u011ferliymi\u015f.\n\nO g\u00fcn orada, do\u011fan\u0131n ortas\u0131nda, hi\u00e7bir \u015fey s\u00f6ylemeden sadece oturduk. \u0130\u00e7imdeki f\u0131rt\u0131nalar dinmese de, en az\u0131ndan ilk kez biri \u201cyan\u0131nday\u0131m\u201d demi\u015fti. Uzun zamand\u0131r kimse ger\u00e7ekten yan\u0131mda olmam\u0131\u015ft\u0131. Ne e\u015fim, ne ailem, ne arkada\u015flar\u0131m\u2026 Sanki herkes benden bir \u015fey bekliyor ama kimse ne hissetti\u011fimi, neye ihtiya\u00e7 duydu\u011fumu sormuyordu. O ki\u015fi \u2013 ad\u0131n\u0131 bile hat\u0131rlamakta zorlan\u0131yordum \u00e7\u00fcnk\u00fc y\u0131llar olmu\u015ftu \u2013 g\u00f6zlerimin i\u00e7ine bakt\u0131 ve \u015f\u00f6yle dedi: \u201cBazen insan\u0131n hayat\u0131nda, hi\u00e7 beklemedi\u011fi bir anda, hi\u00e7 beklemedi\u011fi biri gelir ve sadece elini tutar. Bu kimseye zarar vermek i\u00e7in de\u011fildir. Bu, senin yeniden kendini hat\u0131rlaman i\u00e7indir.\u201d O s\u00f6zler beni o kadar derinden sarst\u0131 ki, birden g\u00f6zlerim doldu. Uzun zamand\u0131r a\u011flayamam\u0131\u015ft\u0131m bile. \u0130\u00e7imde biriken t\u00fcm duygular orada, o anda d\u00f6k\u00fcld\u00fc. Saatlerce konu\u015fmadan sadece a\u011flad\u0131m. O ise hi\u00e7 konu\u015fmadan yan\u0131mda kald\u0131. Ne sorgulad\u0131, ne yarg\u0131lad\u0131.\n\nO g\u00fcn bana kimsenin yapmad\u0131\u011f\u0131 bir iyilik yapt\u0131: beni dinledi. O g\u00fcnden sonra hayat\u0131m de\u011fi\u015fmedi belki hemen. Eve d\u00f6nd\u00fcm yine, e\u015fimin ilgisizli\u011fiyle, ailemin duyars\u0131zl\u0131\u011f\u0131yla kar\u015f\u0131la\u015ft\u0131m. Ama bir fark vard\u0131: Art\u0131k ben kendimi g\u00f6rmeye ba\u015flam\u0131\u015ft\u0131m. O do\u011fada ge\u00e7en bir saat, bana kim oldu\u011fumu, ne kadar yoruldu\u011fumu, asl\u0131nda ne kadar g\u00fc\u00e7l\u00fc oldu\u011fumu hat\u0131rlatm\u0131\u015ft\u0131. Art\u0131k her g\u00fcn kendime k\u00fc\u00e7\u00fck bir zaman ay\u0131rmaya ba\u015flad\u0131m. Geceleri herkesten sonra uyan\u0131k kal\u0131p g\u00fcnl\u00fc\u011f\u00fcme yazd\u0131m. Aynada kendime bak\u0131p \u201csen de\u011ferlisin\u201d dedim. Belki k\u00fc\u00e7\u00fck ad\u0131mlard\u0131 ama bana aitlerdi.\n\nO ki\u015fiyle arkada\u015f kald\u0131k. Ama hayat\u0131mda yeni bir ba\u011f kurmaktan ziyade, onunla kurdu\u011fum \u015fey asl\u0131nda kendimle yeniden kurdu\u011fum ba\u011fd\u0131. Aylar sonra bir g\u00fcn, e\u015fim yine beni yok sayarken, ben ona art\u0131k sessiz kalmad\u0131m. A\u011flamadan, ba\u011f\u0131rmadan ama kendimden emin \u015fekilde konu\u015ftum: \u201cBen y\u0131llard\u0131r seni memnun etmek i\u00e7in \u00e7abalad\u0131m. Ama fark ettim ki, ben bunu yaparken kendimi yok ettim. Art\u0131k yok olmak istemiyorum. Hayatta herkesin sevgiye, sayg\u0131ya, ilgiye hakk\u0131 var. Ben de buna lay\u0131\u011f\u0131m.\u201d O \u015fa\u015f\u0131rd\u0131. \u00c7\u00fcnk\u00fc beni hi\u00e7 b\u00f6yle g\u00f6rmemi\u015fti. Al\u0131\u015ft\u0131\u011f\u0131 \u015fey itaat eden, sessiz kalan, hep veren bir kad\u0131nd\u0131. Ama \u015fimdi kar\u015f\u0131s\u0131nda dimdik duran bir kad\u0131n vard\u0131.\n\nO an belki ilk kez beni ger\u00e7ekten fark etti. Ama fark etse de etmeseydi de \u00f6nemli olan art\u0131k benim kendimi fark etmemdi. Zamanla e\u015fim de\u011fi\u015fmeye \u00e7al\u0131\u015ft\u0131. Belki biraz ge\u00e7 oldu, belki h\u00e2l\u00e2 eksikti. Ama ben art\u0131k hayat\u0131m\u0131 sadece birinin g\u00f6z\u00fcnde iyi g\u00f6r\u00fcnmek i\u00e7in ya\u015famamaya kararl\u0131yd\u0131m. Kendimi sevdik\u00e7e, \u00e7evrem de buna g\u00f6re \u015fekillenmeye ba\u015flad\u0131. Ve y\u0131llar sonra bir g\u00fcn, o do\u011fada oturdu\u011fumuz yere tek ba\u015f\u0131ma tekrar gittim. Ayn\u0131 a\u011fac\u0131n alt\u0131na oturdum. Elime g\u00fcnl\u00fc\u011f\u00fcm\u00fc ald\u0131m ve \u015funu yazd\u0131m: \u201cBir zamanlar sadece sevilmek istiyordum. \u015eimdi, kendimi sevmenin ne kadar k\u0131ymetli oldu\u011funu \u00f6\u011frendim. Art\u0131k beni g\u00f6rmeyenlerden de\u011fil, beni anlayanlardan yanay\u0131m. Ama en \u00f6nemlisi, ben kendimden yanay\u0131m.\u201d\n\nAyn\u0131 a\u011fac\u0131n alt\u0131nda otururken g\u00f6l kenar\u0131na do\u011fru y\u00fcr\u00fcd\u00fcm. Suya bakt\u0131m\u2026 Dalgalar hafif\u00e7e k\u0131y\u0131ya vuruyordu. Y\u00fczeyde kendi yans\u0131mam\u0131 g\u00f6rd\u00fcm. O yans\u0131ma bir zamanlar kaybolmu\u015f, yorulmu\u015f, sevgiyi hak etmedi\u011fini sanan bir kad\u0131na aitti. Ama art\u0131k kar\u015f\u0131mdaki kad\u0131n g\u00fc\u00e7l\u00fcyd\u00fc. G\u00f6zlerinde h\u00fcz\u00fcn h\u00e2l\u00e2 vard\u0131 belki, ama art\u0131k korkudan de\u011fil; ya\u015fanm\u0131\u015fl\u0131klardan gelen bir bilgelikti o. Hayat\u0131mda ilk kez kendi yans\u0131mamla bar\u0131\u015fm\u0131\u015ft\u0131m. Zamanla \u00e7evrem de\u011fi\u015fti. \u0130\u00e7imdeki \u0131\u015f\u0131\u011f\u0131 fark eden insanlar girmeye ba\u015flad\u0131 hayat\u0131ma. Eski arkada\u015flar yava\u015f yava\u015f uzakla\u015ft\u0131, \u00e7\u00fcnk\u00fc ben art\u0131k susan, hep veren biri de\u011fildim. Kendi s\u0131n\u0131rlar\u0131m\u0131 \u00e7izmi\u015ftim. Bu herkese iyi gelmedi, ama bana iyi geldi.\n\nBir g\u00fcn kad\u0131nlara \u00f6zel bir etkinli\u011fe davet edildim. Konusu \u201cKendini Yeniden \u0130n\u015fa Etmek\u201dti. Ba\u015fta gitmek istemedim. Ne anlataca\u011f\u0131m ki, dedim. Ama sonra i\u00e7imden bir ses \u201cSenin hik\u00e2yen belki birine \u0131\u015f\u0131k olur\u201d dedi. Etkinlikte mikrofona ge\u00e7tim, elim titriyordu. Ama sonra g\u00f6z\u00fcm bir kad\u0131na tak\u0131ld\u0131. G\u00f6zleri benim eski halim gibi doluydu. \u0130\u015fte o an konu\u015fmaya ba\u015flad\u0131m. \u201cBen bir zamanlar sadece sevilmek isteyen bir kad\u0131nd\u0131m. Birinin ilgisi, birinin bak\u0131\u015f\u0131 i\u00e7in kendimi yava\u015f yava\u015f silmi\u015fim. Ama en sonunda, bir sessizlikte, bir do\u011fa k\u00f6\u015fesinde yeniden kendime rastlad\u0131m. O g\u00fcnden beri \u015funu \u00f6\u011frendim: Kendimizi sevmeden, kimse bizi tam anlam\u0131yla sevemez. De\u011ferimizi \u00f6nce biz bilmeliyiz.\u201d Konu\u015fmamdan sonra bir\u00e7ok kad\u0131n yan\u0131ma geldi. Kimisi sar\u0131ld\u0131, kimisi a\u011flad\u0131. \u201cBenim de hik\u00e2yem seninki gibi\u201d diyenler oldu. \u0130\u015fte o g\u00fcn, ya\u015fad\u0131\u011f\u0131m her \u015feyin bo\u015funa olmad\u0131\u011f\u0131n\u0131 anlad\u0131m. Ben sadece kendimi iyile\u015ftirmemi\u015ftim, ba\u015fkalar\u0131na da umut olmu\u015ftum. O ilk beni do\u011faya g\u00f6t\u00fcren ki\u015fiyle h\u00e2l\u00e2 arada g\u00f6r\u00fc\u015f\u00fcyorduk.\n\nBeni o g\u00fcn susturmadan dinleyen, o g\u00fcnde sadece yan\u0131nda olmam yeten ki\u015fiye \u015f\u00f6yle dedim bir g\u00fcn: \u201cSen beni kurtarmad\u0131n. Ama bana kendi kurtulu\u015fumu hat\u0131rlatt\u0131n. As\u0131l kahraman yine benmi\u015fim. Te\u015fekk\u00fcr ederim, aynay\u0131 tuttu\u011fun i\u00e7in.\u201d\n\nHik\u00e2yenin Sonu De\u011fil Bu bir son de\u011fil, yeni bir ba\u015flang\u0131c\u0131n \u00f6yk\u00fcs\u00fcyd\u00fc. \u00c7\u00fcnk\u00fc her kad\u0131n, i\u00e7inde yeniden aya\u011fa kalkacak g\u00fcce sahiptir. Belki d\u00fc\u015fer, belki a\u011flar, belki kimse onu anlamaz ama\u2026 bir g\u00fcn kendi sesini duyar ve o sesle yeniden do\u011far. Sen de o kad\u0131n\u0131n birisin. \u00c7\u00fcnk\u00fc bu sat\u0131rlar\u0131 okuyorsan, i\u00e7inde h\u00e2l\u00e2 bir \u015feyler i\u00e7in umut ta\u015f\u0131yorsun. Ve bu umut, en g\u00fczel yolculuklar\u0131n kap\u0131s\u0131n\u0131\u2026. Okuyan herkese te\u015fekk\u00fcr ederim\u2026 Al\u0131nt\u0131d\u0131r..\n\n\n\t\t\t\t<\/dd><\/dl>\n\t\t\t<br style='clear: both' \/>\n\t\t<\/div>\n\n","protected":false},"excerpt":{"rendered":"","protected":false},"author":1,"featured_media":2472,"comment_status":"open","ping_status":"open","sticky":false,"template":"","format":"standard","meta":{"footnotes":""},"categories":[9],"tags":[],"class_list":["post-2471","post","type-post","status-publish","format-standard","has-post-thumbnail","hentry","category-foto-galeri"],"_links":{"self":[{"href":"https:\/\/bilgitarif.com\/yeni\/wp-json\/wp\/v2\/posts\/2471","targetHints":{"allow":["GET"]}}],"collection":[{"href":"https:\/\/bilgitarif.com\/yeni\/wp-json\/wp\/v2\/posts"}],"about":[{"href":"https:\/\/bilgitarif.com\/yeni\/wp-json\/wp\/v2\/types\/post"}],"author":[{"embeddable":true,"href":"https:\/\/bilgitarif.com\/yeni\/wp-json\/wp\/v2\/users\/1"}],"replies":[{"embeddable":true,"href":"https:\/\/bilgitarif.com\/yeni\/wp-json\/wp\/v2\/comments?post=2471"}],"version-history":[{"count":1,"href":"https:\/\/bilgitarif.com\/yeni\/wp-json\/wp\/v2\/posts\/2471\/revisions"}],"predecessor-version":[{"id":2474,"href":"https:\/\/bilgitarif.com\/yeni\/wp-json\/wp\/v2\/posts\/2471\/revisions\/2474"}],"wp:featuredmedia":[{"embeddable":true,"href":"https:\/\/bilgitarif.com\/yeni\/wp-json\/wp\/v2\/media\/2472"}],"wp:attachment":[{"href":"https:\/\/bilgitarif.com\/yeni\/wp-json\/wp\/v2\/media?parent=2471"}],"wp:term":[{"taxonomy":"category","embeddable":true,"href":"https:\/\/bilgitarif.com\/yeni\/wp-json\/wp\/v2\/categories?post=2471"},{"taxonomy":"post_tag","embeddable":true,"href":"https:\/\/bilgitarif.com\/yeni\/wp-json\/wp\/v2\/tags?post=2471"}],"curies":[{"name":"wp","href":"https:\/\/api.w.org\/{rel}","templated":true}]}}