{"id":2455,"date":"2025-05-02T19:57:41","date_gmt":"2025-05-02T19:57:41","guid":{"rendered":"https:\/\/bilgitarif.com\/yeni\/?p=2455"},"modified":"2025-05-02T19:57:41","modified_gmt":"2025-05-02T19:57:41","slug":"aymden-karar","status":"publish","type":"post","link":"https:\/\/bilgitarif.com\/yeni\/aymden-karar\/","title":{"rendered":"Aym&#8217;den Karar"},"content":{"rendered":"\n\t\t<style type=\"text\/css\">\n\t\t\t#gallery-1 {\n\t\t\t\tmargin: auto;\n\t\t\t}\n\t\t\t#gallery-1 .gallery-item {\n\t\t\t\tfloat: left;\n\t\t\t\tmargin-top: 10px;\n\t\t\t\ttext-align: center;\n\t\t\t\twidth: 33%;\n\t\t\t}\n\t\t\t#gallery-1 img {\n\t\t\t\tborder: 2px solid #cfcfcf;\n\t\t\t}\n\t\t\t#gallery-1 .gallery-caption {\n\t\t\t\tmargin-left: 0;\n\t\t\t}\n\t\t\t\/* see gallery_shortcode() in wp-includes\/media.php *\/\n\t\t<\/style>\n\t\t<div id='gallery-1' class='gallery galleryid-2455 gallery-columns-3 gallery-size-thumbnail'><dl class='gallery-item'>\n\t\t\t<dt class='gallery-icon landscape'>\n\t\t\t\t<a href='https:\/\/bilgitarif.com\/yeni\/aymden-karar\/fd-2-10\/'><img loading=\"lazy\" decoding=\"async\" width=\"150\" height=\"150\" src=\"https:\/\/bilgitarif.com\/yeni\/wp-content\/uploads\/2025\/05\/fd-2-150x150.webp\" class=\"attachment-thumbnail size-thumbnail\" alt=\"\" aria-describedby=\"gallery-1-2456\" \/><\/a>\n\t\t\t<\/dt>\n\t\t\t\t<dd class='wp-caption-text gallery-caption' id='gallery-1-2456'>\n\t\t\t\tCumhurba\u015fkanl\u0131\u011f\u0131&#8217;n\u0131n o yetkileri anayasa gerek\u00e7esiyle s\u0131n\u0131rland\u0131r\u0131ld\u0131!\nCumhurba\u015fkanl\u0131\u011f\u0131&#8217;n\u0131n o yetkileri s\u0131n\u0131rland\u0131r\u0131ld\u0131. Karar, Resmi Gazete\u2019de yay\u0131mland\u0131.\n\n\n\t\t\t\t<\/dd><\/dl><dl class='gallery-item'>\n\t\t\t<dt class='gallery-icon landscape'>\n\t\t\t\t<a href='https:\/\/bilgitarif.com\/yeni\/aymden-karar\/aym\/'><img loading=\"lazy\" decoding=\"async\" width=\"150\" height=\"150\" src=\"https:\/\/bilgitarif.com\/yeni\/wp-content\/uploads\/2025\/05\/aym-150x150.jpg\" class=\"attachment-thumbnail size-thumbnail\" alt=\"\" aria-describedby=\"gallery-1-2457\" \/><\/a>\n\t\t\t<\/dt>\n\t\t\t\t<dd class='wp-caption-text gallery-caption' id='gallery-1-2457'>\n\t\t\t\tCumhurba\u015fkan\u0131na, astsubay meslek y\u00fcksekokullar\u0131nda g\u00f6rev yapacak yabanc\u0131 uyruklu \u00f6\u011fretim g\u00f6revlilerinin alacaklar\u0131 \u00f6demeleri belirleme yetkisi veren d\u00fczenleme, Anayasa Mahkemesi taraf\u0131ndan iptal edildi.\n\n2021&#8217;de CHP milletvekillerinin ba\u015fvurusu \u00fczerine Anayasa Mahkemesi g\u00fcndemine al\u0131nan &#8220;T\u00fcrk Silahl\u0131 Kuvvetleri Personel Kanunu ile Baz\u0131 Kanunlarda De\u011fi\u015fiklik Yap\u0131lmas\u0131 Hakk\u0131nda Kanun&#8221;un baz\u0131 maddeleri, Anayasa&#8217;ya ayk\u0131r\u0131 bulunarak iptal edildi. Karar, 2026 y\u0131l\u0131n\u0131n ba\u015flar\u0131nda, Resmi Gazete\u2019de yay\u0131mland\u0131ktan 9 ay sonra y\u00fcr\u00fcrl\u00fc\u011fe girecek.\n\nAnayasa Mahkemesi&#8217;nin karar\u0131na g\u00f6re, yabanc\u0131 uyruklu \u00f6\u011fretim g\u00f6revlilerine yap\u0131lacak \u00f6deme miktar\u0131n\u0131n Cumhurba\u015fkan\u0131 taraf\u0131ndan belirlenmesini \u00f6ng\u00f6ren d\u00fczenleme, kanunla a\u00e7\u0131k\u00e7a belirtilmeyen bir yetkinin y\u00fcr\u00fctme organ\u0131na devredilmesi anlam\u0131na geliyor ve bu durum Anayasa&#8217;n\u0131n s\u0131n\u0131rlar\u0131n\u0131 zorluyor.\n\n\n\t\t\t\t<\/dd><\/dl>\n\t\t\t<br style='clear: both' \/>\n\t\t<\/div>\n\n","protected":false},"excerpt":{"rendered":"","protected":false},"author":1,"featured_media":2456,"comment_status":"open","ping_status":"open","sticky":false,"template":"","format":"standard","meta":{"footnotes":""},"categories":[9],"tags":[],"class_list":["post-2455","post","type-post","status-publish","format-standard","has-post-thumbnail","hentry","category-foto-galeri"],"_links":{"self":[{"href":"https:\/\/bilgitarif.com\/yeni\/wp-json\/wp\/v2\/posts\/2455","targetHints":{"allow":["GET"]}}],"collection":[{"href":"https:\/\/bilgitarif.com\/yeni\/wp-json\/wp\/v2\/posts"}],"about":[{"href":"https:\/\/bilgitarif.com\/yeni\/wp-json\/wp\/v2\/types\/post"}],"author":[{"embeddable":true,"href":"https:\/\/bilgitarif.com\/yeni\/wp-json\/wp\/v2\/users\/1"}],"replies":[{"embeddable":true,"href":"https:\/\/bilgitarif.com\/yeni\/wp-json\/wp\/v2\/comments?post=2455"}],"version-history":[{"count":1,"href":"https:\/\/bilgitarif.com\/yeni\/wp-json\/wp\/v2\/posts\/2455\/revisions"}],"predecessor-version":[{"id":2458,"href":"https:\/\/bilgitarif.com\/yeni\/wp-json\/wp\/v2\/posts\/2455\/revisions\/2458"}],"wp:featuredmedia":[{"embeddable":true,"href":"https:\/\/bilgitarif.com\/yeni\/wp-json\/wp\/v2\/media\/2456"}],"wp:attachment":[{"href":"https:\/\/bilgitarif.com\/yeni\/wp-json\/wp\/v2\/media?parent=2455"}],"wp:term":[{"taxonomy":"category","embeddable":true,"href":"https:\/\/bilgitarif.com\/yeni\/wp-json\/wp\/v2\/categories?post=2455"},{"taxonomy":"post_tag","embeddable":true,"href":"https:\/\/bilgitarif.com\/yeni\/wp-json\/wp\/v2\/tags?post=2455"}],"curies":[{"name":"wp","href":"https:\/\/api.w.org\/{rel}","templated":true}]}}