{"id":2223,"date":"2025-04-19T08:55:03","date_gmt":"2025-04-19T08:55:03","guid":{"rendered":"https:\/\/bilgitarif.com\/yeni\/?p=2223"},"modified":"2025-04-19T08:55:03","modified_gmt":"2025-04-19T08:55:03","slug":"hersey-kaynanam","status":"publish","type":"post","link":"https:\/\/bilgitarif.com\/yeni\/hersey-kaynanam\/","title":{"rendered":"Her\u015fey Kaynanam"},"content":{"rendered":"\n\t\t<style type=\"text\/css\">\n\t\t\t#gallery-1 {\n\t\t\t\tmargin: auto;\n\t\t\t}\n\t\t\t#gallery-1 .gallery-item {\n\t\t\t\tfloat: left;\n\t\t\t\tmargin-top: 10px;\n\t\t\t\ttext-align: center;\n\t\t\t\twidth: 33%;\n\t\t\t}\n\t\t\t#gallery-1 img {\n\t\t\t\tborder: 2px solid #cfcfcf;\n\t\t\t}\n\t\t\t#gallery-1 .gallery-caption {\n\t\t\t\tmargin-left: 0;\n\t\t\t}\n\t\t\t\/* see gallery_shortcode() in wp-includes\/media.php *\/\n\t\t<\/style>\n\t\t<div id='gallery-1' class='gallery galleryid-2223 gallery-columns-3 gallery-size-thumbnail'><dl class='gallery-item'>\n\t\t\t<dt class='gallery-icon landscape'>\n\t\t\t\t<a href='https:\/\/bilgitarif.com\/yeni\/hersey-kaynanam\/s-2-15\/'><img loading=\"lazy\" decoding=\"async\" width=\"150\" height=\"150\" src=\"https:\/\/bilgitarif.com\/yeni\/wp-content\/uploads\/2025\/04\/s-2-6-150x150.jpg\" class=\"attachment-thumbnail size-thumbnail\" alt=\"\" aria-describedby=\"gallery-1-2224\" \/><\/a>\n\t\t\t<\/dt>\n\t\t\t\t<dd class='wp-caption-text gallery-caption' id='gallery-1-2224'>\n\t\t\t\tBen bekar bir gencim, instagramdan tan\u0131\u015fm\u0131\u015ft\u0131k o k\u0131zla ni\u015fanland\u0131k, \u00e7ok iyi bir k\u0131zd\u0131 asl\u0131nda, her \u015fey normal gidiyordu, ben kendi evim de kal\u0131yordum, bir g\u00fcn kaynanam arad\u0131, e\u015fyalar\u0131n\u0131 da al bizim evde kal dedi yok desem de \u0131srar etti bende kabul ettim onlarla ya\u015famaya ba\u015flad\u0131m. Ni\u015fanl\u0131mla beni hi\u00e7 yaln\u0131z b\u0131rakm\u0131yordu her f\u0131rsatta benimle konu\u015fmaya \u00e7al\u0131\u015f\u0131yordu , e\u015fiyle aras\u0131ndaki sorunlar\u0131 anlat\u0131yordu, konu\u015fmak istemedi\u011fim konular\u0131 a\u00e7\u0131yordu yapma bana bunlar\u0131 anlatma desem de anlat\u0131yordu. evde kimse yokken yan\u0131ma geliyordu, ben bir bahaneyle evden \u00e7\u0131k\u0131yordum ama bir g\u00fcn benimde akl\u0131m iyice kar\u0131\u015fm\u0131\u015ft\u0131 sonu\u00e7ta bende erke\u011fim, g\u00fclerek beni odaya \u00e7a\u011f\u0131rd\u0131\u2026\n\t\t\t\t<\/dd><\/dl><dl class='gallery-item'>\n\t\t\t<dt class='gallery-icon portrait'>\n\t\t\t\t<a href='https:\/\/bilgitarif.com\/yeni\/hersey-kaynanam\/kayanna\/'><img loading=\"lazy\" decoding=\"async\" width=\"150\" height=\"150\" src=\"https:\/\/bilgitarif.com\/yeni\/wp-content\/uploads\/2025\/04\/kayanna-150x150.jpeg\" class=\"attachment-thumbnail size-thumbnail\" alt=\"\" aria-describedby=\"gallery-1-2225\" \/><\/a>\n\t\t\t<\/dt>\n\t\t\t\t<dd class='wp-caption-text gallery-caption' id='gallery-1-2225'>\n\t\t\t\tBen bekar bir gen\u00e7tim. Hayat\u0131m\u0131 kendi d\u00fczenimle ya\u015f\u0131yor, \u00e7al\u0131\u015f\u0131yor, planlar kuruyordum. Derken bir g\u00fcn Instagram\u2019da onunla tan\u0131\u015ft\u0131m. Profil foto\u011fraf\u0131 sade ama i\u00e7ten bir tebess\u00fcmle doluydu. \u0130lk mesaj\u0131 ben att\u0131m. Cevap geldi\u011finde nedense kalbim h\u0131zland\u0131. O g\u00fcnden sonra neredeyse her g\u00fcn konu\u015ftuk. G\u00fcl\u00fc\u015fmeler, s\u0131rlar, hayaller derken\u2026 bir anda kendimizi ni\u015fanl\u0131 bulduk.\n\nO \u00e7ok iyi bir k\u0131zd\u0131. Sessizdi ama derin. Ne zaman konu\u015fsak bir samimiyet dolard\u0131 i\u00e7ime. Ailesiyle ilk tan\u0131\u015ft\u0131\u011f\u0131mda biraz gergindim ama herkes s\u0131cak davrand\u0131. Derken g\u00fcnlerden bir g\u00fcn, kay\u0131nvalidem arad\u0131. \u201cArt\u0131k bizim evde kal, bizdensin,\u201d dedi. \u00d6nce \u00e7ekindim, \u201cBen kendi evimdeyim, b\u00f6yle iyiyiz,\u201d dedim ama \u0131srar etti. \u201cE\u015fyalar\u0131n\u0131 da al, buras\u0131 da senin evin art\u0131k,\u201d dedi. Onca \u0131srara dayanamayarak kabul ettim.\n\n\u0130lk g\u00fcnler her \u015fey normaldi. Yemek masas\u0131nda birlikte oturuyor, \u00e7aylar i\u00e7iliyor, g\u00fcl\u00fc\u015f\u00fcl\u00fcyordu. Fakat k\u0131sa s\u00fcre sonra baz\u0131 \u015feyler tuhaf gelmeye ba\u015flad\u0131. Kay\u0131nvalidem, f\u0131rsat\u0131n\u0131 buldu\u011fu her an benimle uzun uzun konu\u015fmaya ba\u015flad\u0131. E\u015fiyle olan problemlerini anlat\u0131yordu, \u201cSen \u00e7ok iyi bir adams\u0131n, b\u00f6ylelerini bulmak zor,\u201d diyordu. Ba\u015fta bunu bir anne yak\u0131nl\u0131\u011f\u0131na yordum. Ama davran\u0131\u015flar\u0131 giderek farkl\u0131 bir h\u00e2l ald\u0131.\n\nEvde ni\u015fanl\u0131mla do\u011fru d\u00fczg\u00fcn zaman ge\u00e7iremiyordum \u00e7\u00fcnk\u00fc annesi hep bizimleydi. Bazen \u201cBenimle biraz otursana\u201d deyip k\u0131z\u0131 ba\u015fka odaya g\u00f6nderiyordu. Geceleri ge\u00e7 saatlere kadar mutfakta \u00e7ay demliyor, \u201cGel bir \u015fey anlataca\u011f\u0131m\u201d diye beni yan\u0131na \u00e7a\u011f\u0131r\u0131yordu. \u0130\u00e7imde huzursuzluk b\u00fcy\u00fcmeye ba\u015flad\u0131.\n\nBir g\u00fcn evde kimse yoktu, sadece ikimiz vard\u0131k. Kitap okuyordum, sessizlik g\u00fczeldi ama sonra o geldi. Salona ad\u0131m\u0131n\u0131 att\u0131, \u00fczerindeki k\u0131yafet normaldi ama bak\u0131\u015flar\u0131 de\u011fi\u015fikti. \u201cBen \u00e7ay koydum, odada i\u00e7elim mi?\u201d dedi. Nazik bir \u015fekilde \u201cSalonda i\u00e7eriz,\u201d dedim. Hafif g\u00fcl\u00fcmsedi, ama o g\u00fcl\u00fcmsemenin i\u00e7inde bir davet vard\u0131. Odas\u0131na y\u00f6neldi.\n\nBen mutfa\u011fa gittim, su i\u00e7tim, aynaya bakt\u0131m. Kendi kendime dedim ki: \u201cSen ne yap\u0131yorsun?\u201d \u0130\u00e7imde bir karma\u015fa vard\u0131. Sonu\u00e7ta ben de erke\u011fim, ilgilenilmek insan\u0131n duygular\u0131n\u0131 kar\u0131\u015ft\u0131rabiliyor. Ama bu do\u011fru muydu? Hayat\u0131mda ilk defa bu kadar b\u00fcy\u00fck bir s\u0131navla kar\u015f\u0131 kar\u015f\u0131yayd\u0131m. Kalbim ba\u015fka birini se\u00e7mi\u015fken, \u015fimdi bir yoldan sapacak olsam, bunun alt\u0131ndan kalkabilir miydim?\n\nBir bahane uydurdum. \u201c\u0130\u015fim \u00e7\u0131kt\u0131, hemen \u00e7\u0131kmam gerekiyor,\u201d dedim. \u00c7antam\u0131 al\u0131p evden \u00e7\u0131kt\u0131m. Ni\u015fanl\u0131ma bile haber vermeden gittim. D\u0131\u015far\u0131 \u00e7\u0131kt\u0131\u011f\u0131mda hava so\u011fuktu ama i\u00e7im daha da so\u011fuktu.\n\nO gece uyuyamad\u0131m. Kendi i\u00e7imde defalarca tart\u0131\u015ft\u0131m. Ahlak, sadakat, g\u00fcven\u2026 Bunlar ne demekti? O evde bir daha kalamazd\u0131m. Ertesi sabah ni\u015fanl\u0131mla bulu\u015ftum. G\u00f6zlerine bakt\u0131m. Bir \u015fey s\u00f6yleyemeden a\u011flamaya ba\u015flad\u0131. \u201cAnnem garip davran\u0131yor, de\u011fil mi?\u201d dedi. \u015ea\u015f\u0131rd\u0131m. Her \u015feyi anlam\u0131\u015ft\u0131 ama bir tek ben anlatamam\u0131\u015ft\u0131m. Sonra omzuma dokundu, \u201cGitme, birlikte hallederiz,\u201d dedi.\n\nAma yapamad\u0131m. O ev, o ortam bana art\u0131k yabanc\u0131yd\u0131. Ailesinden biriyle aramda b\u00f6yle bir \u015feyin ya\u015fanmas\u0131, sadece beni de\u011fil, onu da yakard\u0131. Ni\u015fan\u0131 bozdum. Onu kaybettim, evet. Ama kendime olan sayg\u0131m\u0131 korudum.\n\nY\u0131llar ge\u00e7ti\u2026 \u015eimdi ba\u015fka bir \u015fehirde ya\u015f\u0131yorum. Bazen yaln\u0131z\u0131m, bazen an\u0131lar gelip yakama yap\u0131\u015f\u0131yor ama i\u00e7imde bir huzur var. Ne olursa olsun, o g\u00fcn do\u011fru olan\u0131 yapt\u0131m.\n\nVe bazen bir adam, s\u0131rf erkek oldu\u011fu i\u00e7in de\u011fil; insan oldu\u011fu i\u00e7in g\u00fc\u00e7l\u00fc durmal\u0131.\n\nBen bekar bir gencim instagramdan tan\u0131\u015fm\u0131\u015ft\u0131k o k\u0131zla ni\u015fanland\u0131k, \u00e7ok iyi bir k\u0131zd\u0131 asl\u0131nda, her\u015fey normal gidiyordu, ben kendi evimde kal\u0131yordum, birg\u00fcn kaynanam arad\u0131, e\u015fyalar\u0131n\u0131da al bizim evde kal dedi yok desemde \u0131srar etti bende kabul ettim onlarla ya\u015famaya ba\u015flad\u0131m. Ni\u015fanl\u0131mla beni hi\u00e7 yaln\u0131z b\u0131rakm\u0131yordu her f\u0131rsatta benimle konu\u015fmaya \u00e7al\u0131\u015f\u0131yor, e\u015fiyle aras\u0131ndaki sorunlar\u0131 anlat\u0131yordu, evde kimse yokken yan\u0131ma geliyordu, ben bir bahaneyle evden \u00e7\u0131k\u0131yordum ama birgun benimde akl\u0131m iyice kar\u0131\u015fm\u0131\u015ft\u0131 sonu\u00e7ta bende erke\u011fim, g\u00fclerek beni odaya \u00e7a\u011f\u0131rd\u0131\u2026\n\n\n\t\t\t\t<\/dd><\/dl>\n\t\t\t<br style='clear: both' \/>\n\t\t<\/div>\n\n","protected":false},"excerpt":{"rendered":"","protected":false},"author":1,"featured_media":2224,"comment_status":"open","ping_status":"open","sticky":false,"template":"","format":"standard","meta":{"footnotes":""},"categories":[9],"tags":[],"class_list":["post-2223","post","type-post","status-publish","format-standard","has-post-thumbnail","hentry","category-foto-galeri"],"_links":{"self":[{"href":"https:\/\/bilgitarif.com\/yeni\/wp-json\/wp\/v2\/posts\/2223","targetHints":{"allow":["GET"]}}],"collection":[{"href":"https:\/\/bilgitarif.com\/yeni\/wp-json\/wp\/v2\/posts"}],"about":[{"href":"https:\/\/bilgitarif.com\/yeni\/wp-json\/wp\/v2\/types\/post"}],"author":[{"embeddable":true,"href":"https:\/\/bilgitarif.com\/yeni\/wp-json\/wp\/v2\/users\/1"}],"replies":[{"embeddable":true,"href":"https:\/\/bilgitarif.com\/yeni\/wp-json\/wp\/v2\/comments?post=2223"}],"version-history":[{"count":1,"href":"https:\/\/bilgitarif.com\/yeni\/wp-json\/wp\/v2\/posts\/2223\/revisions"}],"predecessor-version":[{"id":2226,"href":"https:\/\/bilgitarif.com\/yeni\/wp-json\/wp\/v2\/posts\/2223\/revisions\/2226"}],"wp:featuredmedia":[{"embeddable":true,"href":"https:\/\/bilgitarif.com\/yeni\/wp-json\/wp\/v2\/media\/2224"}],"wp:attachment":[{"href":"https:\/\/bilgitarif.com\/yeni\/wp-json\/wp\/v2\/media?parent=2223"}],"wp:term":[{"taxonomy":"category","embeddable":true,"href":"https:\/\/bilgitarif.com\/yeni\/wp-json\/wp\/v2\/categories?post=2223"},{"taxonomy":"post_tag","embeddable":true,"href":"https:\/\/bilgitarif.com\/yeni\/wp-json\/wp\/v2\/tags?post=2223"}],"curies":[{"name":"wp","href":"https:\/\/api.w.org\/{rel}","templated":true}]}}