{"id":2215,"date":"2025-04-19T08:51:08","date_gmt":"2025-04-19T08:51:08","guid":{"rendered":"https:\/\/bilgitarif.com\/yeni\/?p=2215"},"modified":"2025-04-19T08:51:08","modified_gmt":"2025-04-19T08:51:08","slug":"berk-atan","status":"publish","type":"post","link":"https:\/\/bilgitarif.com\/yeni\/berk-atan\/","title":{"rendered":"Berk Atan"},"content":{"rendered":"\n\t\t<style type=\"text\/css\">\n\t\t\t#gallery-1 {\n\t\t\t\tmargin: auto;\n\t\t\t}\n\t\t\t#gallery-1 .gallery-item {\n\t\t\t\tfloat: left;\n\t\t\t\tmargin-top: 10px;\n\t\t\t\ttext-align: center;\n\t\t\t\twidth: 33%;\n\t\t\t}\n\t\t\t#gallery-1 img {\n\t\t\t\tborder: 2px solid #cfcfcf;\n\t\t\t}\n\t\t\t#gallery-1 .gallery-caption {\n\t\t\t\tmargin-left: 0;\n\t\t\t}\n\t\t\t\/* see gallery_shortcode() in wp-includes\/media.php *\/\n\t\t<\/style>\n\t\t<div id='gallery-1' class='gallery galleryid-2215 gallery-columns-3 gallery-size-thumbnail'><dl class='gallery-item'>\n\t\t\t<dt class='gallery-icon landscape'>\n\t\t\t\t<a href='https:\/\/bilgitarif.com\/yeni\/berk-atan\/berk\/'><img loading=\"lazy\" decoding=\"async\" width=\"150\" height=\"150\" src=\"https:\/\/bilgitarif.com\/yeni\/wp-content\/uploads\/2025\/04\/berk-150x150.jpg\" class=\"attachment-thumbnail size-thumbnail\" alt=\"\" aria-describedby=\"gallery-1-2216\" \/><\/a>\n\t\t\t<\/dt>\n\t\t\t\t<dd class='wp-caption-text gallery-caption' id='gallery-1-2216'>\n\t\t\t\tSON DAK\u0130KA! Berk Atan kaza ge\u00e7irdi! Hayranlar\u0131n\u0131 korkutan haber: Durumu a\u011f\u0131r\n\u00dcnl\u00fc oyuncu Berk Atan trafik kazas\u0131 ge\u00e7irdi. Yak\u0131\u015f\u0131kl\u0131 oyuncunun kaza sonras\u0131 a\u011f\u0131r yaraland\u0131\u011f\u0131 ifade edildi. \n\t\t\t\t<\/dd><\/dl><dl class='gallery-item'>\n\t\t\t<dt class='gallery-icon landscape'>\n\t\t\t\t<a href='https:\/\/bilgitarif.com\/yeni\/berk-atan\/berk-2\/'><img loading=\"lazy\" decoding=\"async\" width=\"150\" height=\"150\" src=\"https:\/\/bilgitarif.com\/yeni\/wp-content\/uploads\/2025\/04\/berk-1-150x150.jpg\" class=\"attachment-thumbnail size-thumbnail\" alt=\"\" aria-describedby=\"gallery-1-2217\" \/><\/a>\n\t\t\t<\/dt>\n\t\t\t\t<dd class='wp-caption-text gallery-caption' id='gallery-1-2217'>\n\t\t\t\tG\u00fclcan Tar\u0131mo\u011flu\u2019nun haberine g\u00f6re; \u00dcnl\u00fc oyuncu Berk Atan\u2019\u0131n bulundu\u011fu ekip arac\u0131 kaza yapt\u0131. Berk Atan\u2019\u0131n omurga ve kaburgalar\u0131nda k\u0131r\u0131klar\u0131n oldu\u011fu ve durumunun a\u011f\u0131r oldu\u011fu belirtildi.\n\nModellik kariyerine 2011 y\u0131l\u0131nda kat\u0131ld\u0131\u011f\u0131 Best Model of Turkey yar\u0131\u015fmas\u0131nda \u201cGelecek Vaat Eden\u201d se\u00e7ilerek ad\u0131m atm\u0131\u015ft\u0131r. 2012 y\u0131l\u0131nda ise ayn\u0131 yar\u0131\u015fmada birincilik elde etmi\u015ftir. Oyunculuk kariyerine 2013 y\u0131l\u0131nda \u201cHer \u015eey Yolunda Merkez\u201d dizisiyle ba\u015flam\u0131\u015f, ard\u0131ndan \u201cG\u00fcne\u015fin K\u0131zlar\u0131\u201d, \u201cDayan Y\u00fcre\u011fim\u201d, \u201cCennet\u2019in G\u00f6zya\u015flar\u0131\u201d gibi projelerde rol alm\u0131\u015ft\u0131r. En bilinen rol\u00fc ise TRT 1\u2019de yay\u0131nlanan \u201cG\u00f6n\u00fcl Da\u011f\u0131\u201d dizisinde canland\u0131rd\u0131\u011f\u0131 Taner Kaya karakteridir.\u200b\n\n\n\t\t\t\t<\/dd><\/dl>\n\t\t\t<br style='clear: both' \/>\n\t\t<\/div>\n\n","protected":false},"excerpt":{"rendered":"","protected":false},"author":1,"featured_media":2216,"comment_status":"open","ping_status":"open","sticky":false,"template":"","format":"standard","meta":{"footnotes":""},"categories":[9],"tags":[],"class_list":["post-2215","post","type-post","status-publish","format-standard","has-post-thumbnail","hentry","category-foto-galeri"],"_links":{"self":[{"href":"https:\/\/bilgitarif.com\/yeni\/wp-json\/wp\/v2\/posts\/2215","targetHints":{"allow":["GET"]}}],"collection":[{"href":"https:\/\/bilgitarif.com\/yeni\/wp-json\/wp\/v2\/posts"}],"about":[{"href":"https:\/\/bilgitarif.com\/yeni\/wp-json\/wp\/v2\/types\/post"}],"author":[{"embeddable":true,"href":"https:\/\/bilgitarif.com\/yeni\/wp-json\/wp\/v2\/users\/1"}],"replies":[{"embeddable":true,"href":"https:\/\/bilgitarif.com\/yeni\/wp-json\/wp\/v2\/comments?post=2215"}],"version-history":[{"count":1,"href":"https:\/\/bilgitarif.com\/yeni\/wp-json\/wp\/v2\/posts\/2215\/revisions"}],"predecessor-version":[{"id":2218,"href":"https:\/\/bilgitarif.com\/yeni\/wp-json\/wp\/v2\/posts\/2215\/revisions\/2218"}],"wp:featuredmedia":[{"embeddable":true,"href":"https:\/\/bilgitarif.com\/yeni\/wp-json\/wp\/v2\/media\/2216"}],"wp:attachment":[{"href":"https:\/\/bilgitarif.com\/yeni\/wp-json\/wp\/v2\/media?parent=2215"}],"wp:term":[{"taxonomy":"category","embeddable":true,"href":"https:\/\/bilgitarif.com\/yeni\/wp-json\/wp\/v2\/categories?post=2215"},{"taxonomy":"post_tag","embeddable":true,"href":"https:\/\/bilgitarif.com\/yeni\/wp-json\/wp\/v2\/tags?post=2215"}],"curies":[{"name":"wp","href":"https:\/\/api.w.org\/{rel}","templated":true}]}}