{"id":2105,"date":"2025-04-12T21:33:06","date_gmt":"2025-04-12T21:33:06","guid":{"rendered":"https:\/\/bilgitarif.com\/yeni\/?p=2105"},"modified":"2025-04-12T21:33:06","modified_gmt":"2025-04-12T21:33:06","slug":"aramizda-uyusmazlik-cikti","status":"publish","type":"post","link":"https:\/\/bilgitarif.com\/yeni\/aramizda-uyusmazlik-cikti\/","title":{"rendered":"Aram\u0131zda Uyu\u015fmazl\u0131k \u00c7\u0131kt\u0131"},"content":{"rendered":"\n\t\t<style type=\"text\/css\">\n\t\t\t#gallery-1 {\n\t\t\t\tmargin: auto;\n\t\t\t}\n\t\t\t#gallery-1 .gallery-item {\n\t\t\t\tfloat: left;\n\t\t\t\tmargin-top: 10px;\n\t\t\t\ttext-align: center;\n\t\t\t\twidth: 33%;\n\t\t\t}\n\t\t\t#gallery-1 img {\n\t\t\t\tborder: 2px solid #cfcfcf;\n\t\t\t}\n\t\t\t#gallery-1 .gallery-caption {\n\t\t\t\tmargin-left: 0;\n\t\t\t}\n\t\t\t\/* see gallery_shortcode() in wp-includes\/media.php *\/\n\t\t<\/style>\n\t\t<div id='gallery-1' class='gallery galleryid-2105 gallery-columns-3 gallery-size-thumbnail'><dl class='gallery-item'>\n\t\t\t<dt class='gallery-icon landscape'>\n\t\t\t\t<a href='https:\/\/bilgitarif.com\/yeni\/aramizda-uyusmazlik-cikti\/fd-14\/'><img loading=\"lazy\" decoding=\"async\" width=\"150\" height=\"108\" src=\"https:\/\/bilgitarif.com\/yeni\/wp-content\/uploads\/2025\/04\/fd-4-150x108.webp\" class=\"attachment-thumbnail size-thumbnail\" alt=\"\" aria-describedby=\"gallery-1-2106\" \/><\/a>\n\t\t\t<\/dt>\n\t\t\t\t<dd class='wp-caption-text gallery-caption' id='gallery-1-2106'>\n\t\t\t\t\u00d6zg\u00fcr \u00d6zel, Silivri&#8217;de: Ekrem Ba\u015fkan&#8217;la aram\u0131zda bir uyu\u015fmazl\u0131k \u00e7\u0131kt\u0131..\n\n\t\t\t\t<\/dd><\/dl><dl class='gallery-item'>\n\t\t\t<dt class='gallery-icon landscape'>\n\t\t\t\t<a href='https:\/\/bilgitarif.com\/yeni\/aramizda-uyusmazlik-cikti\/uyusmaz\/'><img loading=\"lazy\" decoding=\"async\" width=\"150\" height=\"150\" src=\"https:\/\/bilgitarif.com\/yeni\/wp-content\/uploads\/2025\/04\/uyusmaz-150x150.png\" class=\"attachment-thumbnail size-thumbnail\" alt=\"\" aria-describedby=\"gallery-1-2107\" \/><\/a>\n\t\t\t<\/dt>\n\t\t\t\t<dd class='wp-caption-text gallery-caption' id='gallery-1-2107'>\n\t\t\t\tG\u00f6r\u00fc\u015fme sonras\u0131 a\u00e7\u0131klamalarda bulunan CHP Genel Ba\u015fkan\u0131 \u00d6zel, \u201cEkrem Ba\u015fkan\u0131m\u0131zla, Resul Emrah \u015eahan ve Mehmet Ali \u00c7al\u0131\u015fkan arkada\u015flar\u0131m\u0131zla g\u00f6r\u00fc\u015fme imkan\u0131 buldum. \u00d6ncelikle t\u00fcm arkada\u015flar\u0131m\u0131z, kendileriyle dayan\u0131\u015fma g\u00f6steren milyonlara, onlar\u0131n burada u\u011frad\u0131klar\u0131 iftiraya, hi\u00e7bir kan\u0131ta dayanmayan, gizli tan\u0131k ifadeleriyle hem ki\u015fisel namuslar\u0131na s\u00fcr\u00fclmeye \u00e7al\u0131\u015f\u0131lan lekeye, hem de partileri \u00fczerinden u\u011frad\u0131klar\u0131 iftiraya kar\u015f\u0131 T\u00fcrkiye\u2019nin t\u00fcm siyasi g\u00f6r\u00fc\u015flerinden, AK Partili, MHP\u2019li ya da muhalefet partilerine oy veren, Cumhuriyet Halk Partili olsun veya olmas\u0131n kendileriyle dayan\u0131\u015fma i\u00e7inde olan herkese selamlar\u0131n\u0131, minnetlerini iletiyorlar\u201d dedi. \u00d6zel, \u015funlar\u0131 s\u00f6yledi: &#8211; Bu b\u00fcy\u00fck iftiraya, bu b\u00fcy\u00fck hakarete kar\u015f\u0131 sadece ve sadece ger\u00e7ekleri anlatt\u0131klar\u0131 savunmalar\u0131n\u0131n televizyondan yay\u0131nlanmas\u0131n\u0131 istiyorlar. \u00c7\u00fcnk\u00fc gizli tan\u0131k d\u0131\u015f\u0131nda bir tane paraya, pula, r\u00fc\u015fvete ili\u015fkin olarak belge yok. Ad\u0131 belli olmayan, Me\u015fe, \u00c7\u0131nar, Ladin denen gizli tan\u0131klar\u0131n iftiralar\u0131 var. MASAK Raporundaki \u015f\u00fcpheli g\u00f6r\u00fclen her i\u015flemin a\u00e7\u0131klamas\u0131na ikna olmu\u015f, buna bir \u015fey s\u00f6yleyemeyen iddia makam\u0131 var. Yarg\u0131laman\u0131n mutlaka ve mutlaka milletin \u00f6n\u00fcnde olmas\u0131n\u0131 istiyorlar. &#8211; Ekrem Ba\u015fkan\u2019\u0131n \u00c7a\u011flayan\u2019daki mahkemesi ge\u00e7mi\u015fte Ergenekon, Balyoz gibi kumpas davalar\u0131n\u0131n simge salonuna al\u0131nd\u0131. Anlaml\u0131d\u0131r, \u00f6nemlidir. FET\u00d6\u2019c\u00fclerin kurdu\u011fu kumpaslar\u0131 bug\u00fcn Zekeriya \u00d6z de\u011fil, Zekeriya \u00d6z\u2019\u00fcn bug\u00fcnk\u00fc g\u00fcncel hali kurmaktad\u0131r. O g\u00fcn Zekeriya \u00d6z\u2019\u00fc sahiplenen, \u2018Davan\u0131n savc\u0131s\u0131 benim\u2019 diyen Erdo\u011fan bug\u00fcnk\u00fc savc\u0131ya sahip \u00e7\u0131kmaktad\u0131r. Onu o g\u00f6revlendirmi\u015ftir. Kumpas davas\u0131, kumpas\u0131n mekan\u0131nda g\u00f6r\u00fcl\u00fcr. &#8211; Biz buna kar\u015f\u0131 bu sembolik, tarihi hat\u0131rlatmay\u0131 \u00f6nemsiyoruz. Yar\u0131n o salonda \u0130stanbul\u2019dan il ba\u015fkan\u0131m\u0131z, y\u00f6netimi, il\u00e7e ba\u015fkanlar\u0131m\u0131z, belediye ba\u015fkanlar\u0131m\u0131z, Trakya\u2019daki t\u00fcm se\u00e7ilmi\u015f arkada\u015flar\u0131m\u0131z Ekrem Ba\u015fkan\u2019\u0131n yan\u0131nda olacaklar. Ekrem Ba\u015fkan bir ba\u015fka davada, \u0130stanbul\u2019da olmas\u0131 gereken, buraya ta\u015f\u0131d\u0131klar\u0131 davada yar\u0131n hakim kar\u015f\u0131s\u0131nda olacak.\u201d \u201cGAZETEC\u0130LER\u0130 YILDIRMA AMACIYLA G\u00d6ZALTINA ALDILAR\u201d \u201cBen bug\u00fcn buradan h\u0131zla Ankara\u2019ya gidece\u011fim. \u00c7\u00fcnk\u00fc ak\u015fam \u00fcst\u00fc Ankara\u2019da \u00c7a\u011fda\u015f Gazeteciler Derne\u011fi\u2019nin \u00f6d\u00fcl t\u00f6reni var. \u00d6d\u00fcl verece\u011fim. Verece\u011fim \u00f6d\u00fcl\u00fc kazanan ki\u015fi Timur Soykan\u2019d\u0131r. Timur Soykan, \u2018skandal d\u00fc\u011f\u00fcn\u2019 haberiyle \u00f6d\u00fcl ald\u0131. Ama o Timur Soykan bug\u00fcn saat 11.00\u2019de randevula\u015f\u0131p gidece\u011fi, bir ifade verece\u011fi soru\u015fturma i\u00e7in sabah\u0131n k\u00f6r\u00fcnde evinden onlarca polisle al\u0131nd\u0131. Onlarca polisle al\u0131nan Timur Soykan\u2019\u0131n Youtube\u2019da Onlar TV kanal\u0131nda yay\u0131nlanan programlar\u0131n\u0131 milyonlar izliyor. Ama Murat A\u011f\u0131rel ile birlikte s\u00f6zde \u015fantaj, tehdit su\u00e7lamalar\u0131yla bir kez daha sabah erkenden y\u0131ld\u0131rma amac\u0131yla kendileri al\u0131nd\u0131lar. Ben de\u011ferli e\u015fleri ile g\u00f6r\u00fc\u015ft\u00fcm, dayan\u0131\u015fma duygular\u0131m\u0131z\u0131 ilettim.\u201d \u201cKARDE\u015eL\u0130K HUKUKUYLA \u00c7\u00d6ZD\u00dcK\u201d \u00d6zel, \u0130mamo\u011flu i\u00e7in Yozgat\u2019ta konvoy yapan trakt\u00f6rlere kesilen para cezas\u0131 ile ilgili aralar\u0131nda ge\u00e7en diyalo\u011fu da aktard\u0131. \u00d6zel \u201cBug\u00fcn Ekrem Ba\u015fkan\u2019la yapt\u0131\u011f\u0131m\u0131z g\u00f6r\u00fc\u015fmede aram\u0131zda bir uyu\u015fmazl\u0131k \u00e7\u0131kt\u0131. Bunu \u2018son dakika\u2019 verebilirsiniz. Sonra karde\u015flik hukuku i\u00e7inde hallettik. Ekrem Ba\u015fkan d\u00fcn tam avukatlar\u0131 kanal\u0131yla Yozgat\u2019taki trakt\u00f6rlere kesilen cezalar\u0131 kendisinin \u00fcstlenece\u011fini ilan edecekken, benim \u00fcstlendi\u011fimi \u00f6\u011frenmi\u015f. Dedi ki, \u2018Benden erken davrand\u0131n, bu i\u015f olmaz.\u2019 Dedim, \u2018Nas\u0131l olacak?\u2019 Ben de a\u00e7\u0131klad\u0131m. \u2018O zaman b\u00fct\u00fcn sorunlar\u0131 nas\u0131l \u00e7\u00f6z\u00fcyorsak\u2019 dedi, \u2018Bunu da karde\u015f pay\u0131 yapal\u0131m.\u2019 Yozgat\u2019taki trakt\u00f6rlere kesilen cezalar\u0131 \u00f6deme meselesini karde\u015f pay\u0131, karde\u015flik hukuku i\u00e7inde halletmi\u015f bulunuyoruz. Yar\u0131s\u0131n\u0131 Ekrem Ba\u015fkan \u00f6deyecek, yar\u0131s\u0131n\u0131 ben \u00f6deyece\u011fim\u201d dedi. \u201cADAYIMIZ \u0130\u00c7ER\u0130DE OLSA DA OF\u0130S M\u0130LLET\u0130N H\u0130ZMET\u0130NDE OLACAK\u201d \u00d6zel, Cumhurba\u015fkanl\u0131\u011f\u0131 Kampanya Ofisi\u2019nin yeni y\u00f6netim \u015femas\u0131n\u0131 olu\u015fturduklar\u0131n\u0131 belirterek \u201c Aday\u0131m\u0131z i\u00e7eride de olsa ofisimiz d\u0131\u015far\u0131da, milletin hizmetinde olacak. Sorunlar\u0131 g\u00f6ren, nas\u0131l \u00e7\u00f6z\u00fclece\u011fini tarif eden, kimlerle \u00e7\u00f6zece\u011fini tarif eden \u00e7ok g\u00fc\u00e7l\u00fc bir Cumhurba\u015fkanl\u0131\u011f\u0131 Kampanya ve \u0130leti\u015fim Ofisi\u2019nin haz\u0131rl\u0131klar\u0131 konusunda \u00f6nemli mesafe ald\u0131\u011f\u0131m\u0131z\u0131 ve \u00f6n\u00fcm\u00fczdeki g\u00fcnlerde bunu hayata ge\u00e7irece\u011fimizi, ilan edece\u011fimizi ifade etmek istiyorum\u201d dedi. \u201cGEN\u00c7LERE \u00d6ZG\u00dcRL\u00dcK \u0130ST\u0130YORUZ\u201d Bir g\u00fcn bile yatar\u0131 olmayan su\u00e7tan tutuklu yarg\u0131lanan gen\u00e7lere \u00f6zg\u00fcrl\u00fck isteyen \u00d6zel Milli E\u011fitim Bakan\u0131\u2019na tepki g\u00f6sterdi. \u00d6zel \u015funlar\u0131 s\u00f6yledi: &#8211; Gelmi\u015f, mitingi izlemi\u015f, \u2018Y\u00fcr\u00fcyemezsin\u2019 demi\u015fler y\u00fcr\u00fcm\u00fc\u015f, \u2018Gelmemelisin\u2019 demi\u015fler gelmi\u015f. Maalesef Milli E\u011fitim Bakan\u0131 b\u00fcy\u00fck bir iftira at\u0131yor, \u2018Eli baltal\u0131lar\u2019 diyor. Yani bu kadar b\u00fcy\u00fck iftirac\u0131l\u0131k, bu kadar \u00e7ocuklara gencecik \u00e7ocuklara hakaretle iftira olmaz. Herkes biliyor ki \u00f6rne\u011fin bu \u00e7ocuklardan, bu gen\u00e7lerden 55 tanesi \u2018Sal\u0131veriliyorsunuz\u2019 denilip bir telefonla tutukland\u0131. Bir \u00e7o\u011funu ev hapsi veriliyordu bir gelen telefonla tutukland\u0131. Hakimin kar\u015f\u0131s\u0131nda bir tek soruya cevap verdiler. &#8211; \u0130smi okundu, tutukland\u0131 ismi okundu, tutukland\u0131. Toplant\u0131 ve G\u00f6steri Y\u00fcr\u00fcy\u00fc\u015f\u00fc Kanununa muhalefetten daha \u00f6nce cezas\u0131 olmayan ki\u015finin bir g\u00fcn yatar\u0131 yok. Burada tutulduklar\u0131 her g\u00fcn i\u015fkencedir, ailelerine ve kendilerine bo\u015fu bo\u015funa \u0131st\u0131rapt\u0131r. G\u00f6rd\u00fckleri k\u00f6t\u00fc muamele, ters kelep\u00e7e ve susuz b\u0131rakma, a\u00e7 b\u0131rakma ge\u00e7mi\u015fte, buraya gelene kadar, hepsi y\u0131ld\u0131rmak i\u00e7indir. Ne aileleri y\u0131lm\u0131\u015ft\u0131r ne \u00e7ocuklar y\u0131lm\u0131\u015ft\u0131r. Ama yap\u0131lan b\u00fcy\u00fck haks\u0131zl\u0131kt\u0131r. O y\u00fczden d\u00fcn 100 binlerin ba\u011f\u0131rd\u0131\u011f\u0131 gibi buradan bir kez daha gen\u00e7lere \u00f6zg\u00fcrl\u00fck istiyoruz. S\u0131navlar\u0131na girmelerini talep ediyoruz.\u201d \u201cK\u00dcRT SORUNUNU \u00c7\u00d6ZMEDE SAM\u0130M\u0130 DE\u011e\u0130LLER\u201d \u00d6zel, Cumhurba\u015fkan\u0131 Recep Tayyip Erdo\u011fan ve DEM Parti aras\u0131nda yap\u0131lacak g\u00f6r\u00fc\u015fme ile ilgili de \u015fu de\u011ferlendirmede bulundu: &#8211; Kamuoyunun b\u00fcy\u00fck \u00f6nem atfetti\u011fi bir g\u00f6r\u00fc\u015fme yap\u0131lacak. Cumhuriyet Halk Partisi\u2019nin K\u00fcrt meselesindeki duru\u015fu ve y\u0131llard\u0131r \u00e7ok nettir, \u00e7ok bellidir, \u00e7ok tutarl\u0131d\u0131r. Biz bir kere K\u00fcrt meselesi diye bir meselenin var oldu\u011funa inan\u0131yoruz. Niye? K\u00fcrtler \u2018Sorunum var\u2019 diyorsa vard\u0131r. \u00c7\u00f6zmek hepimize d\u00fc\u015fer. Bu, \u2018Yoktur\u2019 deyip de g\u00f6rmezden gelinmez. \u2018Ter\u00f6rs\u00fcz T\u00fcrkiye\u2019 diyorlar. Biz ter\u00f6r\u00fc de k\u0131n\u0131yoruz, ter\u00f6rs\u00fcz T\u00fcrkiye\u2019yi de destekliyoruz. Ter\u00f6rs\u00fcz T\u00fcrkiye demokratik a\u00e7\u0131l\u0131mlarla m\u00fcmk\u00fcnd\u00fcr. Bunlar i\u00e7in do\u011fru zemin Meclis\u2019tir. Bu sorunun \u00e7\u00f6z\u00fcm\u00fc i\u00e7in Meclis zemininde \u015feffaf, kimseyi d\u0131\u015flamayan, ba\u015fta \u015fehit aileleri ve gazilerimizin duygular\u0131n\u0131 yok saymayan, onlar\u0131n da fikirlerini alan, t\u00fcm ma\u011fdurlar\u0131 kapsayan bir s\u00fcre\u00e7 i\u00e7in mecliste olmay\u0131 \u00e7ok \u00f6nemsiyoruz. &#8211; Bak\u0131n b\u00fcy\u00fck bir \u00e7eli\u015fki ya\u015f\u0131yoruz. \u015eimdi arkamdaki cezaevinde biri yat\u0131yor, onu i\u00e7eri kimin att\u0131rd\u0131\u011f\u0131n\u0131 da herkes biliyor. Soru \u015fu, bat\u0131daki K\u00fcrtlere, bat\u0131da se\u00e7im kazanamayacaklar\u0131 halde DEM Partisi\u2019nin, bat\u0131daki K\u00fcrtlere belediye meclislerinde g\u00f6rev teklif etmek suretiyle onlara \u015fehrin y\u00f6netiminde s\u00f6z sahibi k\u0131lmak su\u00e7u\u2026 Bunu ter\u00f6r su\u00e7u kabul ediyor, Ekrem Ba\u015fkan\u0131 bununla nas\u0131l su\u00e7luyor. Bununla su\u00e7lanan birisi i\u00e7eride yat\u0131yor, \u2018K\u00fcrtler belediye meclis \u00fcyesi olursa bu ter\u00f6r faaliyetidir\u2019 diyen birisi, onu i\u00e7eri att\u0131ran birisi de bug\u00fcnk\u00fc g\u00fcya K\u00fcrt meselesinin, ona \u2018K\u00fcrt meselesi de yok\u2019 diyor art\u0131k ve ter\u00f6rs\u00fcz T\u00fcrkiye yaratacakm\u0131\u015f. Ter\u00f6rs\u00fcz T\u00fcrkiye\u2019yi de K\u00fcrt meselesinde k\u00f6kten \u00e7\u00f6zmeyi de b\u00fct\u00fcn K\u00fcrtlere e\u015fit vatanda\u015f yapmay\u0131, bu devleti onlara ait hissettirmeyi de ba\u015faracak anlay\u0131\u015f buradad\u0131r. &#8211; Bu anlay\u0131\u015f\u0131n Cumhurba\u015fkan\u0131 aday\u0131 \u015fimdi i\u00e7erde. Bu sorunu K\u00fcrtlerin g\u00fcvendi\u011fi biz \u00e7\u00f6zeriz. Bu sorunu, K\u00fcrtleri ikinci s\u0131n\u0131f vatanda\u015f g\u00f6ren, belediye meclislerine bile lay\u0131k g\u00f6rmeyen ve K\u00fcrtleri, \u2018K\u00fcrt e\u015fittir sorun\u2019, \u2018K\u00fcrt e\u015fittir ter\u00f6r\u2019 diye g\u00f6ren anlay\u0131\u015f \u00e7\u00f6zemez. Ancak biz Meclis zemininde at\u0131lacak her t\u00fcrl\u00fc \u015feffaf, bar\u0131\u015f\u00e7\u0131l \u00e7\u00f6z\u00fcme y\u00f6nelik ad\u0131m\u0131 da desteklemeye haz\u0131r\u0131z. Ama Meclis\u2019i yok say\u0131p da K\u00fcrtleri yok say\u0131p da sorunu yok say\u0131p da ipe un serip de buyurganl\u0131kla laf edenlerin bu sorunu \u00e7\u00f6zmede samimi olmad\u0131klar\u0131n\u0131, bir kez daha ba\u015far\u0131s\u0131zl\u0131\u011fa da hi\u00e7birimizin tahamm\u00fcl\u00fc olmad\u0131\u011f\u0131n\u0131 ifade etmek isterim.\n\n\n\t\t\t\t<\/dd><\/dl>\n\t\t\t<br style='clear: both' \/>\n\t\t<\/div>\n\n","protected":false},"excerpt":{"rendered":"","protected":false},"author":1,"featured_media":2106,"comment_status":"open","ping_status":"open","sticky":false,"template":"","format":"standard","meta":{"footnotes":""},"categories":[9],"tags":[],"class_list":["post-2105","post","type-post","status-publish","format-standard","has-post-thumbnail","hentry","category-foto-galeri"],"_links":{"self":[{"href":"https:\/\/bilgitarif.com\/yeni\/wp-json\/wp\/v2\/posts\/2105","targetHints":{"allow":["GET"]}}],"collection":[{"href":"https:\/\/bilgitarif.com\/yeni\/wp-json\/wp\/v2\/posts"}],"about":[{"href":"https:\/\/bilgitarif.com\/yeni\/wp-json\/wp\/v2\/types\/post"}],"author":[{"embeddable":true,"href":"https:\/\/bilgitarif.com\/yeni\/wp-json\/wp\/v2\/users\/1"}],"replies":[{"embeddable":true,"href":"https:\/\/bilgitarif.com\/yeni\/wp-json\/wp\/v2\/comments?post=2105"}],"version-history":[{"count":1,"href":"https:\/\/bilgitarif.com\/yeni\/wp-json\/wp\/v2\/posts\/2105\/revisions"}],"predecessor-version":[{"id":2108,"href":"https:\/\/bilgitarif.com\/yeni\/wp-json\/wp\/v2\/posts\/2105\/revisions\/2108"}],"wp:featuredmedia":[{"embeddable":true,"href":"https:\/\/bilgitarif.com\/yeni\/wp-json\/wp\/v2\/media\/2106"}],"wp:attachment":[{"href":"https:\/\/bilgitarif.com\/yeni\/wp-json\/wp\/v2\/media?parent=2105"}],"wp:term":[{"taxonomy":"category","embeddable":true,"href":"https:\/\/bilgitarif.com\/yeni\/wp-json\/wp\/v2\/categories?post=2105"},{"taxonomy":"post_tag","embeddable":true,"href":"https:\/\/bilgitarif.com\/yeni\/wp-json\/wp\/v2\/tags?post=2105"}],"curies":[{"name":"wp","href":"https:\/\/api.w.org\/{rel}","templated":true}]}}