{"id":2089,"date":"2025-04-10T20:38:28","date_gmt":"2025-04-10T20:38:28","guid":{"rendered":"https:\/\/bilgitarif.com\/yeni\/?p=2089"},"modified":"2025-04-10T20:38:28","modified_gmt":"2025-04-10T20:38:28","slug":"ozgur-ozelden-onemli-aciklamalar","status":"publish","type":"post","link":"https:\/\/bilgitarif.com\/yeni\/ozgur-ozelden-onemli-aciklamalar\/","title":{"rendered":"\u00d6zg\u00fcr \u00d6zel&#8217;den \u00d6nemli A\u00e7\u0131klamalar"},"content":{"rendered":"\n\t\t<style type=\"text\/css\">\n\t\t\t#gallery-1 {\n\t\t\t\tmargin: auto;\n\t\t\t}\n\t\t\t#gallery-1 .gallery-item {\n\t\t\t\tfloat: left;\n\t\t\t\tmargin-top: 10px;\n\t\t\t\ttext-align: center;\n\t\t\t\twidth: 33%;\n\t\t\t}\n\t\t\t#gallery-1 img {\n\t\t\t\tborder: 2px solid #cfcfcf;\n\t\t\t}\n\t\t\t#gallery-1 .gallery-caption {\n\t\t\t\tmargin-left: 0;\n\t\t\t}\n\t\t\t\/* see gallery_shortcode() in wp-includes\/media.php *\/\n\t\t<\/style>\n\t\t<div id='gallery-1' class='gallery galleryid-2089 gallery-columns-3 gallery-size-thumbnail'><dl class='gallery-item'>\n\t\t\t<dt class='gallery-icon landscape'>\n\t\t\t\t<a href='https:\/\/bilgitarif.com\/yeni\/ozgur-ozelden-onemli-aciklamalar\/sevki-9\/'><img loading=\"lazy\" decoding=\"async\" width=\"150\" height=\"150\" src=\"https:\/\/bilgitarif.com\/yeni\/wp-content\/uploads\/2025\/04\/sevki-2-150x150.png\" class=\"attachment-thumbnail size-thumbnail\" alt=\"\" aria-describedby=\"gallery-1-2090\" \/><\/a>\n\t\t\t<\/dt>\n\t\t\t\t<dd class='wp-caption-text gallery-caption' id='gallery-1-2090'>\n\t\t\t\t\u015ei\u015fli&#8217;de binlerce vatanda\u015f bir araya geldi! \u00d6zg\u00fcr \u00d6zel: Biz g\u00fc\u00e7l\u00fcy\u00fcz, onlar korkuyor\n\n\t\t\t\t<\/dd><\/dl><dl class='gallery-item'>\n\t\t\t<dt class='gallery-icon landscape'>\n\t\t\t\t<a href='https:\/\/bilgitarif.com\/yeni\/ozgur-ozelden-onemli-aciklamalar\/ozgur-ozel\/'><img loading=\"lazy\" decoding=\"async\" width=\"150\" height=\"150\" src=\"https:\/\/bilgitarif.com\/yeni\/wp-content\/uploads\/2025\/04\/ozgur-ozel-150x150.png\" class=\"attachment-thumbnail size-thumbnail\" alt=\"\" aria-describedby=\"gallery-1-2091\" \/><\/a>\n\t\t\t<\/dt>\n\t\t\t\t<dd class='wp-caption-text gallery-caption' id='gallery-1-2091'>\n\t\t\t\tCumhuriyet Halk Partisi (CHP), &#8216;Millet \u0130radesine Sahip \u00c7\u0131k\u0131yor&#8217; slogan\u0131yla ba\u015flatt\u0131\u011f\u0131 mitinglerin ilkini \u015ei\u015fli&#8217;de d\u00fczenledi. \u0130MAMO\u011eLU&#8217;NDAN MESAJ: YEN\u0130LECEKS\u0130N\u0130Z Kayyum atanan \u015ei\u015fli Belediyesi \u00f6n\u00fcnde yap\u0131lan mitinge b\u00fcy\u00fck ilgi g\u00f6sterildi. Mitingin ba\u015flang\u0131c\u0131nda, CHP \u0130stanbul \u0130l Ba\u015fkan\u0131 \u00d6zg\u00fcr \u00c7elik, \u0130BB Ba\u015fkan\u0131 ve partinin Cumhurba\u015fkan\u0131 aday\u0131 Ekrem \u0130mamo\u011flu\u2019nun mesaj\u0131n\u0131 okudu. \u0130mamo\u011flu mesaj\u0131nda, &#8220;T\u00fcrkiye Cumhuriyeti g\u00fcc\u00fcn\u00fc vatanda\u015f\u0131n iradesinden al\u0131r. Bir daha se\u00e7im kazanamayan bir avu\u00e7 insan, kendilerini devletin sahibi milletin efendisi ilan etmeye haz\u0131rlan\u0131yorlar. Onlara asla ge\u00e7it vermeyece\u011fiz. Se\u00e7imden ka\u00e7amayacaks\u0131n\u0131z ve o sand\u0131\u011fa g\u00f6m\u00fcleceksiniz. Yenileceksiniz!&#8221; ifadelerini kulland\u0131.\n\t\t\t\t<\/dd><\/dl>\n\t\t\t<br style='clear: both' \/>\n\t\t<\/div>\n\n","protected":false},"excerpt":{"rendered":"","protected":false},"author":1,"featured_media":2090,"comment_status":"open","ping_status":"open","sticky":false,"template":"","format":"standard","meta":{"footnotes":""},"categories":[9],"tags":[],"class_list":["post-2089","post","type-post","status-publish","format-standard","has-post-thumbnail","hentry","category-foto-galeri"],"_links":{"self":[{"href":"https:\/\/bilgitarif.com\/yeni\/wp-json\/wp\/v2\/posts\/2089","targetHints":{"allow":["GET"]}}],"collection":[{"href":"https:\/\/bilgitarif.com\/yeni\/wp-json\/wp\/v2\/posts"}],"about":[{"href":"https:\/\/bilgitarif.com\/yeni\/wp-json\/wp\/v2\/types\/post"}],"author":[{"embeddable":true,"href":"https:\/\/bilgitarif.com\/yeni\/wp-json\/wp\/v2\/users\/1"}],"replies":[{"embeddable":true,"href":"https:\/\/bilgitarif.com\/yeni\/wp-json\/wp\/v2\/comments?post=2089"}],"version-history":[{"count":1,"href":"https:\/\/bilgitarif.com\/yeni\/wp-json\/wp\/v2\/posts\/2089\/revisions"}],"predecessor-version":[{"id":2092,"href":"https:\/\/bilgitarif.com\/yeni\/wp-json\/wp\/v2\/posts\/2089\/revisions\/2092"}],"wp:featuredmedia":[{"embeddable":true,"href":"https:\/\/bilgitarif.com\/yeni\/wp-json\/wp\/v2\/media\/2090"}],"wp:attachment":[{"href":"https:\/\/bilgitarif.com\/yeni\/wp-json\/wp\/v2\/media?parent=2089"}],"wp:term":[{"taxonomy":"category","embeddable":true,"href":"https:\/\/bilgitarif.com\/yeni\/wp-json\/wp\/v2\/categories?post=2089"},{"taxonomy":"post_tag","embeddable":true,"href":"https:\/\/bilgitarif.com\/yeni\/wp-json\/wp\/v2\/tags?post=2089"}],"curies":[{"name":"wp","href":"https:\/\/api.w.org\/{rel}","templated":true}]}}