{"id":1895,"date":"2025-03-31T21:34:24","date_gmt":"2025-03-31T21:34:24","guid":{"rendered":"https:\/\/bilgitarif.com\/yeni\/?p=1895"},"modified":"2025-03-31T21:34:24","modified_gmt":"2025-03-31T21:34:24","slug":"luks-rezidansta","status":"publish","type":"post","link":"https:\/\/bilgitarif.com\/yeni\/luks-rezidansta\/","title":{"rendered":"L\u00fcks rezidansta"},"content":{"rendered":"\n\t\t<style type=\"text\/css\">\n\t\t\t#gallery-1 {\n\t\t\t\tmargin: auto;\n\t\t\t}\n\t\t\t#gallery-1 .gallery-item {\n\t\t\t\tfloat: left;\n\t\t\t\tmargin-top: 10px;\n\t\t\t\ttext-align: center;\n\t\t\t\twidth: 33%;\n\t\t\t}\n\t\t\t#gallery-1 img {\n\t\t\t\tborder: 2px solid #cfcfcf;\n\t\t\t}\n\t\t\t#gallery-1 .gallery-caption {\n\t\t\t\tmargin-left: 0;\n\t\t\t}\n\t\t\t\/* see gallery_shortcode() in wp-includes\/media.php *\/\n\t\t<\/style>\n\t\t<div id='gallery-1' class='gallery galleryid-1895 gallery-columns-3 gallery-size-thumbnail'><dl class='gallery-item'>\n\t\t\t<dt class='gallery-icon landscape'>\n\t\t\t\t<a href='https:\/\/bilgitarif.com\/yeni\/luks-rezidansta\/vvb\/'><img loading=\"lazy\" decoding=\"async\" width=\"150\" height=\"150\" src=\"https:\/\/bilgitarif.com\/yeni\/wp-content\/uploads\/2025\/03\/vvb-150x150.jpg\" class=\"attachment-thumbnail size-thumbnail\" alt=\"\" aria-describedby=\"gallery-1-1896\" \/><\/a>\n\t\t\t<\/dt>\n\t\t\t\t<dd class='wp-caption-text gallery-caption' id='gallery-1-1896'>\n\t\t\t\tT\u00fcrkiye\u2019nin kanayan yaras\u0131 olan kad\u0131n ci-nayet-lerine bir yenisi daha eklendi. D\u00fcn gece saatlerinde Kartal\u2019daki bir l\u00fcks rezidansta ya\u015fanan ac\u0131 olay\u0131n detaylar\u0131 ortaya \u00e7\u0131kt\u0131.\nEvli ve 3 \u00e7ocuk babas\u0131 bunu yapan ki\u015fi\n\n\t\t\t\t<\/dd><\/dl><dl class='gallery-item'>\n\t\t\t<dt class='gallery-icon landscape'>\n\t\t\t\t<a href='https:\/\/bilgitarif.com\/yeni\/luks-rezidansta\/ccv\/'><img loading=\"lazy\" decoding=\"async\" width=\"150\" height=\"150\" src=\"https:\/\/bilgitarif.com\/yeni\/wp-content\/uploads\/2025\/03\/ccv-150x150.jpg\" class=\"attachment-thumbnail size-thumbnail\" alt=\"\" aria-describedby=\"gallery-1-1897\" \/><\/a>\n\t\t\t<\/dt>\n\t\t\t\t<dd class='wp-caption-text gallery-caption' id='gallery-1-1897'>\n\t\t\t\tOlay, Kartal\u2019da tespit edilen rezidansta evvelceki g\u00fcn saat 23.00 s\u0131ralar\u0131nda meydana geldi. Evli ve \u00fc\u00e7 \u00e7ocuk babas\u0131 \u00d6mer \u00d6ktem, bir s\u00fcredir e\u015f g\u00fcd\u00fcml\u00fc bulundu\u011fu estetisyen Selin Yal\u0131n\u2019\u0131 (39) t-banca ile v-urarak \u00f6-ld-\u00fcrd\u00fc. 47 ya\u015f\u0131ndaki \u00d6ktem, daha sonra Yal\u0131n\u2019\u0131n eni\u015ftesi Mesut To\u011fay\u2019\u0131 arayarak i-ti-har etti\u011fini s\u00f6yledi.\nC-NAYET\u0130 \u0130T-\u0130RAF ETT\u0130\nYakla\u015f\u0131k sekiz senedir imam nikahl\u0131 olduklar\u0131n\u0131 iddia eden \u00d6ktem, daireye saat 13.00 s\u0131ralar\u0131nda geldi\u011fini, Yal\u0131n ile alkol ald\u0131klar\u0131n\u0131 daha sonra tart\u0131\u015fmaya ba\u015flad\u0131klar\u0131n\u0131 ifade etti.\n\n\u00d6ktem, dairede tespit edilen ta-bancay\u0131 \u00e7\u0131kararak duvara ate\u015f etti\u011fini, daha sonra \u015farj\u00f6rdeki fi\u015fekleri \u00e7\u0131kard\u0131\u011f\u0131n\u0131 s\u00f6yledi. \u00d6ktem, bu s\u0131rada Selin Yal\u0131n\u2019\u0131n ta-bancay\u0131 alarak i-tihar etti\u011fini iddia etti. Polis merkezine g\u00f6t\u00fcr\u00fclen \u00d6ktem, evvelce hata sonucu Yal\u0131n\u2019a ate\u015f etti\u011fini s\u00f6ylerken, daha sonra ci-nayeti i\u015fledi\u011fini it-iraf etti.\n\nPOL\u0130S TUTANAKLARINI KABUL ETMED\u0130\nEmniyetteki i\u015flemlerinin sonras\u0131nda Kartal\u2019taki Anadolu Adliyesi\u2019nde sevk edilen \u00d6mer \u00d6ktem tutukland\u0131. \u00d6ktem\u2019in hakimlik ifadesi meydana \u00e7\u0131kt\u0131.\nPolis tutanaklar\u0131n\u0131 kabul etmedi\u011fi dile getiren \u00d6mer \u00d6ktem, \u201cKesinlikle Selin\u2019i kasten \u00f6ld\u00fcrmedim. Selin benim a\u015fa\u011f\u0131 yukar\u0131 8 senelik k\u0131z arkada\u015f\u0131md\u0131. Babas\u0131n\u0131n vefat\u0131ndan sonra psikolojik olarak etkilendi. Kendisinin \u00fczerinde devaml\u0131 annesinin bask\u0131s\u0131 olur. Psikolojik olarak dolar ve bir anda sinir pa-tlamas\u0131 ya\u015fam s\u00fcrd\u00fcren bir insand\u0131. Hakk\u0131m\u0131zdaki kavga ihbar\u0131 bu nedenledir. Biz kavga etmedik. Ben kendine zarar vermesini istemedi\u011fim amac\u0131yla s-lah\u0131n mer-milerini bo\u015falt\u0131yordum. Bu esnada s-la-ha do\u011fru at\u0131l\u0131m yapt\u0131. Ben kendine zarar vermesinden ve intihar etmesinden korktu\u011fum amac\u0131yla ondan evvelce davrand\u0131m. S-l-ah\u0131 almaya \u00e7al\u0131\u015f\u0131rken aniden silah patlad\u0131 ve Selin koltu\u011fa y\u0131\u011f\u0131ld\u0131. Bu esnada ben \u015foka girdim. Kendisine kalp masaj\u0131 yapt\u0131m. Daha sonra intihar etmeyi d\u00fc\u015f\u00fcnd\u00fcm. S-la-ha bir m-ermi koydum ve k-fama dayad\u0131m ancak \u00e7ocuklar\u0131m g\u00f6z\u00fcm\u00fcn \u00f6n\u00fcne gelince duvara do\u011fru ate\u015f ettim. Silah\u0131 Selin\u2019in eline tutu\u015fturmad\u0131m. Polis tutana\u011f\u0131n\u0131 kabul etmiyorum. Olaya i-tihar s\u00fcs\u00fc vermek istemedim\u201d \u015feklinde konu\u015ftu.\nPolis tutanaklar\u0131nda kanlar i\u00e7ersinde tespit edilen Selin Yal\u0131n\u2019\u0131n sol elinde silah bulundu\u011fu belirtilmi\u015fti.\n\nYALIN KUZEN\u0130N\u0130N CENAZES\u0130NE KATILMADI\nMaltepe Merkez Camii\u2019nde cuma namaz\u0131n\u0131n sonras\u0131nda estetisyen Selin Yal\u0131n\u2019\u0131n cenaze namaz\u0131 kal\u0131nd\u0131. Yal\u0131n\u2019\u0131n aile yak\u0131nlar\u0131, cenazede g\u00f6zya\u015f\u0131 d\u00f6kt\u00fc.\nSelin Yal\u0131n\u2019\u0131n, Ba\u015f\u0131b\u00fcy\u00fck Mezarl\u0131\u011f\u0131\u2019na defnedildi. Rezidansta \u00f6ld\u00fcr\u00fclen estetisyenin, \u00fcnl\u00fc \u015fark\u0131c\u0131 Yal\u0131n\u2019\u0131n kuzeni bulundu\u011fu meydana \u00e7\u0131kt\u0131. Yal\u0131n\u2019\u0131n, kuzeninin cenaze namaz\u0131na kat\u0131lmad\u0131\u011f\u0131 g\u00f6r\u00fcld\u00fc.\n\n\n\t\t\t\t<\/dd><\/dl>\n\t\t\t<br style='clear: both' \/>\n\t\t<\/div>\n\n","protected":false},"excerpt":{"rendered":"","protected":false},"author":1,"featured_media":1896,"comment_status":"open","ping_status":"open","sticky":false,"template":"","format":"standard","meta":{"footnotes":""},"categories":[9],"tags":[],"class_list":["post-1895","post","type-post","status-publish","format-standard","has-post-thumbnail","hentry","category-foto-galeri"],"_links":{"self":[{"href":"https:\/\/bilgitarif.com\/yeni\/wp-json\/wp\/v2\/posts\/1895","targetHints":{"allow":["GET"]}}],"collection":[{"href":"https:\/\/bilgitarif.com\/yeni\/wp-json\/wp\/v2\/posts"}],"about":[{"href":"https:\/\/bilgitarif.com\/yeni\/wp-json\/wp\/v2\/types\/post"}],"author":[{"embeddable":true,"href":"https:\/\/bilgitarif.com\/yeni\/wp-json\/wp\/v2\/users\/1"}],"replies":[{"embeddable":true,"href":"https:\/\/bilgitarif.com\/yeni\/wp-json\/wp\/v2\/comments?post=1895"}],"version-history":[{"count":1,"href":"https:\/\/bilgitarif.com\/yeni\/wp-json\/wp\/v2\/posts\/1895\/revisions"}],"predecessor-version":[{"id":1898,"href":"https:\/\/bilgitarif.com\/yeni\/wp-json\/wp\/v2\/posts\/1895\/revisions\/1898"}],"wp:featuredmedia":[{"embeddable":true,"href":"https:\/\/bilgitarif.com\/yeni\/wp-json\/wp\/v2\/media\/1896"}],"wp:attachment":[{"href":"https:\/\/bilgitarif.com\/yeni\/wp-json\/wp\/v2\/media?parent=1895"}],"wp:term":[{"taxonomy":"category","embeddable":true,"href":"https:\/\/bilgitarif.com\/yeni\/wp-json\/wp\/v2\/categories?post=1895"},{"taxonomy":"post_tag","embeddable":true,"href":"https:\/\/bilgitarif.com\/yeni\/wp-json\/wp\/v2\/tags?post=1895"}],"curies":[{"name":"wp","href":"https:\/\/api.w.org\/{rel}","templated":true}]}}