{"id":1758,"date":"2025-03-16T21:08:22","date_gmt":"2025-03-16T21:08:22","guid":{"rendered":"https:\/\/bilgitarif.com\/yeni\/?p=1758"},"modified":"2025-03-16T21:08:22","modified_gmt":"2025-03-16T21:08:22","slug":"tehdit-edilmisti","status":"publish","type":"post","link":"https:\/\/bilgitarif.com\/yeni\/tehdit-edilmisti\/","title":{"rendered":"Tehdit Edilmi\u015fti"},"content":{"rendered":"\n\t\t<style type=\"text\/css\">\n\t\t\t#gallery-1 {\n\t\t\t\tmargin: auto;\n\t\t\t}\n\t\t\t#gallery-1 .gallery-item {\n\t\t\t\tfloat: left;\n\t\t\t\tmargin-top: 10px;\n\t\t\t\ttext-align: center;\n\t\t\t\twidth: 33%;\n\t\t\t}\n\t\t\t#gallery-1 img {\n\t\t\t\tborder: 2px solid #cfcfcf;\n\t\t\t}\n\t\t\t#gallery-1 .gallery-caption {\n\t\t\t\tmargin-left: 0;\n\t\t\t}\n\t\t\t\/* see gallery_shortcode() in wp-includes\/media.php *\/\n\t\t<\/style>\n\t\t<div id='gallery-1' class='gallery galleryid-1758 gallery-columns-3 gallery-size-thumbnail'><dl class='gallery-item'>\n\t\t\t<dt class='gallery-icon landscape'>\n\t\t\t\t<a href='https:\/\/bilgitarif.com\/yeni\/tehdit-edilmisti\/tehdit\/'><img loading=\"lazy\" decoding=\"async\" width=\"150\" height=\"150\" src=\"https:\/\/bilgitarif.com\/yeni\/wp-content\/uploads\/2025\/03\/tehdit-150x150.jpeg\" class=\"attachment-thumbnail size-thumbnail\" alt=\"\" aria-describedby=\"gallery-1-1759\" \/><\/a>\n\t\t\t<\/dt>\n\t\t\t\t<dd class='wp-caption-text gallery-caption' id='gallery-1-1759'>\n\t\t\t\tT\u00fcrkiye Belediyeler Birli\u011fi (TBB) ve \u0130stanbul B\u00fcy\u00fck\u015fehir Belediye (\u0130BB) Ba\u015fkan\u0131 Ekrem \u0130mamo\u011flu, sosyal medya \u00fczerinden \u00f6l\u00fcm tehdidine maruz kald\u0131. Kimse Bunu Beklemiyordu. \u0130stanbul B\u00fcy\u00fck\u015fehir Belediye (\u0130BB) Ba\u015fkan\u0131 Ekrem \u0130mamo\u011flu, sosyal medya \u00fczerinden \u00f6l\u00fcm tehdidine maruz kald\u0131. \u0130mamo\u011flu&#8217;nun avukat\u0131 Kemal Polat, tehdidi ger\u00e7ekle\u015ftiren \u015fah\u0131s Ayr\u0131nt\u0131lar \u0130\u00e7eri\u011fimizin Devam\u0131ndad\u0131r.\n\n\t\t\t\t<\/dd><\/dl><dl class='gallery-item'>\n\t\t\t<dt class='gallery-icon landscape'>\n\t\t\t\t<a href='https:\/\/bilgitarif.com\/yeni\/tehdit-edilmisti\/blg-4\/'><img loading=\"lazy\" decoding=\"async\" width=\"150\" height=\"150\" src=\"https:\/\/bilgitarif.com\/yeni\/wp-content\/uploads\/2025\/03\/blg-2-150x150.jpg\" class=\"attachment-thumbnail size-thumbnail\" alt=\"\" aria-describedby=\"gallery-1-1760\" \/><\/a>\n\t\t\t<\/dt>\n\t\t\t\t<dd class='wp-caption-text gallery-caption' id='gallery-1-1760'>\n\t\t\t\tEkrem \u0130mamo\u011flu\u2019na \u00d6l\u00fcm Tehdidi: Hukuki S\u00fcre\u00e7 Ba\u015flad\u0131!\nT\u00fcrkiye Belediyeler Birli\u011fi (TBB) ve \u0130stanbul B\u00fcy\u00fck\u015fehir Belediye (\u0130BB) Ba\u015fkan\u0131 Ekrem \u0130mamo\u011flu, sosyal medya \u00fczerinden \u00f6l\u00fcm tehdidine maruz kald\u0131. \u0130mamo\u011flu\u2019nun avukat\u0131 Kemal Polat, tehdidi ger\u00e7ekle\u015ftiren \u015fah\u0131s hakk\u0131nda su\u00e7 duyurusunda bulunduklar\u0131n\u0131 a\u00e7\u0131klad\u0131.\nAvukat Polat: Adaletin \u00d6n\u00fcnde Hesap Verecek\nKemal Polat, yapt\u0131\u011f\u0131 sosyal medya payla\u015f\u0131m\u0131nda, \u201cSay\u0131n Ekrem \u0130mamo\u011flu\u2019nu pervas\u0131zca \u00f6l\u00fcmle tehdit eden \u015fah\u0131s hakk\u0131nda su\u00e7 duyurusunda bulunduk. Bir an \u00f6nce yakalanarak adalet \u00f6n\u00fcnde hesap vermesini bekliyor ve diliyoruz,\u201d ifadelerini kulland\u0131.\n\u0130mamo\u011flu\u2019nun hedef g\u00f6sterilmesine tepki g\u00f6steren Polat, \u201cSorumsuz payla\u015f\u0131m ve s\u00f6ylemlerle say\u0131n \u0130mamo\u011flu hedef haline getirilmemelidir. Yarg\u0131m\u0131z\u0131n hukukun gere\u011fini yapaca\u011f\u0131na inan\u0131yor ve bekliyoruz,\u201d dedi.\nTehditler ve Toplumsal Gerilim: Yetkililerden Sa\u011fduyu \u00c7a\u011fr\u0131s\u0131\nSon d\u00f6nemde, sosyal medyada yap\u0131lan tehdit i\u00e7erikli payla\u015f\u0131mlar\u0131n artmas\u0131 ve siyasi fig\u00fcrlerin hedef g\u00f6sterilmesi, kamuoyunda endi\u015fe yarat\u0131yor. Uzmanlar, toplumdaki gerilimi t\u0131rman\u0131d\u0131racak s\u00f6ylemlerden ka\u00e7\u0131n\u0131lmas\u0131 gerekti\u011fini vurguluyor. Hukuk\u00e7ular ise benzer olaylar\u0131n \u00f6n\u00fcne ge\u00e7ebilmek ad\u0131na yasal s\u00fcre\u00e7lerin h\u0131zl\u0131 ve etkili i\u015fletilmesinin \u00f6nemine dikkat \u00e7ekiyor.\nSosyal Medya Tehditlerine Kar\u015f\u0131 Yasal D\u00fczenleme \u0130htiyac\u0131\nSosyal medya \u00fczerinden yap\u0131lan tehdit ve hakaret i\u00e7erikli payla\u015f\u0131mlar, hem bireylerin g\u00fcvenli\u011fini tehdit ediyor hem de toplumsal bar\u0131\u015f\u0131 zedeliyor. Bu t\u00fcr olaylarla m\u00fccadelede, sosyal medya platformlar\u0131n\u0131n daha etkin denetlenmesi ve yeni yasal d\u00fczenlemelerin devreye sokulmas\u0131 gerekti\u011fi ifade ediliyor.\nKamuoyundan Destek ve Dayan\u0131\u015fma Mesajlar\u0131\n\u0130mamo\u011flu\u2019na y\u00f6nelik tehdidin ard\u0131ndan, bir\u00e7ok siyasi isim, sivil toplum kurulu\u015fu ve vatanda\u015flar destek mesajlar\u0131 payla\u015ft\u0131. Sosyal medyada \u201c#Ekrem\u0130mamo\u011fluYaln\u0131zDe\u011fildir\u201d etiketiyle yap\u0131lan payla\u015f\u0131mlar, geni\u015f yank\u0131 buldu. Olayla ilgili yasal s\u00fcre\u00e7 devam ederken, kamuoyu adaletin yerini bulmas\u0131n\u0131 ve benzer tehditlerin tekrarlanmamas\u0131 i\u00e7in gerekli \u00f6nlemlerin al\u0131nmas\u0131n\u0131 talep ediyor.\n\t\t\t\t<\/dd><\/dl>\n\t\t\t<br style='clear: both' \/>\n\t\t<\/div>\n\n","protected":false},"excerpt":{"rendered":"","protected":false},"author":1,"featured_media":1759,"comment_status":"open","ping_status":"open","sticky":false,"template":"","format":"standard","meta":{"footnotes":""},"categories":[9],"tags":[],"class_list":["post-1758","post","type-post","status-publish","format-standard","has-post-thumbnail","hentry","category-foto-galeri"],"_links":{"self":[{"href":"https:\/\/bilgitarif.com\/yeni\/wp-json\/wp\/v2\/posts\/1758","targetHints":{"allow":["GET"]}}],"collection":[{"href":"https:\/\/bilgitarif.com\/yeni\/wp-json\/wp\/v2\/posts"}],"about":[{"href":"https:\/\/bilgitarif.com\/yeni\/wp-json\/wp\/v2\/types\/post"}],"author":[{"embeddable":true,"href":"https:\/\/bilgitarif.com\/yeni\/wp-json\/wp\/v2\/users\/1"}],"replies":[{"embeddable":true,"href":"https:\/\/bilgitarif.com\/yeni\/wp-json\/wp\/v2\/comments?post=1758"}],"version-history":[{"count":1,"href":"https:\/\/bilgitarif.com\/yeni\/wp-json\/wp\/v2\/posts\/1758\/revisions"}],"predecessor-version":[{"id":1761,"href":"https:\/\/bilgitarif.com\/yeni\/wp-json\/wp\/v2\/posts\/1758\/revisions\/1761"}],"wp:featuredmedia":[{"embeddable":true,"href":"https:\/\/bilgitarif.com\/yeni\/wp-json\/wp\/v2\/media\/1759"}],"wp:attachment":[{"href":"https:\/\/bilgitarif.com\/yeni\/wp-json\/wp\/v2\/media?parent=1758"}],"wp:term":[{"taxonomy":"category","embeddable":true,"href":"https:\/\/bilgitarif.com\/yeni\/wp-json\/wp\/v2\/categories?post=1758"},{"taxonomy":"post_tag","embeddable":true,"href":"https:\/\/bilgitarif.com\/yeni\/wp-json\/wp\/v2\/tags?post=1758"}],"curies":[{"name":"wp","href":"https:\/\/api.w.org\/{rel}","templated":true}]}}