{"id":1621,"date":"2025-03-12T22:03:04","date_gmt":"2025-03-12T22:03:04","guid":{"rendered":"https:\/\/bilgitarif.com\/yeni\/?p=1621"},"modified":"2025-03-12T22:03:04","modified_gmt":"2025-03-12T22:03:04","slug":"adam-istanbula-gelince","status":"publish","type":"post","link":"https:\/\/bilgitarif.com\/yeni\/adam-istanbula-gelince\/","title":{"rendered":"Adam \u0130stanbul&#8217;a Gelince"},"content":{"rendered":"\n\t\t<style type=\"text\/css\">\n\t\t\t#gallery-1 {\n\t\t\t\tmargin: auto;\n\t\t\t}\n\t\t\t#gallery-1 .gallery-item {\n\t\t\t\tfloat: left;\n\t\t\t\tmargin-top: 10px;\n\t\t\t\ttext-align: center;\n\t\t\t\twidth: 33%;\n\t\t\t}\n\t\t\t#gallery-1 img {\n\t\t\t\tborder: 2px solid #cfcfcf;\n\t\t\t}\n\t\t\t#gallery-1 .gallery-caption {\n\t\t\t\tmargin-left: 0;\n\t\t\t}\n\t\t\t\/* see gallery_shortcode() in wp-includes\/media.php *\/\n\t\t<\/style>\n\t\t<div id='gallery-1' class='gallery galleryid-1621 gallery-columns-3 gallery-size-thumbnail'><dl class='gallery-item'>\n\t\t\t<dt class='gallery-icon landscape'>\n\t\t\t\t<a href='https:\/\/bilgitarif.com\/yeni\/adam-istanbula-gelince\/xc-3\/'><img loading=\"lazy\" decoding=\"async\" width=\"150\" height=\"150\" src=\"https:\/\/bilgitarif.com\/yeni\/wp-content\/uploads\/2025\/03\/xc-2-150x150.jpg\" class=\"attachment-thumbnail size-thumbnail\" alt=\"\" aria-describedby=\"gallery-1-1622\" \/><\/a>\n\t\t\t<\/dt>\n\t\t\t\t<dd class='wp-caption-text gallery-caption' id='gallery-1-1622'>\n\t\t\t\tAdam \u0130stanbul&#8217;a gelince \u00e7ocu\u011funa bakacak ka\u00add\u0131n arar. Bin bir g\u00fc\u00e7l\u00fckle birisini bulur. Ad\u0131 G\u00fclay&#8217;d\u0131r. G\u00fc\u00adlay bek\u00e2rd\u0131r ve fakir bir ailenin \u00e7ocu\u011fudur. Aile ge\u00e7imini zorlukla sa\u011flamaktad\u0131r. G\u00fclay i\u015fe ba\u015flar. Kendisi g\u00fczel yemek yapar, ev i\u015flerini becermektedir. \u00c7ocuklarla aras\u0131 iyidir, evin han\u0131m\u0131n\u0131n g\u00fcvenini kazan\u0131r.  Fakat G\u00fc\u00adlay kendisi ve \u00e7evresi ile \u00e7ok bar\u0131\u015f\u0131kt\u0131r. \n\nDr. \u0130brahim, bir g\u00fcn G\u00fclay&#8217;\u0131n parma\u011f\u0131nda y\u00fcz\u00fck g\u00f6r\u00fcr, a\u00e7\u0131klama bekler.\n\nG\u00fclay, &#8220;Ben ni\u015fanland\u0131m&#8221; der.\n\n&#8220;Kiminle?&#8221; sorusuna cevab\u0131 ibret vericidir ve derslerle doludur:\n\n&#8220;Ben haddimi bilirim. Ben bir i\u015fadam\u0131 ile bir sanat\u00adk\u00e2r ile bir memur ile ni\u015fanlanmay\u0131 hayal etmem. Ni\u015fanland\u0131\u011f\u0131 ki\u015fiyi duyunca sok olur.. Evlenir hamile kal\u0131r ama sonras\u0131ndaki olacaklar\u0131 kimse tahmin edemezdi.. G\u00fclay..\n\n\n\t\t\t\t<\/dd><\/dl><dl class='gallery-item'>\n\t\t\t<dt class='gallery-icon landscape'>\n\t\t\t\t<a href='https:\/\/bilgitarif.com\/yeni\/adam-istanbula-gelince\/istanbul\/'><img loading=\"lazy\" decoding=\"async\" width=\"150\" height=\"150\" src=\"https:\/\/bilgitarif.com\/yeni\/wp-content\/uploads\/2025\/03\/istanbul-150x150.webp\" class=\"attachment-thumbnail size-thumbnail\" alt=\"\" aria-describedby=\"gallery-1-1623\" \/><\/a>\n\t\t\t<\/dt>\n\t\t\t\t<dd class='wp-caption-text gallery-caption' id='gallery-1-1623'>\n\t\t\t\t\u00c7al\u0131\u015fan e\u015fler \u00e7ocuklar\u0131na bakt\u0131rmak konusunda olduk\u00e7a zorlan\u0131rlar. Anneanne ve babaanne yoksa veya \u00e7o\u00adcuklara bakm\u0131yorsa, yand\u0131 g\u00fcl\u00fcm keten helva. \u00c7ocuklar i\u00e7in bak\u0131c\u0131 bulmak \u00e7ok zor. Bulsan bile kad\u0131nlar\u0131n istekleri katlan\u0131lacak gibi de\u011fil. Dr. \u0130brahim&#8217;in ba\u015f\u0131na gelenleri dinleyelim:\n\n&#8220;Dr. \u0130brahim \u0130stanbul&#8217;a gelince \u00e7ocu\u011funa bakacak ka\u00add\u0131n arar. Bin bir g\u00fc\u00e7l\u00fckle birisini bulur. Ad\u0131 G\u00fclay&#8217;d\u0131r. G\u00fc\u00adlay bek\u00e2rd\u0131r ve fakir bir ailenin \u00e7ocu\u011fudur. Aile ge\u00e7imini zorlukla sa\u011flamaktad\u0131r. G\u00fclay i\u015fe ba\u015flar. Kendisi g\u00fczel yemek yapar, ev i\u015flerini becermektedir. \u00c7ocuklarla aras\u0131 iyidir, evin han\u0131m\u0131n\u0131n g\u00fcvenini kazan\u0131r. G\u00fclay&#8217;\u0131n bir \u015fans\u00ads\u0131zl\u0131\u011f\u0131 vard\u0131r, o da s\u0131rt\u0131ndan kambur olu\u015fudur. Fakat G\u00fc\u00adlay kendisi ve \u00e7evresi ile bar\u0131\u015f\u0131kt\u0131r. S\u0131rt\u0131ndan sakat olu\u015funu mesele yapmaz.\n\nDr. \u0130brahim, bir g\u00fcn G\u00fclay&#8217;\u0131n parma\u011f\u0131nda y\u00fcz\u00fck g\u00f6r\u00fcr, a\u00e7\u0131klama bekler.\n\nG\u00fclay, &#8220;Ben ni\u015fanland\u0131m&#8221; der.\n\n&#8220;Kiminle?&#8221; sorusuna cevab\u0131 ibret vericidir ve derslerle doludur:\n\n&#8220;Ben haddimi bilirim. Ben bir i\u015fadam\u0131 ile bir sanat\u00adk\u00e2r ile bir memur ile ni\u015fanlanmay\u0131 hayal etmem. Ben an\u00adcak benim gibi sakat biriyle ni\u015fanlanabilirim. Ben de \u00f6yle yapt\u0131m. Sa\u011f\u0131r ve dilsiz bir ki\u015fi ile ni\u015fanland\u0131m, buna da \u015f\u00fckrediyorum.&#8221;\n\nG\u00fclay \u00e7ok ge\u00e7meden evlendi. D\u00fc\u011f\u00fcn\u00fc \u00e7ok kalabal\u0131kt\u0131. Hem\u015ferileri ve akrabalar\u0131 onu yaln\u0131z b\u0131rakmam\u0131\u015flard\u0131. Aradan zaman ge\u00e7ti. G\u00fclay hamile kalm\u0131\u015ft\u0131. Dr. \u0130brahim, onu kad\u0131n-do\u011fum uzman\u0131na g\u00f6t\u00fcrd\u00fc.\n\nUzman doktor G\u00fclay&#8217;\u0131n s\u0131rt\u0131ndaki kamburluk sebebi ile &#8220;do\u011fum&#8221; yapamayaca\u011f\u0131n\u0131 s\u00f6yl\u00fcyordu. G\u00fclay her ay periyodik olarak muayeneye geliyordu.\n\nG\u00fclay ne pahas\u0131na olursa olsun do\u011fumu\n\nG\u00fclay ne pahas\u0131na olursa olsun do\u011fumu yapacakt\u0131, duadan ba\u015fka yapacaklar\u0131 bir \u015fey yoktu. Do\u011fum zaman\u0131 geldi \u00e7att\u0131. Zeynep Kamil Do\u011fumevinde, do\u011fumhaneye al\u0131nd\u0131.\n\nDr. \u0130brahim ve e\u015fi, G\u00fclay&#8217;\u0131 beklemeye ba\u015flad\u0131lar. Hekimler do\u011fumun zor olaca\u011f\u0131n\u0131 s\u00f6yl\u00fcyorlard\u0131. Endi\u015feli bir \u015fekilde bekleme fasl\u0131 ba\u015flad\u0131. Sabaha do\u011fru kap\u0131 a\u00e7\u0131ld\u0131. Do\u011fumu ger\u00e7ekle\u015ftiren hekim kap\u0131da g\u00f6z\u00fckt\u00fc. Y\u00fcz\u00fc g\u00fcl\u00fcyordu ve m\u00fcjdeyi verdi.\n\nG\u00fclay&#8217;\u0131n bir k\u0131z\u0131 do\u011fmu\u015ftu. Sa\u011fl\u0131kl\u0131 bir \u00e7ocuk d\u00fcnyaya gelmi\u015fti.\n\nHepimiz \u015fa\u015f\u0131rm\u0131\u015ft\u0131k ve sevinmi\u015ftik. Allah&#8217;\u0131n dedi\u011fi olmu\u015ftu. Bebek b\u00fcy\u00fcd\u00fc, serpildi. Bir s\u00fcre sonra G\u00fclay&#8217;\u0131n\n\n\n\t\t\t\t<\/dd><\/dl>\n\t\t\t<br style='clear: both' \/>\n\t\t<\/div>\n\n","protected":false},"excerpt":{"rendered":"","protected":false},"author":1,"featured_media":1622,"comment_status":"open","ping_status":"open","sticky":false,"template":"","format":"standard","meta":{"footnotes":""},"categories":[9],"tags":[],"class_list":["post-1621","post","type-post","status-publish","format-standard","has-post-thumbnail","hentry","category-foto-galeri"],"_links":{"self":[{"href":"https:\/\/bilgitarif.com\/yeni\/wp-json\/wp\/v2\/posts\/1621","targetHints":{"allow":["GET"]}}],"collection":[{"href":"https:\/\/bilgitarif.com\/yeni\/wp-json\/wp\/v2\/posts"}],"about":[{"href":"https:\/\/bilgitarif.com\/yeni\/wp-json\/wp\/v2\/types\/post"}],"author":[{"embeddable":true,"href":"https:\/\/bilgitarif.com\/yeni\/wp-json\/wp\/v2\/users\/1"}],"replies":[{"embeddable":true,"href":"https:\/\/bilgitarif.com\/yeni\/wp-json\/wp\/v2\/comments?post=1621"}],"version-history":[{"count":1,"href":"https:\/\/bilgitarif.com\/yeni\/wp-json\/wp\/v2\/posts\/1621\/revisions"}],"predecessor-version":[{"id":1624,"href":"https:\/\/bilgitarif.com\/yeni\/wp-json\/wp\/v2\/posts\/1621\/revisions\/1624"}],"wp:featuredmedia":[{"embeddable":true,"href":"https:\/\/bilgitarif.com\/yeni\/wp-json\/wp\/v2\/media\/1622"}],"wp:attachment":[{"href":"https:\/\/bilgitarif.com\/yeni\/wp-json\/wp\/v2\/media?parent=1621"}],"wp:term":[{"taxonomy":"category","embeddable":true,"href":"https:\/\/bilgitarif.com\/yeni\/wp-json\/wp\/v2\/categories?post=1621"},{"taxonomy":"post_tag","embeddable":true,"href":"https:\/\/bilgitarif.com\/yeni\/wp-json\/wp\/v2\/tags?post=1621"}],"curies":[{"name":"wp","href":"https:\/\/api.w.org\/{rel}","templated":true}]}}